{"id":351134,"date":"2021-06-24T16:17:53","date_gmt":"2021-06-24T13:17:53","guid":{"rendered":"http:\/\/arantv.az\/?p=351134"},"modified":"2021-06-24T16:17:53","modified_gmt":"2021-06-24T13:17:53","slug":"arif-quliyevin-m%c9%99zardasi-niy%c9%99-hazirlanmir-nazirlikd%c9%99n-aciqlama","status":"publish","type":"post","link":"https:\/\/arantv.az\/?p=351134","title":{"rendered":"Arif Quliyevin m\u0259zarda\u015f\u0131 niy\u0259 haz\u0131rlanm\u0131r? &#8211; Nazirlikd\u0259n A\u00c7IQLAMA"},"content":{"rendered":"<p>M\u0259rhum Xalq artisti Arif Quliyevin m\u0259zarda\u015f\u0131n\u0131n haz\u0131rlanmas\u0131 \u00fc\u00e7\u00fcn maddi imkan\u0131 olmayan ail\u0259si M\u0259d\u0259niyy\u0259t Nazirliyind\u0259n d\u0259st\u0259k g\u00f6zl\u0259s\u0259 d\u0259, bu, m\u00fcmk\u00fcn olmayacaq.<\/p>\n<p>Nazirlikd\u0259n Yenicag.az-\u0131n sor\u011fusuna cavab olaraq bildirilib ki, M\u0259d\u0259niyy\u0259t Nazirliyinin b\u00fcdc\u0259sind\u0259 bu istiqam\u0259td\u0259 v\u0259sait n\u0259z\u0259rd\u0259 tutulmay\u0131b.<\/p>\n<div id=\"AdviadNativeVideo0\" class=\"AdviadNativeVideo\"><\/div>\n<p>Qeyd ed\u0259k ki, m\u0259tbuatda aktyorun ail\u0259sinin maddi imkans\u0131zl\u0131\u011fa g\u00f6r\u0259 Arif Quliyevin m\u0259zarda\u015f\u0131n\u0131 haz\u0131rlaya bilm\u0259dikl\u0259ri v\u0259 bunun \u00fc\u00e7\u00fcn\u00a0M\u0259d\u0259niyy\u0259t Nazirliyind\u0259n d\u0259st\u0259k g\u00f6zl\u0259dikl\u0259ri il\u0259 ba\u011fl\u0131 x\u0259b\u0259rl\u0259r yay\u0131lsa da, daha sonra o\u011flu R\u00f6v\u015f\u0259n Quliyev a\u00e7\u0131qlama ver\u0259r\u0259k yay\u0131lan x\u0259b\u0259rl\u0259ri t\u0259kzib etmi\u015fdi.<\/p>\n<p>Xat\u0131rladaq ki, Xalq artisti Arif Quliyev Qarada\u011f rayonu \u201cQurd qap\u0131s\u0131\u201d q\u0259biristanl\u0131\u011f\u0131nda d\u0259fn olunub. \u00d6l\u00fcm\u00fcnd\u0259n 40 g\u00fcn ke\u00e7m\u0259sin\u0259 baxmayaraq, aktyorun m\u0259zarda\u015f\u0131\u00a0h\u0259l\u0259 d\u0259 haz\u0131rlanmay\u0131b.<\/p>\n","protected":false},"excerpt":{"rendered":"<p>M\u0259rhum Xalq artisti Arif Quliyevin m\u0259zarda\u015f\u0131n\u0131n haz\u0131rlanmas\u0131 \u00fc\u00e7\u00fcn maddi imkan\u0131 olmayan ail\u0259si M\u0259d\u0259niyy\u0259t Nazirliyind\u0259n d\u0259st\u0259k g\u00f6zl\u0259s\u0259 d\u0259, bu, m\u00fcmk\u00fcn olmayacaq. Nazirlikd\u0259n Yenicag.az-\u0131n sor\u011fusuna cavab olaraq bildirilib ki, M\u0259d\u0259niyy\u0259t Nazirliyinin b\u00fcdc\u0259sind\u0259 bu istiqam\u0259td\u0259 v\u0259sait n\u0259z\u0259rd\u0259 tutulmay\u0131b. Qeyd ed\u0259k ki, m\u0259tbuatda aktyorun ail\u0259sinin maddi imkans\u0131zl\u0131\u011fa g\u00f6r\u0259 Arif Quliyevin m\u0259zarda\u015f\u0131n\u0131 haz\u0131rlaya bilm\u0259dikl\u0259ri v\u0259 bunun \u00fc\u00e7\u00fcn\u00a0M\u0259d\u0259niyy\u0259t Nazirliyind\u0259n d\u0259st\u0259k g\u00f6zl\u0259dikl\u0259ri il\u0259 ba\u011fl\u0131 x\u0259b\u0259rl\u0259r yay\u0131lsa da, daha sonra o\u011flu R\u00f6v\u015f\u0259n Quliyev a\u00e7\u0131qlama ver\u0259r\u0259k yay\u0131lan x\u0259b\u0259rl\u0259ri t\u0259kzib etmi\u015fdi. Xat\u0131rladaq ki, Xalq artisti Arif Quliyev Qarada\u011f rayonu \u201cQurd qap\u0131s\u0131\u201d q\u0259biristanl\u0131\u011f\u0131nda d\u0259fn olunub. \u00d6l\u00fcm\u00fcnd\u0259n 40 g\u00fcn ke\u00e7m\u0259sin\u0259 baxmayaraq, aktyorun&hellip;<\/p>\n","protected":false},"author":2,"featured_media":351135,"comment_status":"closed","ping_status":"closed","sticky":false,"template":"","format":"standard","meta":{"om_disable_all_campaigns":false,"_monsterinsights_skip_tracking":false,"_monsterinsights_sitenote_active":false,"_monsterinsights_sitenote_note":"","_monsterinsights_sitenote_category":0},"categories":[26],"tags":[],"aioseo_notices":[],"gutentor_comment":0,"rttpg_featured_image_url":{"full":["https:\/\/arantv.az\/wp-content\/uploads\/2021\/06\/957881.jpg",600,450,false],"landscape":["https:\/\/arantv.az\/wp-content\/uploads\/2021\/06\/957881.jpg",600,450,false],"portraits":["https:\/\/arantv.az\/wp-content\/uploads\/2021\/06\/957881.jpg",600,450,false],"thumbnail":["https:\/\/arantv.az\/wp-content\/uploads\/2021\/06\/957881-500x280.jpg",500,280,true],"medium":["https:\/\/arantv.az\/wp-content\/uploads\/2021\/06\/957881-487x365.jpg",487,365,true],"large":["https:\/\/arantv.az\/wp-content\/uploads\/2021\/06\/957881.jpg",600,450,false],"1536x1536":["https:\/\/arantv.az\/wp-content\/uploads\/2021\/06\/957881.jpg",600,450,false],"2048x2048":["https:\/\/arantv.az\/wp-content\/uploads\/2021\/06\/957881.jpg",600,450,false],"post-thumbnail":["https:\/\/arantv.az\/wp-content\/uploads\/2021\/06\/957881-240x172.jpg",240,172,true],"advps-thumb-one":["https:\/\/arantv.az\/wp-content\/uploads\/2021\/06\/957881.jpg",600,450,false]},"rttpg_author":{"display_name":"V\u00fcsal Rafiqo\u011flu","author_link":"https:\/\/arantv.az\/?author=2"},"rttpg_comment":0,"rttpg_category":"<a href=\"https:\/\/arantv.az\/?cat=26\" rel=\"category\">Sosial<\/a>","rttpg_excerpt":"M\u0259rhum Xalq artisti Arif Quliyevin m\u0259zarda\u015f\u0131n\u0131n haz\u0131rlanmas\u0131 \u00fc\u00e7\u00fcn maddi imkan\u0131 olmayan ail\u0259si M\u0259d\u0259niyy\u0259t Nazirliyind\u0259n d\u0259st\u0259k g\u00f6zl\u0259s\u0259 d\u0259, bu, m\u00fcmk\u00fcn olmayacaq. Nazirlikd\u0259n Yenicag.az-\u0131n sor\u011fusuna cavab olaraq bildirilib ki, M\u0259d\u0259niyy\u0259t Nazirliyinin b\u00fcdc\u0259sind\u0259 bu istiqam\u0259td\u0259 v\u0259sait n\u0259z\u0259rd\u0259 tutulmay\u0131b. Qeyd ed\u0259k ki, m\u0259tbuatda aktyorun ail\u0259sinin maddi imkans\u0131zl\u0131\u011fa g\u00f6r\u0259 Arif Quliyevin m\u0259zarda\u015f\u0131n\u0131 haz\u0131rlaya bilm\u0259dikl\u0259ri v\u0259 bunun \u00fc\u00e7\u00fcn\u00a0M\u0259d\u0259niyy\u0259t Nazirliyind\u0259n d\u0259st\u0259k g\u00f6zl\u0259dikl\u0259ri&hellip;","_links":{"self":[{"href":"https:\/\/arantv.az\/index.php?rest_route=\/wp\/v2\/posts\/351134"}],"collection":[{"href":"https:\/\/arantv.az\/index.php?rest_route=\/wp\/v2\/posts"}],"about":[{"href":"https:\/\/arantv.az\/index.php?rest_route=\/wp\/v2\/types\/post"}],"author":[{"embeddable":true,"href":"https:\/\/arantv.az\/index.php?rest_route=\/wp\/v2\/users\/2"}],"replies":[{"embeddable":true,"href":"https:\/\/arantv.az\/index.php?rest_route=%2Fwp%2Fv2%2Fcomments&post=351134"}],"version-history":[{"count":0,"href":"https:\/\/arantv.az\/index.php?rest_route=\/wp\/v2\/posts\/351134\/revisions"}],"wp:featuredmedia":[{"embeddable":true,"href":"https:\/\/arantv.az\/index.php?rest_route=\/wp\/v2\/media\/351135"}],"wp:attachment":[{"href":"https:\/\/arantv.az\/index.php?rest_route=%2Fwp%2Fv2%2Fmedia&parent=351134"}],"wp:term":[{"taxonomy":"category","embeddable":true,"href":"https:\/\/arantv.az\/index.php?rest_route=%2Fwp%2Fv2%2Fcategories&post=351134"},{"taxonomy":"post_tag","embeddable":true,"href":"https:\/\/arantv.az\/index.php?rest_route=%2Fwp%2Fv2%2Ftags&post=351134"}],"curies":[{"name":"wp","href":"https:\/\/api.w.org\/{rel}","templated":true}]}}