{"id":351141,"date":"2021-06-24T16:21:27","date_gmt":"2021-06-24T13:21:27","guid":{"rendered":"http:\/\/arantv.az\/?p=351141"},"modified":"2021-06-24T16:21:27","modified_gmt":"2021-06-24T13:21:27","slug":"pasinyani-canli-efird%c9%99-t%c9%99hqir-ed%c9%99n-h%c9%99rbci-tutuldu","status":"publish","type":"post","link":"https:\/\/arantv.az\/?p=351141","title":{"rendered":"Pa\u015finyan\u0131 canl\u0131 efird\u0259 t\u0259hqir ed\u0259n h\u0259rb\u00e7i tutuldu"},"content":{"rendered":"<p>2-ci Qaraba\u011f M\u00fcharib\u0259sind\u0259 Az\u0259rbaycana qar\u015f\u0131 d\u00f6y\u00fc\u015f\u0259n Artur Ayvazyan (&#8220;Rahib&#8221; l\u0259q\u0259bi il\u0259 tan\u0131n\u0131r) h\u0259bs olunub.<\/p>\n<p><strong>ARANTV.AZ\u00a0<\/strong> &#8220;bizim.media&#8221;ya istinad\u0259n x\u0259b\u0259r verir ki,bu haqda m\u0259lumat\u0131 Erm\u0259nistan \u0130stintaq Komit\u0259sinin m\u0259tbuat xidm\u0259ti yay\u0131b.<\/p>\n<p>O, xuliqanl\u0131q madd\u0259si il\u0259 ittiham olunub. \u0130\u015fin materiallar\u0131na g\u00f6r\u0259, Ayvazyan canl\u0131 efird\u0259 \u00f6lk\u0259nin h\u0259rbi-siyasi r\u0259hb\u0259rliyini, ba\u015f naziri, se\u00e7kil\u0259r zaman\u0131 iqtidardak\u0131 partiyaya s\u0259s ver\u0259n v\u0259t\u0259nda\u015flar\u0131 t\u0259hqir edib. H\u0259m\u00e7inin ciddi t\u0259dbir g\u00f6rm\u0259kl\u0259 bu \u015f\u0259xsl\u0259ri h\u0259d\u0259l\u0259yib.<\/p>\n<p>Qeyd ed\u0259k ki, may ay\u0131n\u0131n \u0259vv\u0259lind\u0259 Ayvazyan dostlar\u0131 il\u0259 birlikd\u0259 Tex k\u0259ndi yax\u0131nl\u0131\u011f\u0131ndak\u0131 yolu ba\u011flay\u0131b v\u0259 Z\u0259ng\u0259zur mahal\u0131n\u0131n (S\u00fcnik vilay\u0259ti) s\u0259rh\u0259dl\u0259rini qorumaq \u00fc\u00e7\u00fcn silahland\u0131rmalar\u0131n\u0131 t\u0259l\u0259b edib.<\/p>\n<p>H\u0259min vaxt polis 8 n\u0259f\u0259rin h\u00fccumuna m\u0259ruz qal\u0131b, onlar\u0131n aras\u0131nda Ayvazyan da olub. Lakin m\u0259hk\u0259m\u0259 m\u00fcst\u0259ntiqin onun haqda h\u0259bs t\u0259l\u0259bini t\u0259min etm\u0259yib.<\/p>\n","protected":false},"excerpt":{"rendered":"<p>2-ci Qaraba\u011f M\u00fcharib\u0259sind\u0259 Az\u0259rbaycana qar\u015f\u0131 d\u00f6y\u00fc\u015f\u0259n Artur Ayvazyan (&#8220;Rahib&#8221; l\u0259q\u0259bi il\u0259 tan\u0131n\u0131r) h\u0259bs olunub. ARANTV.AZ\u00a0 &#8220;bizim.media&#8221;ya istinad\u0259n x\u0259b\u0259r verir ki,bu haqda m\u0259lumat\u0131 Erm\u0259nistan \u0130stintaq Komit\u0259sinin m\u0259tbuat xidm\u0259ti yay\u0131b. O, xuliqanl\u0131q madd\u0259si il\u0259 ittiham olunub. \u0130\u015fin materiallar\u0131na g\u00f6r\u0259, Ayvazyan canl\u0131 efird\u0259 \u00f6lk\u0259nin h\u0259rbi-siyasi r\u0259hb\u0259rliyini, ba\u015f naziri, se\u00e7kil\u0259r zaman\u0131 iqtidardak\u0131 partiyaya s\u0259s ver\u0259n v\u0259t\u0259nda\u015flar\u0131 t\u0259hqir edib. H\u0259m\u00e7inin ciddi t\u0259dbir g\u00f6rm\u0259kl\u0259 bu \u015f\u0259xsl\u0259ri h\u0259d\u0259l\u0259yib. Qeyd ed\u0259k ki, may ay\u0131n\u0131n \u0259vv\u0259lind\u0259 Ayvazyan dostlar\u0131 il\u0259 birlikd\u0259 Tex k\u0259ndi yax\u0131nl\u0131\u011f\u0131ndak\u0131 yolu ba\u011flay\u0131b v\u0259 Z\u0259ng\u0259zur mahal\u0131n\u0131n (S\u00fcnik vilay\u0259ti) s\u0259rh\u0259dl\u0259rini qorumaq \u00fc\u00e7\u00fcn silahland\u0131rmalar\u0131n\u0131 t\u0259l\u0259b edib. H\u0259min vaxt polis&hellip;<\/p>\n","protected":false},"author":2,"featured_media":351142,"comment_status":"closed","ping_status":"closed","sticky":false,"template":"","format":"standard","meta":{"om_disable_all_campaigns":false,"_monsterinsights_skip_tracking":false,"_monsterinsights_sitenote_active":false,"_monsterinsights_sitenote_note":"","_monsterinsights_sitenote_category":0},"categories":[7],"tags":[],"aioseo_notices":[],"gutentor_comment":0,"rttpg_featured_image_url":{"full":["https:\/\/arantv.az\/wp-content\/uploads\/2021\/06\/959496.jpg",800,600,false],"landscape":["https:\/\/arantv.az\/wp-content\/uploads\/2021\/06\/959496.jpg",800,600,false],"portraits":["https:\/\/arantv.az\/wp-content\/uploads\/2021\/06\/959496.jpg",800,600,false],"thumbnail":["https:\/\/arantv.az\/wp-content\/uploads\/2021\/06\/959496-500x280.jpg",500,280,true],"medium":["https:\/\/arantv.az\/wp-content\/uploads\/2021\/06\/959496-487x365.jpg",487,365,true],"large":["https:\/\/arantv.az\/wp-content\/uploads\/2021\/06\/959496.jpg",640,480,false],"1536x1536":["https:\/\/arantv.az\/wp-content\/uploads\/2021\/06\/959496.jpg",800,600,false],"2048x2048":["https:\/\/arantv.az\/wp-content\/uploads\/2021\/06\/959496.jpg",800,600,false],"post-thumbnail":["https:\/\/arantv.az\/wp-content\/uploads\/2021\/06\/959496-240x172.jpg",240,172,true],"advps-thumb-one":["https:\/\/arantv.az\/wp-content\/uploads\/2021\/06\/959496.jpg",800,600,false]},"rttpg_author":{"display_name":"V\u00fcsal Rafiqo\u011flu","author_link":"https:\/\/arantv.az\/?author=2"},"rttpg_comment":0,"rttpg_category":"<a href=\"https:\/\/arantv.az\/?cat=7\" rel=\"category\">D\u00fcnya<\/a>","rttpg_excerpt":"2-ci Qaraba\u011f M\u00fcharib\u0259sind\u0259 Az\u0259rbaycana qar\u015f\u0131 d\u00f6y\u00fc\u015f\u0259n Artur Ayvazyan (&#8220;Rahib&#8221; l\u0259q\u0259bi il\u0259 tan\u0131n\u0131r) h\u0259bs olunub. ARANTV.AZ\u00a0 &#8220;bizim.media&#8221;ya istinad\u0259n x\u0259b\u0259r verir ki,bu haqda m\u0259lumat\u0131 Erm\u0259nistan \u0130stintaq Komit\u0259sinin m\u0259tbuat xidm\u0259ti yay\u0131b. O, xuliqanl\u0131q madd\u0259si il\u0259 ittiham olunub. \u0130\u015fin materiallar\u0131na g\u00f6r\u0259, Ayvazyan canl\u0131 efird\u0259 \u00f6lk\u0259nin h\u0259rbi-siyasi r\u0259hb\u0259rliyini, ba\u015f naziri, se\u00e7kil\u0259r zaman\u0131 iqtidardak\u0131 partiyaya s\u0259s ver\u0259n v\u0259t\u0259nda\u015flar\u0131 t\u0259hqir edib. H\u0259m\u00e7inin&hellip;","_links":{"self":[{"href":"https:\/\/arantv.az\/index.php?rest_route=\/wp\/v2\/posts\/351141"}],"collection":[{"href":"https:\/\/arantv.az\/index.php?rest_route=\/wp\/v2\/posts"}],"about":[{"href":"https:\/\/arantv.az\/index.php?rest_route=\/wp\/v2\/types\/post"}],"author":[{"embeddable":true,"href":"https:\/\/arantv.az\/index.php?rest_route=\/wp\/v2\/users\/2"}],"replies":[{"embeddable":true,"href":"https:\/\/arantv.az\/index.php?rest_route=%2Fwp%2Fv2%2Fcomments&post=351141"}],"version-history":[{"count":0,"href":"https:\/\/arantv.az\/index.php?rest_route=\/wp\/v2\/posts\/351141\/revisions"}],"wp:featuredmedia":[{"embeddable":true,"href":"https:\/\/arantv.az\/index.php?rest_route=\/wp\/v2\/media\/351142"}],"wp:attachment":[{"href":"https:\/\/arantv.az\/index.php?rest_route=%2Fwp%2Fv2%2Fmedia&parent=351141"}],"wp:term":[{"taxonomy":"category","embeddable":true,"href":"https:\/\/arantv.az\/index.php?rest_route=%2Fwp%2Fv2%2Fcategories&post=351141"},{"taxonomy":"post_tag","embeddable":true,"href":"https:\/\/arantv.az\/index.php?rest_route=%2Fwp%2Fv2%2Ftags&post=351141"}],"curies":[{"name":"wp","href":"https:\/\/api.w.org\/{rel}","templated":true}]}}