{"id":351144,"date":"2021-06-24T16:23:05","date_gmt":"2021-06-24T13:23:05","guid":{"rendered":"http:\/\/arantv.az\/?p=351144"},"modified":"2021-06-24T16:23:05","modified_gmt":"2021-06-24T13:23:05","slug":"ukrayna-az%c9%99rbaycan-isguzar-surasi-yaradildi-foto","status":"publish","type":"post","link":"https:\/\/arantv.az\/?p=351144","title":{"rendered":"Ukrayna-Az\u0259rbaycan \u0130\u015fg\u00fczar \u015euras\u0131 yarad\u0131ld\u0131 &#8211; FOTO"},"content":{"rendered":"<p>Az\u0259rbaycan v\u0259 Ukrayna aras\u0131nda iqtisadi v\u0259 investisiya qoyulu\u015fu sah\u0259sind\u0259 \u0259laq\u0259l\u0259ri, i\u015f adamlar\u0131 aras\u0131nda \u0259m\u0259kda\u015fl\u0131\u011f\u0131 daha da geni\u015fl\u0259ndirm\u0259k m\u0259qs\u0259dil\u0259 Ukrayna-Az\u0259rbaycan \u0130\u015fg\u00fczar \u015euras\u0131 yarad\u0131ld\u0131.<\/p>\n<p>Az\u0259rbaycan Respublikas\u0131n\u0131n Ki\u00e7ik v\u0259 Orta Biznesi \u0130nki\u015faf\u0131 Agentliyi (KOB\u0130A) v\u0259 Ukraynan\u0131n Ticar\u0259t v\u0259 S\u0259naye Palatas\u0131n\u0131n t\u0259\u015f\u0259bb\u00fcs\u00fc il\u0259 yarad\u0131lm\u0131\u015f \u015furada iqtisadiyyat\u0131n m\u00fcxt\u0259lif sah\u0259l\u0259rind\u0259 f\u0259aliyy\u0259t g\u00f6st\u0259r\u0259n 70-d\u0259n \u00e7ox i\u015f adam\u0131 v\u0259 d\u00f6vl\u0259t qurumlar\u0131n\u0131n n\u00fcmay\u0259nd\u0259l\u0259ri t\u0259msil olunur.<\/p>\n<p>\u0130yunun 24-d\u0259 Ukrayna-Az\u0259rbaycan \u0130\u015fg\u00fczar \u015euras\u0131n\u0131n yarad\u0131lmas\u0131 haqq\u0131nda KOB\u0130A v\u0259 Ukraynan\u0131n Ticar\u0259t v\u0259 S\u0259naye Palatas\u0131 aras\u0131nda Sazi\u015f imzalan\u0131b v\u0259 \u015euran\u0131n ilk iclas\u0131 ke\u00e7irilib. \u0130\u015fg\u00fczar \u015euran\u0131n yarad\u0131lmas\u0131 haqq\u0131nda sazi\u015fi KOB\u0130A-n\u0131n \u0130dar\u0259 Hey\u0259tinin s\u0259dri Orxan M\u0259mm\u0259dov v\u0259 Ukraynan\u0131n Ticar\u0259t v\u0259 S\u0259naye Palatas\u0131n\u0131n prezidenti Gennadi \u00c7ijikov imzalay\u0131b.<\/p>\n<div id=\"AdviadNativeVideo0\" class=\"AdviadNativeVideo\"><\/div>\n<p>KOB\u0130A-n\u0131n t\u0259\u015fkilat\u00e7\u0131l\u0131\u011f\u0131 il\u0259 ke\u00e7irilmi\u015f iclasda h\u0259r iki \u00f6lk\u0259nin d\u00f6vl\u0259t qurumlar\u0131n\u0131n n\u00fcmay\u0259nd\u0259l\u0259ri v\u0259 i\u015f adamlar\u0131 i\u015ftirak edibl\u0259r.<\/p>\n<p>\u0130clasda \u00e7\u0131x\u0131\u015f ed\u0259n KOB\u0130A-n\u0131n \u0130dar\u0259 Hey\u0259tinin s\u0259dri Orxan M\u0259mm\u0259dov qeyd edib ki, Ukrayna-Az\u0259rbaycan \u0130\u015fg\u00fczar \u015euras\u0131 \u00f6lk\u0259l\u0259rimizin i\u015fg\u00fczar dair\u0259l\u0259ri aras\u0131nda s\u0259m\u0259r\u0259li dialoqun davam etdirilm\u0259si, qar\u015f\u0131l\u0131ql\u0131 faydal\u0131 iqtisadi \u0259m\u0259kda\u015fl\u0131\u011f\u0131n daha da inki\u015faf\u0131 m\u0259qs\u0259dil\u0259 yarad\u0131l\u0131b. \u201c\u0130nan\u0131r\u0131q ki, \u015furada t\u0259msil olunan i\u015ftirak\u00e7\u0131lar\u0131n say\u0131 daha da artacaq v\u0259 bu, Az\u0259rbaycan il\u0259 Ukrayna aras\u0131nda ticar\u0259t \u0259laq\u0259l\u0259rin\u0259 \u00f6z m\u00fcsb\u0259t t\u0259sirini g\u00f6st\u0259r\u0259c\u0259k. KOB\u0130A d\u0259st\u0259k v\u0259 xidm\u0259tl\u0259ri \u00e7\u0259r\u00e7iv\u0259sind\u0259 yeni \u0259m\u0259kda\u015fl\u0131q platformas\u0131n\u0131n inki\u015faf\u0131na, burada t\u0259msil olunan i\u015f adamlar\u0131na z\u0259ruri d\u0259st\u0259yi g\u00f6st\u0259r\u0259c\u0259kdir\u201d.<\/p>\n<p>Ukraynan\u0131n Ticar\u0259t v\u0259 S\u0259naye Palatas\u0131n\u0131n prezidenti Gennadi \u00c7ijikov bildirib ki, Ukrayna-Az\u0259rbaycan \u0130\u015fg\u00fczar \u015euras\u0131 kimi \u0259m\u0259kda\u015fl\u0131q platformalar\u0131 i\u015f adamlar\u0131 aras\u0131nda s\u0259m\u0259r\u0259li m\u00fczakir\u0259l\u0259rin apar\u0131lmas\u0131, iqtisadi-ticar\u0259t \u0259m\u0259kda\u015fl\u0131\u011f\u0131n\u0131n geni\u015fl\u0259ndirilm\u0259si \u00fc\u00e7\u00fcn yeni mexanizml\u0259rin t\u0259tbiqi bax\u0131m\u0131ndan \u0259lveri\u015flidir.<\/p>\n<p>Ukrayna Respublikas\u0131n\u0131n Az\u0259rbaycan Respublikas\u0131ndak\u0131 f\u00f6vq\u0259lad\u0259 v\u0259 s\u0259lahiyy\u0259tli s\u0259firi Vladislav Kanevski \u00f6lk\u0259l\u0259rimiz aras\u0131nda \u0259laq\u0259l\u0259rin m\u00fcxt\u0259lif sah\u0259l\u0259rd\u0259, o c\u00fcml\u0259d\u0259n iqtisadi sah\u0259d\u0259 u\u011furla davam etdiyini, \u0130\u015fg\u00fczar \u015euran\u0131n yarad\u0131lmas\u0131n\u0131n yeni \u0259m\u0259kda\u015fl\u0131q sah\u0259l\u0259rinin m\u00fc\u0259yy\u0259nl\u0259\u015fdirilm\u0259si, ticar\u0259t, investisiya v\u0259 dig\u0259r sah\u0259l\u0259rd\u0259 ikit\u0259r\u0259fli \u0259m\u0259kda\u015fl\u0131\u011f\u0131n geni\u015fl\u0259ndirilm\u0259sind\u0259 \u0259h\u0259miyy\u0259tli olaca\u011f\u0131n\u0131 vur\u011fulay\u0131b.<\/p>\n<p>Az\u0259rbaycan Sahibkarlar (\u0130\u015f\u0259g\u00f6t\u00fcr\u0259nl\u0259r) T\u0259\u015fkilatlar\u0131 Milli Konfederasiyas\u0131n\u0131n prezidenti M\u0259mm\u0259d Musayev, Az\u0259rbaycanda \u0130xrac\u0131n v\u0259 \u0130nvestisiyalar\u0131n T\u0259\u015fviqi Fondunun (AZPROMO) prezidenti v\u0259zif\u0259l\u0259rini icra ed\u0259n Yusif Abdullayev, \u201cUkrayna Ticar\u0259t Evi\u201dnin ba\u015f direktoru \u018flibala M\u0259h\u0259rr\u0259mzad\u0259 i\u015fg\u00fczar \u015furan\u0131n h\u0259r iki \u00f6lk\u0259nin i\u015fg\u00fczar dair\u0259l\u0259ri aras\u0131nda m\u00f6vcud \u0259laq\u0259l\u0259rin inki\u015faf\u0131na \u00f6z m\u00fcsb\u0259t t\u00f6hf\u0259sini ver\u0259c\u0259yini qeyd edib.<\/p>\n<p>T\u0259dbir \u00e7\u0259r\u00e7iv\u0259sind\u0259 h\u0259m\u00e7inin, AZPROMO il\u0259 Ukraynan\u0131n Xarici \u0130\u015fl\u0259r Nazirliyi yan\u0131nda \u0130xracat\u00e7\u0131lar v\u0259 \u0130nvestorlar \u015euras\u0131 aras\u0131nda \u0259m\u0259kda\u015fl\u0131\u011fa dair Memorandum, Nax\u00e7\u0131van Muxtar Respublikas\u0131n\u0131n Sahibkarlar Konfederasiyas\u0131 il\u0259 Ukraynan\u0131n Poltava Ticar\u0259t v\u0259 S\u0259naye Palatas\u0131 aras\u0131nda \u0259m\u0259kda\u015fl\u0131q haqq\u0131nda raz\u0131la\u015fma s\u0259n\u0259di imzalan\u0131b.<\/p>\n<p>Ukrayna-Az\u0259rbaycan \u0130\u015fg\u00fczar \u015euras\u0131na Az\u0259rbaycan t\u0259r\u0259fd\u0259n &#8220;Baku Business Group&#8221; MMC-nin direktoru Anar Quliyev, Ukrayna t\u0259r\u0259find\u0259n is\u0259 \u201cBratslav&#8221; \u015firk\u0259tl\u0259r qrupunun t\u0259sis\u00e7isi Petr Mixayenko s\u0259drlik ed\u0259c\u0259kl\u0259r.<\/p>\n<p>\u0130clas i\u015f adamlar\u0131 aras\u0131nda ikit\u0259r\u0259fli g\u00f6r\u00fc\u015fl\u0259rl\u0259 davam edib.<\/p>\n<p>&nbsp;<\/p>\n<div class=\"gallery\">\n<div class=\"gallery-i\"><img src=\"https:\/\/cdn.oxu.az\/uploads\/W1siZiIsIjIwMjEvMDYvMjQvMTcvMjAvMjQvMTJlNTMyYWUtYTlmNS00Y2RiLTk1ODYtMDgwNTNmY2MzN2Q5LzcuSlBHIl0sWyJwIiwiZW5jb2RlIiwianBnIiwiLXF1YWxpdHkgODAiXSxbInAiLCJ0aHVtYiIsIjU5MHg1OTBcdTAwM2UiXV0?sha=08a4112a4057a3e8\" alt=\"\" \/><\/p>\n<div class=\"gallery-i-caption\"><\/div>\n<\/div>\n<div class=\"gallery-i\"><img src=\"https:\/\/cdn.oxu.az\/uploads\/W1siZiIsIjIwMjEvMDYvMjQvMTcvMjAvMzQvNTRmYTcxOGEtOGU4NC00MDljLTkxNjYtOTE0NWE0YWJiMGQ3LzYgKDEpLkpQRyJdLFsicCIsImVuY29kZSIsImpwZyIsIi1xdWFsaXR5IDgwIl0sWyJwIiwidGh1bWIiLCI1OTB4NTkwXHUwMDNlIl1d?sha=14b0de2845603beb\" alt=\"\" \/><\/p>\n<div class=\"gallery-i-caption\"><\/div>\n<\/div>\n<div class=\"gallery-i\"><img src=\"https:\/\/cdn.oxu.az\/uploads\/W1siZiIsIjIwMjEvMDYvMjQvMTcvMjAvNDIvZGJjOTY3MmQtMmI0ZC00YTViLWE1OTgtMzZlOWE0OTliZWYxLzEgKDEpLkpQRyJdLFsicCIsImVuY29kZSIsImpwZyIsIi1xdWFsaXR5IDgwIl0sWyJwIiwidGh1bWIiLCI1OTB4NTkwXHUwMDNlIl1d?sha=daf3faf81d9c46d5\" alt=\"\" \/><\/p>\n<div class=\"gallery-i-caption\"><\/div>\n<\/div>\n<div class=\"gallery-i\"><img src=\"https:\/\/cdn.oxu.az\/uploads\/W1siZiIsIjIwMjEvMDYvMjQvMTcvMjAvNDUvZDAyYWM2YWMtZTcyNi00MDgzLWIzODMtMGQ1NjIyM2NkODY5LzQgKDEpLkpQRyJdLFsicCIsImVuY29kZSIsImpwZyIsIi1xdWFsaXR5IDgwIl0sWyJwIiwidGh1bWIiLCI1OTB4NTkwXHUwMDNlIl1d?sha=714f024874623daa\" alt=\"\" \/><\/p>\n<div class=\"gallery-i-caption\"><\/div>\n<\/div>\n<div class=\"gallery-i\"><img src=\"https:\/\/cdn.oxu.az\/uploads\/W1siZiIsIjIwMjEvMDYvMjQvMTcvMjAvNTIvMTZmM2U3MjItMmZjNi00NDgzLTk2MDAtNTA3ZWI1YzA2YmRhLzMuSlBHIl0sWyJwIiwiZW5jb2RlIiwianBnIiwiLXF1YWxpdHkgODAiXSxbInAiLCJ0aHVtYiIsIjU5MHg1OTBcdTAwM2UiXV0?sha=3c382ded72f418a8\" alt=\"\" \/><\/p>\n<div class=\"gallery-i-caption\"><\/div>\n<\/div>\n<div class=\"gallery-i\"><img src=\"https:\/\/cdn.oxu.az\/uploads\/W1siZiIsIjIwMjEvMDYvMjQvMTcvMjAvNTYvYmYwYjczNDctY2RjMi00Y2RiLTlmZDEtYTkzNmJlNjhjY2QyLzIgKDEpLkpQRyJdLFsicCIsImVuY29kZSIsImpwZyIsIi1xdWFsaXR5IDgwIl0sWyJwIiwidGh1bWIiLCI1OTB4NTkwXHUwMDNlIl1d?sha=6300ad32ea8569e3\" alt=\"\" \/><\/div>\n<\/div>\n","protected":false},"excerpt":{"rendered":"<p>Az\u0259rbaycan v\u0259 Ukrayna aras\u0131nda iqtisadi v\u0259 investisiya qoyulu\u015fu sah\u0259sind\u0259 \u0259laq\u0259l\u0259ri, i\u015f adamlar\u0131 aras\u0131nda \u0259m\u0259kda\u015fl\u0131\u011f\u0131 daha da geni\u015fl\u0259ndirm\u0259k m\u0259qs\u0259dil\u0259 Ukrayna-Az\u0259rbaycan \u0130\u015fg\u00fczar \u015euras\u0131 yarad\u0131ld\u0131. Az\u0259rbaycan Respublikas\u0131n\u0131n Ki\u00e7ik v\u0259 Orta Biznesi \u0130nki\u015faf\u0131 Agentliyi (KOB\u0130A) v\u0259 Ukraynan\u0131n Ticar\u0259t v\u0259 S\u0259naye Palatas\u0131n\u0131n t\u0259\u015f\u0259bb\u00fcs\u00fc il\u0259 yarad\u0131lm\u0131\u015f \u015furada iqtisadiyyat\u0131n m\u00fcxt\u0259lif sah\u0259l\u0259rind\u0259 f\u0259aliyy\u0259t g\u00f6st\u0259r\u0259n 70-d\u0259n \u00e7ox i\u015f adam\u0131 v\u0259 d\u00f6vl\u0259t qurumlar\u0131n\u0131n n\u00fcmay\u0259nd\u0259l\u0259ri t\u0259msil olunur. \u0130yunun 24-d\u0259 Ukrayna-Az\u0259rbaycan \u0130\u015fg\u00fczar \u015euras\u0131n\u0131n yarad\u0131lmas\u0131 haqq\u0131nda KOB\u0130A v\u0259 Ukraynan\u0131n Ticar\u0259t v\u0259 S\u0259naye Palatas\u0131 aras\u0131nda Sazi\u015f imzalan\u0131b v\u0259 \u015euran\u0131n ilk iclas\u0131 ke\u00e7irilib. \u0130\u015fg\u00fczar \u015euran\u0131n yarad\u0131lmas\u0131 haqq\u0131nda sazi\u015fi KOB\u0130A-n\u0131n \u0130dar\u0259 Hey\u0259tinin s\u0259dri Orxan M\u0259mm\u0259dov v\u0259&hellip;<\/p>\n","protected":false},"author":2,"featured_media":351145,"comment_status":"closed","ping_status":"closed","sticky":false,"template":"","format":"standard","meta":{"om_disable_all_campaigns":false,"_monsterinsights_skip_tracking":false,"_monsterinsights_sitenote_active":false,"_monsterinsights_sitenote_note":"","_monsterinsights_sitenote_category":0},"categories":[19],"tags":[],"aioseo_notices":[],"gutentor_comment":0,"rttpg_featured_image_url":{"full":["https:\/\/arantv.az\/wp-content\/uploads\/2021\/06\/5-3.jpg",620,378,false],"landscape":["https:\/\/arantv.az\/wp-content\/uploads\/2021\/06\/5-3.jpg",620,378,false],"portraits":["https:\/\/arantv.az\/wp-content\/uploads\/2021\/06\/5-3.jpg",620,378,false],"thumbnail":["https:\/\/arantv.az\/wp-content\/uploads\/2021\/06\/5-3-500x280.jpg",500,280,true],"medium":["https:\/\/arantv.az\/wp-content\/uploads\/2021\/06\/5-3-599x365.jpg",599,365,true],"large":["https:\/\/arantv.az\/wp-content\/uploads\/2021\/06\/5-3.jpg",620,378,false],"1536x1536":["https:\/\/arantv.az\/wp-content\/uploads\/2021\/06\/5-3.jpg",620,378,false],"2048x2048":["https:\/\/arantv.az\/wp-content\/uploads\/2021\/06\/5-3.jpg",620,378,false],"post-thumbnail":["https:\/\/arantv.az\/wp-content\/uploads\/2021\/06\/5-3-240x172.jpg",240,172,true],"advps-thumb-one":["https:\/\/arantv.az\/wp-content\/uploads\/2021\/06\/5-3.jpg",620,378,false]},"rttpg_author":{"display_name":"V\u00fcsal Rafiqo\u011flu","author_link":"https:\/\/arantv.az\/?author=2"},"rttpg_comment":0,"rttpg_category":"<a href=\"https:\/\/arantv.az\/?cat=19\" rel=\"category\">G\u00fcnd\u0259m<\/a>","rttpg_excerpt":"Az\u0259rbaycan v\u0259 Ukrayna aras\u0131nda iqtisadi v\u0259 investisiya qoyulu\u015fu sah\u0259sind\u0259 \u0259laq\u0259l\u0259ri, i\u015f adamlar\u0131 aras\u0131nda \u0259m\u0259kda\u015fl\u0131\u011f\u0131 daha da geni\u015fl\u0259ndirm\u0259k m\u0259qs\u0259dil\u0259 Ukrayna-Az\u0259rbaycan \u0130\u015fg\u00fczar \u015euras\u0131 yarad\u0131ld\u0131. Az\u0259rbaycan Respublikas\u0131n\u0131n Ki\u00e7ik v\u0259 Orta Biznesi \u0130nki\u015faf\u0131 Agentliyi (KOB\u0130A) v\u0259 Ukraynan\u0131n Ticar\u0259t v\u0259 S\u0259naye Palatas\u0131n\u0131n t\u0259\u015f\u0259bb\u00fcs\u00fc il\u0259 yarad\u0131lm\u0131\u015f \u015furada iqtisadiyyat\u0131n m\u00fcxt\u0259lif sah\u0259l\u0259rind\u0259 f\u0259aliyy\u0259t g\u00f6st\u0259r\u0259n 70-d\u0259n \u00e7ox i\u015f adam\u0131 v\u0259 d\u00f6vl\u0259t qurumlar\u0131n\u0131n n\u00fcmay\u0259nd\u0259l\u0259ri t\u0259msil&hellip;","_links":{"self":[{"href":"https:\/\/arantv.az\/index.php?rest_route=\/wp\/v2\/posts\/351144"}],"collection":[{"href":"https:\/\/arantv.az\/index.php?rest_route=\/wp\/v2\/posts"}],"about":[{"href":"https:\/\/arantv.az\/index.php?rest_route=\/wp\/v2\/types\/post"}],"author":[{"embeddable":true,"href":"https:\/\/arantv.az\/index.php?rest_route=\/wp\/v2\/users\/2"}],"replies":[{"embeddable":true,"href":"https:\/\/arantv.az\/index.php?rest_route=%2Fwp%2Fv2%2Fcomments&post=351144"}],"version-history":[{"count":0,"href":"https:\/\/arantv.az\/index.php?rest_route=\/wp\/v2\/posts\/351144\/revisions"}],"wp:featuredmedia":[{"embeddable":true,"href":"https:\/\/arantv.az\/index.php?rest_route=\/wp\/v2\/media\/351145"}],"wp:attachment":[{"href":"https:\/\/arantv.az\/index.php?rest_route=%2Fwp%2Fv2%2Fmedia&parent=351144"}],"wp:term":[{"taxonomy":"category","embeddable":true,"href":"https:\/\/arantv.az\/index.php?rest_route=%2Fwp%2Fv2%2Fcategories&post=351144"},{"taxonomy":"post_tag","embeddable":true,"href":"https:\/\/arantv.az\/index.php?rest_route=%2Fwp%2Fv2%2Ftags&post=351144"}],"curies":[{"name":"wp","href":"https:\/\/api.w.org\/{rel}","templated":true}]}}