{"id":351156,"date":"2021-06-24T21:00:14","date_gmt":"2021-06-24T18:00:14","guid":{"rendered":"https:\/\/arantv.az\/?p=351156"},"modified":"2021-06-24T21:00:14","modified_gmt":"2021-06-24T18:00:14","slug":"avstriya-litva-v%c9%99-ruminiya-xin-bascilari-bu-gec%c9%99-bakiya-g%c9%99l%c9%99c%c9%99kl%c9%99r-foto","status":"publish","type":"post","link":"https:\/\/arantv.az\/?p=351156","title":{"rendered":"Avstriya, Litva v\u0259 Rum\u0131niya X\u0130N ba\u015f\u00e7\u0131lar\u0131 bu gec\u0259 Bak\u0131ya g\u0259l\u0259c\u0259kl\u0259r \u2013 FOTO"},"content":{"rendered":"<p>Avstriya, Litva v\u0259 Rum\u0131niya xarici i\u015fl\u0259r nazirl\u0259ri Aleksandr \u015eallenberq, Qabrielius Landsbergis v\u0259 Boqdan Auresku C\u0259nubi Qafqaz turu \u00e7\u0259r\u00e7iv\u0259sind\u0259 bu gec\u0259 Bak\u0131ya g\u0259l\u0259c\u0259kl\u0259r.<\/p>\n<p>Bu bar\u0259d\u0259 Rum\u0131niya xarici i\u015fl\u0259r naziri Boqdan Auresku \u00f6z\u00fcn\u00fcn \u201cTwitter\u201d s\u0259hif\u0259sind\u0259 yaz\u0131b.<\/p>\n<div id=\"AdviadNativeVideo0\" class=\"AdviadNativeVideo\"><\/div>\n<p>O, bildirib ki, Bak\u0131ndan sonra nazirl\u0259r Yerevan v\u0259 Tbilisiy\u0259 s\u0259f\u0259r ed\u0259c\u0259kl\u0259r.<\/p>\n<p>Qeyd ed\u0259k ki, nazirl\u0259rin C\u0259nubi Qafqaza s\u0259f\u0259ri Avropa \u0130ttifaq\u0131n\u0131n xarici i\u015fl\u0259r v\u0259 t\u0259hl\u00fck\u0259sizlik siyas\u0259ti \u00fczr\u0259 ali n\u00fcmay\u0259nd\u0259si Cozef Borrellin tap\u015f\u0131r\u0131\u011f\u0131 il\u0259 ba\u015f tutacaq.<\/p>\n<div>\n<div class=\"twitter-tweet twitter-tweet-rendered\"><iframe id=\"twitter-widget-0\" class=\"\" title=\"Twitter Tweet\" src=\"https:\/\/platform.twitter.com\/embed\/Tweet.html?creatorScreenName=oxuaz&amp;dnt=false&amp;embedId=twitter-widget-0&amp;features=eyJ0ZndfZXhwZXJpbWVudHNfY29va2llX2V4cGlyYXRpb24iOnsiYnVja2V0IjoxMjA5NjAwLCJ2ZXJzaW9uIjpudWxsfSwidGZ3X2hvcml6b25fdHdlZXRfZW1iZWRfOTU1NSI6eyJidWNrZXQiOiJodGUiLCJ2ZXJzaW9uIjpudWxsfSwidGZ3X3R3ZWV0X2VtYmVkX2NsaWNrYWJpbGl0eV8xMjEwMiI6eyJidWNrZXQiOiJjb250cm9sIiwidmVyc2lvbiI6bnVsbH0sInRmd192aWRlb19wb3J0YWxzXzEyMzU2Ijp7ImJ1Y2tldCI6InByZXZpZXciLCJ2ZXJzaW9uIjoxfX0%3D&amp;frame=false&amp;hideCard=false&amp;hideThread=false&amp;id=1408101812838842375&amp;lang=en&amp;origin=https%3A%2F%2Foxu.az%2Fpolitics%2F506365&amp;sessionId=c0a3b3aa21c3422bab6f8a29d66aeef48b62e025&amp;siteScreenName=oxuaz&amp;theme=light&amp;widgetsVersion=82e1070%3A1619632193066&amp;width=550px\" frameborder=\"0\" scrolling=\"no\" allowfullscreen=\"allowfullscreen\" data-tweet-id=\"1408101812838842375\" data-mce-fragment=\"1\"><\/iframe><\/div>\n<\/div>\n<p>&nbsp;<\/p>\n","protected":false},"excerpt":{"rendered":"<p>Avstriya, Litva v\u0259 Rum\u0131niya xarici i\u015fl\u0259r nazirl\u0259ri Aleksandr \u015eallenberq, Qabrielius Landsbergis v\u0259 Boqdan Auresku C\u0259nubi Qafqaz turu \u00e7\u0259r\u00e7iv\u0259sind\u0259 bu gec\u0259 Bak\u0131ya g\u0259l\u0259c\u0259kl\u0259r. Bu bar\u0259d\u0259 Rum\u0131niya xarici i\u015fl\u0259r naziri Boqdan Auresku \u00f6z\u00fcn\u00fcn \u201cTwitter\u201d s\u0259hif\u0259sind\u0259 yaz\u0131b. O, bildirib ki, Bak\u0131ndan sonra nazirl\u0259r Yerevan v\u0259 Tbilisiy\u0259 s\u0259f\u0259r ed\u0259c\u0259kl\u0259r. Qeyd ed\u0259k ki, nazirl\u0259rin C\u0259nubi Qafqaza s\u0259f\u0259ri Avropa \u0130ttifaq\u0131n\u0131n xarici i\u015fl\u0259r v\u0259 t\u0259hl\u00fck\u0259sizlik siyas\u0259ti \u00fczr\u0259 ali n\u00fcmay\u0259nd\u0259si Cozef Borrellin tap\u015f\u0131r\u0131\u011f\u0131 il\u0259 ba\u015f tutacaq. &nbsp;<\/p>\n","protected":false},"author":2,"featured_media":351157,"comment_status":"closed","ping_status":"closed","sticky":false,"template":"","format":"standard","meta":{"om_disable_all_campaigns":false,"_monsterinsights_skip_tracking":false,"_monsterinsights_sitenote_active":false,"_monsterinsights_sitenote_note":"","_monsterinsights_sitenote_category":0},"categories":[4],"tags":[],"aioseo_notices":[],"gutentor_comment":0,"rttpg_featured_image_url":{"full":["https:\/\/arantv.az\/wp-content\/uploads\/2021\/06\/7f8b9e33-9a7c-35de-a936-4cfa34399c1d_850.jpg",620,387,false],"landscape":["https:\/\/arantv.az\/wp-content\/uploads\/2021\/06\/7f8b9e33-9a7c-35de-a936-4cfa34399c1d_850.jpg",620,387,false],"portraits":["https:\/\/arantv.az\/wp-content\/uploads\/2021\/06\/7f8b9e33-9a7c-35de-a936-4cfa34399c1d_850.jpg",620,387,false],"thumbnail":["https:\/\/arantv.az\/wp-content\/uploads\/2021\/06\/7f8b9e33-9a7c-35de-a936-4cfa34399c1d_850-500x280.jpg",500,280,true],"medium":["https:\/\/arantv.az\/wp-content\/uploads\/2021\/06\/7f8b9e33-9a7c-35de-a936-4cfa34399c1d_850-585x365.jpg",585,365,true],"large":["https:\/\/arantv.az\/wp-content\/uploads\/2021\/06\/7f8b9e33-9a7c-35de-a936-4cfa34399c1d_850.jpg",620,387,false],"1536x1536":["https:\/\/arantv.az\/wp-content\/uploads\/2021\/06\/7f8b9e33-9a7c-35de-a936-4cfa34399c1d_850.jpg",620,387,false],"2048x2048":["https:\/\/arantv.az\/wp-content\/uploads\/2021\/06\/7f8b9e33-9a7c-35de-a936-4cfa34399c1d_850.jpg",620,387,false],"post-thumbnail":["https:\/\/arantv.az\/wp-content\/uploads\/2021\/06\/7f8b9e33-9a7c-35de-a936-4cfa34399c1d_850-240x172.jpg",240,172,true],"advps-thumb-one":["https:\/\/arantv.az\/wp-content\/uploads\/2021\/06\/7f8b9e33-9a7c-35de-a936-4cfa34399c1d_850.jpg",620,387,false]},"rttpg_author":{"display_name":"V\u00fcsal Rafiqo\u011flu","author_link":"https:\/\/arantv.az\/?author=2"},"rttpg_comment":0,"rttpg_category":"<a href=\"https:\/\/arantv.az\/?cat=4\" rel=\"category\">Siyas\u0259t<\/a>","rttpg_excerpt":"Avstriya, Litva v\u0259 Rum\u0131niya xarici i\u015fl\u0259r nazirl\u0259ri Aleksandr \u015eallenberq, Qabrielius Landsbergis v\u0259 Boqdan Auresku C\u0259nubi Qafqaz turu \u00e7\u0259r\u00e7iv\u0259sind\u0259 bu gec\u0259 Bak\u0131ya g\u0259l\u0259c\u0259kl\u0259r. Bu bar\u0259d\u0259 Rum\u0131niya xarici i\u015fl\u0259r naziri Boqdan Auresku \u00f6z\u00fcn\u00fcn \u201cTwitter\u201d s\u0259hif\u0259sind\u0259 yaz\u0131b. O, bildirib ki, Bak\u0131ndan sonra nazirl\u0259r Yerevan v\u0259 Tbilisiy\u0259 s\u0259f\u0259r ed\u0259c\u0259kl\u0259r. Qeyd ed\u0259k ki, nazirl\u0259rin C\u0259nubi Qafqaza s\u0259f\u0259ri Avropa \u0130ttifaq\u0131n\u0131n xarici&hellip;","_links":{"self":[{"href":"https:\/\/arantv.az\/index.php?rest_route=\/wp\/v2\/posts\/351156"}],"collection":[{"href":"https:\/\/arantv.az\/index.php?rest_route=\/wp\/v2\/posts"}],"about":[{"href":"https:\/\/arantv.az\/index.php?rest_route=\/wp\/v2\/types\/post"}],"author":[{"embeddable":true,"href":"https:\/\/arantv.az\/index.php?rest_route=\/wp\/v2\/users\/2"}],"replies":[{"embeddable":true,"href":"https:\/\/arantv.az\/index.php?rest_route=%2Fwp%2Fv2%2Fcomments&post=351156"}],"version-history":[{"count":0,"href":"https:\/\/arantv.az\/index.php?rest_route=\/wp\/v2\/posts\/351156\/revisions"}],"wp:featuredmedia":[{"embeddable":true,"href":"https:\/\/arantv.az\/index.php?rest_route=\/wp\/v2\/media\/351157"}],"wp:attachment":[{"href":"https:\/\/arantv.az\/index.php?rest_route=%2Fwp%2Fv2%2Fmedia&parent=351156"}],"wp:term":[{"taxonomy":"category","embeddable":true,"href":"https:\/\/arantv.az\/index.php?rest_route=%2Fwp%2Fv2%2Fcategories&post=351156"},{"taxonomy":"post_tag","embeddable":true,"href":"https:\/\/arantv.az\/index.php?rest_route=%2Fwp%2Fv2%2Ftags&post=351156"}],"curies":[{"name":"wp","href":"https:\/\/api.w.org\/{rel}","templated":true}]}}