{"id":351160,"date":"2021-06-24T21:01:29","date_gmt":"2021-06-24T18:01:29","guid":{"rendered":"https:\/\/arantv.az\/?p=351160"},"modified":"2021-06-24T21:01:29","modified_gmt":"2021-06-24T18:01:29","slug":"%c9%99rdogan-v%c9%99-putin-qarabagi-muzakir%c9%99-etdil%c9%99r","status":"publish","type":"post","link":"https:\/\/arantv.az\/?p=351160","title":{"rendered":"\u018frdo\u011fan v\u0259 Putin Qaraba\u011f\u0131 m\u00fczakir\u0259 etdil\u0259r"},"content":{"rendered":"<p>T\u00fcrkiy\u0259 prezidenti R\u0259c\u0259b Tayyib \u018frdo\u011fanla rusiyal\u0131 h\u0259mkar\u0131 Vladimir Putin aras\u0131nda telefon dan\u0131\u015f\u0131\u011f\u0131 ba\u015f tutub.<\/p>\n<p>Kremlin m\u0259ltbuat xidm\u0259tind\u0259n veril\u0259n m\u0259lumata g\u00f6r\u0259,\u00a0s\u00f6hb\u0259t zaman\u0131 Qaraba\u011f m\u0259s\u0259l\u0259si \u0259traf\u0131ndak\u0131 v\u0259ziyy\u0259t m\u00fczakir\u0259 edilib v\u0259 Rusiya-T\u00fcrkiy\u0259 birg\u0259 monitorinq m\u0259rk\u0259zinin f\u0259aliyy\u0259ti m\u00fcsb\u0259t qiym\u0259tl\u0259ndirilib.<\/p>\n<div id=\"AdviadNativeVideo0\" class=\"AdviadNativeVideo\"><\/div>\n<p>T\u00fcrkiy\u0259 d\u00f6vl\u0259t ba\u015f\u00e7\u0131s\u0131 10 noyabr 2020-ci il v\u0259 11 yanvar 2021-ci il \u00fc\u00e7t\u0259r\u0259fli b\u0259yanatlar\u0131n\u0131n icras\u0131 \u00fczr\u0259 Rusiyan\u0131n s\u0259yl\u0259rini d\u0259st\u0259kl\u0259diyini bildirib. H\u0259m\u00e7inin, t\u0259r\u0259fl\u0259r b\u00f6lg\u0259d\u0259ki infrastrukturun, x\u00fcsusil\u0259 d\u0259 iqtisadi v\u0259 n\u0259qliyyat \u0259laq\u0259l\u0259rinin b\u0259rpas\u0131 \u00fc\u00e7\u00fcn koordinasiyan\u0131n qar\u015f\u0131l\u0131ql\u0131 \u015f\u0259kild\u0259 davam etdirilm\u0259sin\u0259 haz\u0131r olduqlar\u0131n\u0131 ifad\u0259 edibl\u0259r.<\/p>\n<p>Bununla yana\u015f\u0131, s\u00f6hb\u0259t \u0259snas\u0131nda Rusiya prezidenti bu yax\u0131nlarda Cenevr\u0259d\u0259 ke\u00e7iril\u0259n A\u011f Evin r\u0259hb\u0259ri Co Baydenl\u0259 g\u00f6r\u00fc\u015f\u00fcn\u00fcn t\u0259\u0259ss\u00fcratlar\u0131n\u0131 T\u00fcrkiy\u0259 d\u00f6vl\u0259t ba\u015f\u00e7\u0131s\u0131 il\u0259 b\u00f6l\u00fc\u015f\u00fcb.<\/p>\n<p>\u018frdo\u011fan is\u0259 \u00f6z n\u00f6vb\u0259sind\u0259 Rusiya il\u0259 T\u00fcrkiy\u0259 aras\u0131nda hava \u0259laq\u0259sinin b\u0259rpas\u0131, el\u0259c\u0259 d\u0259 \u201cSputnik V\u201d peyv\u0259ndinin t\u0259d\u00fcr\u00fck\u00fcn\u00fcn ba\u015flamas\u0131na g\u00f6r\u0259 Putin\u0259 minn\u0259tdarl\u0131\u011f\u0131n\u0131 bildirib.<\/p>\n","protected":false},"excerpt":{"rendered":"<p>T\u00fcrkiy\u0259 prezidenti R\u0259c\u0259b Tayyib \u018frdo\u011fanla rusiyal\u0131 h\u0259mkar\u0131 Vladimir Putin aras\u0131nda telefon dan\u0131\u015f\u0131\u011f\u0131 ba\u015f tutub. Kremlin m\u0259ltbuat xidm\u0259tind\u0259n veril\u0259n m\u0259lumata g\u00f6r\u0259,\u00a0s\u00f6hb\u0259t zaman\u0131 Qaraba\u011f m\u0259s\u0259l\u0259si \u0259traf\u0131ndak\u0131 v\u0259ziyy\u0259t m\u00fczakir\u0259 edilib v\u0259 Rusiya-T\u00fcrkiy\u0259 birg\u0259 monitorinq m\u0259rk\u0259zinin f\u0259aliyy\u0259ti m\u00fcsb\u0259t qiym\u0259tl\u0259ndirilib. T\u00fcrkiy\u0259 d\u00f6vl\u0259t ba\u015f\u00e7\u0131s\u0131 10 noyabr 2020-ci il v\u0259 11 yanvar 2021-ci il \u00fc\u00e7t\u0259r\u0259fli b\u0259yanatlar\u0131n\u0131n icras\u0131 \u00fczr\u0259 Rusiyan\u0131n s\u0259yl\u0259rini d\u0259st\u0259kl\u0259diyini bildirib. H\u0259m\u00e7inin, t\u0259r\u0259fl\u0259r b\u00f6lg\u0259d\u0259ki infrastrukturun, x\u00fcsusil\u0259 d\u0259 iqtisadi v\u0259 n\u0259qliyyat \u0259laq\u0259l\u0259rinin b\u0259rpas\u0131 \u00fc\u00e7\u00fcn koordinasiyan\u0131n qar\u015f\u0131l\u0131ql\u0131 \u015f\u0259kild\u0259 davam etdirilm\u0259sin\u0259 haz\u0131r olduqlar\u0131n\u0131 ifad\u0259 edibl\u0259r. Bununla yana\u015f\u0131, s\u00f6hb\u0259t \u0259snas\u0131nda Rusiya prezidenti bu yax\u0131nlarda Cenevr\u0259d\u0259 ke\u00e7iril\u0259n A\u011f Evin r\u0259hb\u0259ri Co&hellip;<\/p>\n","protected":false},"author":2,"featured_media":351161,"comment_status":"closed","ping_status":"closed","sticky":false,"template":"","format":"standard","meta":{"om_disable_all_campaigns":false,"_monsterinsights_skip_tracking":false,"_monsterinsights_sitenote_active":false,"_monsterinsights_sitenote_note":"","_monsterinsights_sitenote_category":0},"categories":[7],"tags":[],"aioseo_notices":[],"gutentor_comment":0,"rttpg_featured_image_url":{"full":["https:\/\/arantv.az\/wp-content\/uploads\/2021\/06\/5d7c87acb3eba.jpg",620,349,false],"landscape":["https:\/\/arantv.az\/wp-content\/uploads\/2021\/06\/5d7c87acb3eba.jpg",620,349,false],"portraits":["https:\/\/arantv.az\/wp-content\/uploads\/2021\/06\/5d7c87acb3eba.jpg",620,349,false],"thumbnail":["https:\/\/arantv.az\/wp-content\/uploads\/2021\/06\/5d7c87acb3eba-500x280.jpg",500,280,true],"medium":["https:\/\/arantv.az\/wp-content\/uploads\/2021\/06\/5d7c87acb3eba.jpg",620,349,false],"large":["https:\/\/arantv.az\/wp-content\/uploads\/2021\/06\/5d7c87acb3eba.jpg",620,349,false],"1536x1536":["https:\/\/arantv.az\/wp-content\/uploads\/2021\/06\/5d7c87acb3eba.jpg",620,349,false],"2048x2048":["https:\/\/arantv.az\/wp-content\/uploads\/2021\/06\/5d7c87acb3eba.jpg",620,349,false],"post-thumbnail":["https:\/\/arantv.az\/wp-content\/uploads\/2021\/06\/5d7c87acb3eba-240x172.jpg",240,172,true],"advps-thumb-one":["https:\/\/arantv.az\/wp-content\/uploads\/2021\/06\/5d7c87acb3eba.jpg",620,349,false]},"rttpg_author":{"display_name":"V\u00fcsal Rafiqo\u011flu","author_link":"https:\/\/arantv.az\/?author=2"},"rttpg_comment":0,"rttpg_category":"<a href=\"https:\/\/arantv.az\/?cat=7\" rel=\"category\">D\u00fcnya<\/a>","rttpg_excerpt":"T\u00fcrkiy\u0259 prezidenti R\u0259c\u0259b Tayyib \u018frdo\u011fanla rusiyal\u0131 h\u0259mkar\u0131 Vladimir Putin aras\u0131nda telefon dan\u0131\u015f\u0131\u011f\u0131 ba\u015f tutub. Kremlin m\u0259ltbuat xidm\u0259tind\u0259n veril\u0259n m\u0259lumata g\u00f6r\u0259,\u00a0s\u00f6hb\u0259t zaman\u0131 Qaraba\u011f m\u0259s\u0259l\u0259si \u0259traf\u0131ndak\u0131 v\u0259ziyy\u0259t m\u00fczakir\u0259 edilib v\u0259 Rusiya-T\u00fcrkiy\u0259 birg\u0259 monitorinq m\u0259rk\u0259zinin f\u0259aliyy\u0259ti m\u00fcsb\u0259t qiym\u0259tl\u0259ndirilib. T\u00fcrkiy\u0259 d\u00f6vl\u0259t ba\u015f\u00e7\u0131s\u0131 10 noyabr 2020-ci il v\u0259 11 yanvar 2021-ci il \u00fc\u00e7t\u0259r\u0259fli b\u0259yanatlar\u0131n\u0131n icras\u0131 \u00fczr\u0259 Rusiyan\u0131n s\u0259yl\u0259rini d\u0259st\u0259kl\u0259diyini bildirib.&hellip;","_links":{"self":[{"href":"https:\/\/arantv.az\/index.php?rest_route=\/wp\/v2\/posts\/351160"}],"collection":[{"href":"https:\/\/arantv.az\/index.php?rest_route=\/wp\/v2\/posts"}],"about":[{"href":"https:\/\/arantv.az\/index.php?rest_route=\/wp\/v2\/types\/post"}],"author":[{"embeddable":true,"href":"https:\/\/arantv.az\/index.php?rest_route=\/wp\/v2\/users\/2"}],"replies":[{"embeddable":true,"href":"https:\/\/arantv.az\/index.php?rest_route=%2Fwp%2Fv2%2Fcomments&post=351160"}],"version-history":[{"count":0,"href":"https:\/\/arantv.az\/index.php?rest_route=\/wp\/v2\/posts\/351160\/revisions"}],"wp:featuredmedia":[{"embeddable":true,"href":"https:\/\/arantv.az\/index.php?rest_route=\/wp\/v2\/media\/351161"}],"wp:attachment":[{"href":"https:\/\/arantv.az\/index.php?rest_route=%2Fwp%2Fv2%2Fmedia&parent=351160"}],"wp:term":[{"taxonomy":"category","embeddable":true,"href":"https:\/\/arantv.az\/index.php?rest_route=%2Fwp%2Fv2%2Fcategories&post=351160"},{"taxonomy":"post_tag","embeddable":true,"href":"https:\/\/arantv.az\/index.php?rest_route=%2Fwp%2Fv2%2Ftags&post=351160"}],"curies":[{"name":"wp","href":"https:\/\/api.w.org\/{rel}","templated":true}]}}