{"id":351163,"date":"2021-06-24T21:03:24","date_gmt":"2021-06-24T18:03:24","guid":{"rendered":"https:\/\/arantv.az\/?p=351163"},"modified":"2021-06-24T21:03:24","modified_gmt":"2021-06-24T18:03:24","slug":"m%c9%99tbuat-surasi-beyn%c9%99lxalq-t%c9%99skilatlara-v%c9%99-xarici-media-qurumlarina-muraci%c9%99t-edib","status":"publish","type":"post","link":"https:\/\/arantv.az\/?p=351163","title":{"rendered":"M\u0259tbuat \u015euras\u0131 beyn\u0259lxalq t\u0259\u015fkilatlara v\u0259 xarici media qurumlar\u0131na m\u00fcraci\u0259t edib"},"content":{"rendered":"<p>Az\u0259rbaycan M\u0259tbuat \u015euras\u0131 \u201cS\u0259rh\u0259dsiz reportyorlar\u201d t\u0259\u015fkilat\u0131n\u0131n xidm\u0259ti f\u0259aliyy\u0259tini yerin\u0259 yetir\u0259n ispaniyal\u0131 jurnalistl\u0259rin Erm\u0259nistan-Az\u0259rbaycan s\u0259rh\u0259dinin K\u0259lb\u0259c\u0259r rayonu \u0259razisind\u0259 Az\u0259rbaycan h\u0259rb\u00e7il\u0259ri t\u0259r\u0259find\u0259n guya \u00f6l\u00fcml\u0259 h\u0259d\u0259l\u0259ndikl\u0259rin\u0259 dair twitter hesab\u0131ndak\u0131 payla\u015f\u0131m\u0131 il\u0259 ba\u011fl\u0131 beyn\u0259lxalq t\u0259\u015fkilatlara v\u0259 xarici media qurumlar\u0131na m\u00fcraci\u0259t \u00fcnvanlay\u0131b.<\/p>\n<p>M\u00fcraci\u0259td\u0259 bildirilir ki, \u201cS\u0259rh\u0259dsiz reportyorlar\u201d t\u0259\u015fkilat\u0131 \u00f6z\u00fcn\u00fcn twitter hesab\u0131nda xidm\u0259ti f\u0259aliyy\u0259tini yerin\u0259 yetir\u0259n ispaniyal\u0131 jurnalistl\u0259rin Erm\u0259nistan-Az\u0259rbaycan s\u0259rh\u0259dinin K\u0259lb\u0259c\u0259r rayonu \u0259razisind\u0259 Az\u0259rbaycan h\u0259rb\u00e7il\u0259ri t\u0259r\u0259find\u0259n guya \u00f6l\u00fcml\u0259 h\u0259d\u0259l\u0259ndikl\u0259rin\u0259 dair payla\u015f\u0131m edib.<\/p>\n<p>&#8220;Az\u0259rbaycan M\u0259tbuat \u015euras\u0131 olaraq bildiririk ki, Erm\u0259nistan m\u00fcharib\u0259 m\u00fcdd\u0259tind\u0259 s\u00f6z v\u0259 ifad\u0259 azadl\u0131\u011f\u0131 m\u00fcst\u0259visind\u0259 \u00e7oxsayl\u0131 manipulyasiyalara, Az\u0259rbaycan\u0131n n\u0259zar\u0259tind\u0259 olan \u0259razil\u0259rd\u0259 hadis\u0259l\u0259ri i\u015f\u0131qland\u0131ran jurnalistl\u0259r\u0259 qar\u015f\u0131 h\u00fccumlara yol verib.<\/p>\n<p>Erm\u0259nistan hakimiyy\u0259ti eyni zamanda media t\u0259msil\u00e7il\u0259rini bil\u0259r\u0259kd\u0259n d\u00f6y\u00fc\u015f intensivliyi il\u0259 se\u00e7il\u0259n b\u00f6lg\u0259l\u0259r\u0259, beyn\u0259lxalq h\u00fcquqla Az\u0259rbaycan\u0131n t\u0259rkib hiss\u0259si say\u0131lan \u0259razil\u0259r\u0259 apar\u0131b ki, onlar\u0131n h\u0259yatlar\u0131 \u00fc\u00e7\u00fcn t\u0259hl\u00fck\u0259 yarans\u0131n v\u0259 bunu jurnalistikaya t\u0259zyiq kimi qiym\u0259tl\u0259ndirsin. H\u0259min vaxt \u201cS\u0259rh\u0259dsiz reportyorlar\u201d m\u0259s\u0259l\u0259ni susmaqla qar\u015f\u0131lay\u0131b, he\u00e7 bir m\u00fcnasib\u0259t bildirm\u0259yib. T\u0259\u015fkilat i\u015f\u011faldan azad edilmi\u015f K\u0259lb\u0259c\u0259r rayonunda az\u0259rbaycanl\u0131 jurnalistl\u0259rin mina partlay\u0131\u015f\u0131 n\u0259tic\u0259sind\u0259 h\u0259yatlar\u0131n\u0131 itirm\u0259l\u0259rin\u0259 d\u0259 s\u0259ssiz qal\u0131b. Bel\u0259 bir v\u0259ziyy\u0259td\u0259 qurumun ispaniyal\u0131 jurnalistl\u0259rin h\u0259yatlar\u0131ndan guya narahatl\u0131q ifad\u0259 etm\u0259si, bunu he\u00e7 bir real fakta \u0259saslanmadan g\u00f6st\u0259rm\u0259si t\u0259\u0259ss\u00fcf do\u011furur. Ayd\u0131nd\u0131r ki, bu, \u201cS\u0259rh\u0259dsiz reportyorlar\u201d\u0131n Az\u0259rbaycana qar\u015f\u0131 n\u00f6vb\u0259ti q\u0259r\u0259zidir.<\/p>\n<p>T\u0259\u015fkilat Az\u0259rbaycana m\u00fcnasib\u0259td\u0259 o q\u0259d\u0259r q\u0259r\u0259zlidir ki, Erm\u0259nistanla s\u0259rh\u0259dd\u0259 dayanm\u0131\u015f Az\u0259rbaycan h\u0259rbi qulluq\u00e7usunun \u0259lind\u0259ki silahla qar\u015f\u0131 t\u0259r\u0259fi ni\u015fanda saxlamaq kimi v\u0259zif\u0259 borcunu h\u0259d\u0259 olaraq q\u0259bul edib. Qurumun twitter payla\u015f\u0131m\u0131ndak\u0131 foto g\u00f6r\u00fcnt\u00fcd\u0259n bu q\u0259na\u0259t\u0259 g\u0259lm\u0259k m\u00fcmk\u00fcnd\u00fcr. \u0130span jurnalistl\u0259rin guya \u00f6l\u00fcml\u0259 h\u0259d\u0259l\u0259nm\u0259l\u0259rinin s\u00fcbuta yetirilm\u0259si c\u0259hdi \u00e7ox g\u00fcl\u00fcnc v\u0259 absurddur. Az\u0259rbaycan h\u0259rb\u00e7il\u0259ri qar\u015f\u0131 t\u0259r\u0259f\u0259 at\u0259\u015f a\u00e7may\u0131b.<\/p>\n<p>Bir daha bildiririk ki, &#8220;S\u0259rh\u0259dsiz reportyorlar&#8221; t\u0259\u015fkilat\u0131 Az\u0259rbaycana qar\u015f\u0131 q\u0259r\u0259zli m\u00f6vqeyini davam etdirir. Twitter s\u0259hif\u0259sind\u0259ki payla\u015f\u0131m bunun real s\u00fcbutudur. D\u00fcnyada tan\u0131nm\u0131\u015f media qurumunun Az\u0259rbaycanla ba\u011fl\u0131 bu sayaq ucuz v\u0259 b\u0259sit gedi\u015fl\u0259r\u0259 yol verm\u0259si \u00f6lk\u0259mizin media ictimaiyy\u0259tind\u0259 d\u0259rin hidd\u0259t hissi do\u011furur. \u0130st\u0259rdik ki, sizl\u0259r d\u0259 \u0259sl h\u0259qiq\u0259tl\u0259rd\u0259n x\u0259b\u0259rdar olas\u0131n\u0131z, s\u00f6z v\u0259 ifad\u0259 azadl\u0131\u011f\u0131 m\u00fcst\u0259visind\u0259ki manipulyasiyalar\u0131n qar\u015f\u0131s\u0131n\u0131n al\u0131nmas\u0131 \u00fc\u00e7\u00fcn s\u0259f\u0259rb\u0259rlik n\u00fcmayi\u015f etdir\u0259siniz. Biz bu q\u0259na\u0259td\u0259yik ki, b\u0259\u015f\u0259ri d\u0259y\u0259rl\u0259r he\u00e7 bir maraql\u0131 t\u0259r\u0259f v\u0259 ya t\u0259r\u0259fl\u0259rin, o c\u00fcml\u0259d\u0259n &#8220;S\u0259rh\u0259dsiz reportyorlar&#8221; t\u0259\u015fkilat\u0131n\u0131n \u0259lind\u0259 al\u0259t\u0259 \u00e7evrilm\u0259m\u0259lidir\u201d, &#8211; m\u00fcraci\u0259td\u0259 vur\u011fulan\u0131r.<\/p>\n","protected":false},"excerpt":{"rendered":"<p>Az\u0259rbaycan M\u0259tbuat \u015euras\u0131 \u201cS\u0259rh\u0259dsiz reportyorlar\u201d t\u0259\u015fkilat\u0131n\u0131n xidm\u0259ti f\u0259aliyy\u0259tini yerin\u0259 yetir\u0259n ispaniyal\u0131 jurnalistl\u0259rin Erm\u0259nistan-Az\u0259rbaycan s\u0259rh\u0259dinin K\u0259lb\u0259c\u0259r rayonu \u0259razisind\u0259 Az\u0259rbaycan h\u0259rb\u00e7il\u0259ri t\u0259r\u0259find\u0259n guya \u00f6l\u00fcml\u0259 h\u0259d\u0259l\u0259ndikl\u0259rin\u0259 dair twitter hesab\u0131ndak\u0131 payla\u015f\u0131m\u0131 il\u0259 ba\u011fl\u0131 beyn\u0259lxalq t\u0259\u015fkilatlara v\u0259 xarici media qurumlar\u0131na m\u00fcraci\u0259t \u00fcnvanlay\u0131b. M\u00fcraci\u0259td\u0259 bildirilir ki, \u201cS\u0259rh\u0259dsiz reportyorlar\u201d t\u0259\u015fkilat\u0131 \u00f6z\u00fcn\u00fcn twitter hesab\u0131nda xidm\u0259ti f\u0259aliyy\u0259tini yerin\u0259 yetir\u0259n ispaniyal\u0131 jurnalistl\u0259rin Erm\u0259nistan-Az\u0259rbaycan s\u0259rh\u0259dinin K\u0259lb\u0259c\u0259r rayonu \u0259razisind\u0259 Az\u0259rbaycan h\u0259rb\u00e7il\u0259ri t\u0259r\u0259find\u0259n guya \u00f6l\u00fcml\u0259 h\u0259d\u0259l\u0259ndikl\u0259rin\u0259 dair payla\u015f\u0131m edib. &#8220;Az\u0259rbaycan M\u0259tbuat \u015euras\u0131 olaraq bildiririk ki, Erm\u0259nistan m\u00fcharib\u0259 m\u00fcdd\u0259tind\u0259 s\u00f6z v\u0259 ifad\u0259 azadl\u0131\u011f\u0131 m\u00fcst\u0259visind\u0259 \u00e7oxsayl\u0131 manipulyasiyalara, Az\u0259rbaycan\u0131n n\u0259zar\u0259tind\u0259 olan \u0259razil\u0259rd\u0259 hadis\u0259l\u0259ri i\u015f\u0131qland\u0131ran jurnalistl\u0259r\u0259 qar\u015f\u0131&hellip;<\/p>\n","protected":false},"author":2,"featured_media":351164,"comment_status":"closed","ping_status":"closed","sticky":false,"template":"","format":"standard","meta":{"om_disable_all_campaigns":false,"_monsterinsights_skip_tracking":false,"_monsterinsights_sitenote_active":false,"_monsterinsights_sitenote_note":"","_monsterinsights_sitenote_category":0},"categories":[26],"tags":[],"aioseo_notices":[],"gutentor_comment":0,"rttpg_featured_image_url":{"full":["https:\/\/arantv.az\/wp-content\/uploads\/2021\/06\/dd2051a4-7514-3389-b496-82338c734521_850.jpg",620,387,false],"landscape":["https:\/\/arantv.az\/wp-content\/uploads\/2021\/06\/dd2051a4-7514-3389-b496-82338c734521_850.jpg",620,387,false],"portraits":["https:\/\/arantv.az\/wp-content\/uploads\/2021\/06\/dd2051a4-7514-3389-b496-82338c734521_850.jpg",620,387,false],"thumbnail":["https:\/\/arantv.az\/wp-content\/uploads\/2021\/06\/dd2051a4-7514-3389-b496-82338c734521_850-500x280.jpg",500,280,true],"medium":["https:\/\/arantv.az\/wp-content\/uploads\/2021\/06\/dd2051a4-7514-3389-b496-82338c734521_850-585x365.jpg",585,365,true],"large":["https:\/\/arantv.az\/wp-content\/uploads\/2021\/06\/dd2051a4-7514-3389-b496-82338c734521_850.jpg",620,387,false],"1536x1536":["https:\/\/arantv.az\/wp-content\/uploads\/2021\/06\/dd2051a4-7514-3389-b496-82338c734521_850.jpg",620,387,false],"2048x2048":["https:\/\/arantv.az\/wp-content\/uploads\/2021\/06\/dd2051a4-7514-3389-b496-82338c734521_850.jpg",620,387,false],"post-thumbnail":["https:\/\/arantv.az\/wp-content\/uploads\/2021\/06\/dd2051a4-7514-3389-b496-82338c734521_850-240x172.jpg",240,172,true],"advps-thumb-one":["https:\/\/arantv.az\/wp-content\/uploads\/2021\/06\/dd2051a4-7514-3389-b496-82338c734521_850.jpg",620,387,false]},"rttpg_author":{"display_name":"V\u00fcsal Rafiqo\u011flu","author_link":"https:\/\/arantv.az\/?author=2"},"rttpg_comment":0,"rttpg_category":"<a href=\"https:\/\/arantv.az\/?cat=26\" rel=\"category\">Sosial<\/a>","rttpg_excerpt":"Az\u0259rbaycan M\u0259tbuat \u015euras\u0131 \u201cS\u0259rh\u0259dsiz reportyorlar\u201d t\u0259\u015fkilat\u0131n\u0131n xidm\u0259ti f\u0259aliyy\u0259tini yerin\u0259 yetir\u0259n ispaniyal\u0131 jurnalistl\u0259rin Erm\u0259nistan-Az\u0259rbaycan s\u0259rh\u0259dinin K\u0259lb\u0259c\u0259r rayonu \u0259razisind\u0259 Az\u0259rbaycan h\u0259rb\u00e7il\u0259ri t\u0259r\u0259find\u0259n guya \u00f6l\u00fcml\u0259 h\u0259d\u0259l\u0259ndikl\u0259rin\u0259 dair twitter hesab\u0131ndak\u0131 payla\u015f\u0131m\u0131 il\u0259 ba\u011fl\u0131 beyn\u0259lxalq t\u0259\u015fkilatlara v\u0259 xarici media qurumlar\u0131na m\u00fcraci\u0259t \u00fcnvanlay\u0131b. M\u00fcraci\u0259td\u0259 bildirilir ki, \u201cS\u0259rh\u0259dsiz reportyorlar\u201d t\u0259\u015fkilat\u0131 \u00f6z\u00fcn\u00fcn twitter hesab\u0131nda xidm\u0259ti f\u0259aliyy\u0259tini yerin\u0259 yetir\u0259n ispaniyal\u0131 jurnalistl\u0259rin Erm\u0259nistan-Az\u0259rbaycan s\u0259rh\u0259dinin K\u0259lb\u0259c\u0259r&hellip;","_links":{"self":[{"href":"https:\/\/arantv.az\/index.php?rest_route=\/wp\/v2\/posts\/351163"}],"collection":[{"href":"https:\/\/arantv.az\/index.php?rest_route=\/wp\/v2\/posts"}],"about":[{"href":"https:\/\/arantv.az\/index.php?rest_route=\/wp\/v2\/types\/post"}],"author":[{"embeddable":true,"href":"https:\/\/arantv.az\/index.php?rest_route=\/wp\/v2\/users\/2"}],"replies":[{"embeddable":true,"href":"https:\/\/arantv.az\/index.php?rest_route=%2Fwp%2Fv2%2Fcomments&post=351163"}],"version-history":[{"count":0,"href":"https:\/\/arantv.az\/index.php?rest_route=\/wp\/v2\/posts\/351163\/revisions"}],"wp:featuredmedia":[{"embeddable":true,"href":"https:\/\/arantv.az\/index.php?rest_route=\/wp\/v2\/media\/351164"}],"wp:attachment":[{"href":"https:\/\/arantv.az\/index.php?rest_route=%2Fwp%2Fv2%2Fmedia&parent=351163"}],"wp:term":[{"taxonomy":"category","embeddable":true,"href":"https:\/\/arantv.az\/index.php?rest_route=%2Fwp%2Fv2%2Fcategories&post=351163"},{"taxonomy":"post_tag","embeddable":true,"href":"https:\/\/arantv.az\/index.php?rest_route=%2Fwp%2Fv2%2Ftags&post=351163"}],"curies":[{"name":"wp","href":"https:\/\/api.w.org\/{rel}","templated":true}]}}