{"id":351169,"date":"2021-06-24T21:06:30","date_gmt":"2021-06-24T18:06:30","guid":{"rendered":"https:\/\/arantv.az\/?p=351169"},"modified":"2021-06-24T21:06:30","modified_gmt":"2021-06-24T18:06:30","slug":"prezident-anar-m%c9%99mm%c9%99dova-polis-general-mayoru-ali-xususi-rutb%c9%99sini-verilm%c9%99si-il%c9%99-bagli-s%c9%99r%c9%99ncam-imzaladi","status":"publish","type":"post","link":"https:\/\/arantv.az\/?p=351169","title":{"rendered":"Prezident Anar M\u0259mm\u0259dova polis general-mayoru ali x\u00fcsusi r\u00fctb\u0259sini verilm\u0259si il\u0259 ba\u011fl\u0131 S\u0259r\u0259ncam imzalad\u0131"},"content":{"rendered":"<p>Prezident \u0130lham \u018fliyev A.M.M\u0259mm\u0259dova polis general-mayoru ali x\u00fcsusi r\u00fctb\u0259sinin verilm\u0259si haqq\u0131nda S\u0259r\u0259ncam imzalad\u0131.<\/p>\n<p>S\u0259r\u0259ncam\u0131 t\u0259qdim edirik:<\/p>\n<p>Az\u0259rbaycan Respublikas\u0131 Konstitusiyas\u0131n\u0131n 109-cu madd\u0259sinin 24-c\u00fc b\u0259ndini r\u0259hb\u0259r tutaraq q\u0259rara al\u0131ram:<\/p>\n<p>Az\u0259rbaycan Respublikas\u0131n\u0131n T\u0259hl\u00fck\u0259sizlik \u015euras\u0131 Katibinin Xidm\u0259tinin \u00dcmumi t\u0259hl\u00fck\u0259sizlik m\u0259s\u0259l\u0259l\u0259ri \u015f\u00f6b\u0259sinin m\u00fcdiri Anar M\u0259h\u0259mm\u0259d o\u011flu M\u0259mm\u0259dova polis general-mayoru ali x\u00fcsusi r\u00fctb\u0259si verilsin.<\/p>\n","protected":false},"excerpt":{"rendered":"<p>Prezident \u0130lham \u018fliyev A.M.M\u0259mm\u0259dova polis general-mayoru ali x\u00fcsusi r\u00fctb\u0259sinin verilm\u0259si haqq\u0131nda S\u0259r\u0259ncam imzalad\u0131. S\u0259r\u0259ncam\u0131 t\u0259qdim edirik: Az\u0259rbaycan Respublikas\u0131 Konstitusiyas\u0131n\u0131n 109-cu madd\u0259sinin 24-c\u00fc b\u0259ndini r\u0259hb\u0259r tutaraq q\u0259rara al\u0131ram: Az\u0259rbaycan Respublikas\u0131n\u0131n T\u0259hl\u00fck\u0259sizlik \u015euras\u0131 Katibinin Xidm\u0259tinin \u00dcmumi t\u0259hl\u00fck\u0259sizlik m\u0259s\u0259l\u0259l\u0259ri \u015f\u00f6b\u0259sinin m\u00fcdiri Anar M\u0259h\u0259mm\u0259d o\u011flu M\u0259mm\u0259dova polis general-mayoru ali x\u00fcsusi r\u00fctb\u0259si verilsin.<\/p>\n","protected":false},"author":2,"featured_media":351170,"comment_status":"closed","ping_status":"closed","sticky":false,"template":"","format":"standard","meta":{"om_disable_all_campaigns":false,"_monsterinsights_skip_tracking":false,"_monsterinsights_sitenote_active":false,"_monsterinsights_sitenote_note":"","_monsterinsights_sitenote_category":0},"categories":[4],"tags":[],"aioseo_notices":[],"gutentor_comment":0,"rttpg_featured_image_url":{"full":["https:\/\/arantv.az\/wp-content\/uploads\/2021\/06\/032000017625.jpg",620,465,false],"landscape":["https:\/\/arantv.az\/wp-content\/uploads\/2021\/06\/032000017625.jpg",620,465,false],"portraits":["https:\/\/arantv.az\/wp-content\/uploads\/2021\/06\/032000017625.jpg",620,465,false],"thumbnail":["https:\/\/arantv.az\/wp-content\/uploads\/2021\/06\/032000017625-500x280.jpg",500,280,true],"medium":["https:\/\/arantv.az\/wp-content\/uploads\/2021\/06\/032000017625-487x365.jpg",487,365,true],"large":["https:\/\/arantv.az\/wp-content\/uploads\/2021\/06\/032000017625.jpg",620,465,false],"1536x1536":["https:\/\/arantv.az\/wp-content\/uploads\/2021\/06\/032000017625.jpg",620,465,false],"2048x2048":["https:\/\/arantv.az\/wp-content\/uploads\/2021\/06\/032000017625.jpg",620,465,false],"post-thumbnail":["https:\/\/arantv.az\/wp-content\/uploads\/2021\/06\/032000017625-240x172.jpg",240,172,true],"advps-thumb-one":["https:\/\/arantv.az\/wp-content\/uploads\/2021\/06\/032000017625.jpg",620,465,false]},"rttpg_author":{"display_name":"V\u00fcsal Rafiqo\u011flu","author_link":"https:\/\/arantv.az\/?author=2"},"rttpg_comment":0,"rttpg_category":"<a href=\"https:\/\/arantv.az\/?cat=4\" rel=\"category\">Siyas\u0259t<\/a>","rttpg_excerpt":"Prezident \u0130lham \u018fliyev A.M.M\u0259mm\u0259dova polis general-mayoru ali x\u00fcsusi r\u00fctb\u0259sinin verilm\u0259si haqq\u0131nda S\u0259r\u0259ncam imzalad\u0131. S\u0259r\u0259ncam\u0131 t\u0259qdim edirik: Az\u0259rbaycan Respublikas\u0131 Konstitusiyas\u0131n\u0131n 109-cu madd\u0259sinin 24-c\u00fc b\u0259ndini r\u0259hb\u0259r tutaraq q\u0259rara al\u0131ram: Az\u0259rbaycan Respublikas\u0131n\u0131n T\u0259hl\u00fck\u0259sizlik \u015euras\u0131 Katibinin Xidm\u0259tinin \u00dcmumi t\u0259hl\u00fck\u0259sizlik m\u0259s\u0259l\u0259l\u0259ri \u015f\u00f6b\u0259sinin m\u00fcdiri Anar M\u0259h\u0259mm\u0259d o\u011flu M\u0259mm\u0259dova polis general-mayoru ali x\u00fcsusi r\u00fctb\u0259si verilsin.","_links":{"self":[{"href":"https:\/\/arantv.az\/index.php?rest_route=\/wp\/v2\/posts\/351169"}],"collection":[{"href":"https:\/\/arantv.az\/index.php?rest_route=\/wp\/v2\/posts"}],"about":[{"href":"https:\/\/arantv.az\/index.php?rest_route=\/wp\/v2\/types\/post"}],"author":[{"embeddable":true,"href":"https:\/\/arantv.az\/index.php?rest_route=\/wp\/v2\/users\/2"}],"replies":[{"embeddable":true,"href":"https:\/\/arantv.az\/index.php?rest_route=%2Fwp%2Fv2%2Fcomments&post=351169"}],"version-history":[{"count":0,"href":"https:\/\/arantv.az\/index.php?rest_route=\/wp\/v2\/posts\/351169\/revisions"}],"wp:featuredmedia":[{"embeddable":true,"href":"https:\/\/arantv.az\/index.php?rest_route=\/wp\/v2\/media\/351170"}],"wp:attachment":[{"href":"https:\/\/arantv.az\/index.php?rest_route=%2Fwp%2Fv2%2Fmedia&parent=351169"}],"wp:term":[{"taxonomy":"category","embeddable":true,"href":"https:\/\/arantv.az\/index.php?rest_route=%2Fwp%2Fv2%2Fcategories&post=351169"},{"taxonomy":"post_tag","embeddable":true,"href":"https:\/\/arantv.az\/index.php?rest_route=%2Fwp%2Fv2%2Ftags&post=351169"}],"curies":[{"name":"wp","href":"https:\/\/api.w.org\/{rel}","templated":true}]}}