{"id":351417,"date":"2021-06-25T12:56:23","date_gmt":"2021-06-25T09:56:23","guid":{"rendered":"http:\/\/arantv.az\/?p=351417"},"modified":"2021-06-25T12:56:23","modified_gmt":"2021-06-25T09:56:23","slug":"ceyhun-bayramov-avropa-ittifaqi-olk%c9%99l%c9%99rinin-xin-bascilari-il%c9%99-gorusub-foto","status":"publish","type":"post","link":"https:\/\/arantv.az\/?p=351417","title":{"rendered":"Ceyhun Bayramov Avropa \u0130ttifaq\u0131 \u00f6lk\u0259l\u0259rinin X\u0130N ba\u015f\u00e7\u0131lar\u0131 il\u0259 g\u00f6r\u00fc\u015f\u00fcb &#8211; FOTO"},"content":{"rendered":"<p>\u201cAvstriya, Litva v\u0259 Rum\u0131niya xarici i\u015fl\u0259r nazirl\u0259ri\u00a0v\u0259 Az\u0259rbaycanda s\u0259f\u0259rd\u0259 olan Avropa \u0130ttifaq\u0131 n\u00fcmay\u0259nd\u0259 hey\u0259tinin \u00fczvl\u0259ri il\u0259 maraql\u0131 fikir m\u00fcbadil\u0259si apard\u0131q\u201d.<\/p>\n<p>Bunu Az\u0259rbaycan xarici i\u015fl\u0259r naziri Ceyhun Bayramov tvitter hesab\u0131nda\u00a0yaz\u0131b.<\/p>\n<div id=\"AdviadNativeVideo0\" class=\"AdviadNativeVideo\"><\/div>\n<p>\u201cG\u00f6r\u00fc\u015fd\u0259 regional t\u0259hl\u00fck\u0259sizlik m\u0259s\u0259l\u0259l\u0259ri, regional \u0259m\u0259kda\u015fl\u0131\u011f\u0131n perspektivl\u0259ri v\u0259 Avropa \u0130ttifaq\u0131 il\u0259 \u0259laq\u0259l\u0259r bar\u0259d\u0259 dan\u0131\u015f\u0131qlar apar\u0131ld\u0131\u201d, &#8211; dey\u0259 o vur\u011fulay\u0131b.<\/p>\n<div>\n<div class=\"twitter-tweet twitter-tweet-rendered\"><iframe id=\"twitter-widget-0\" class=\"\" title=\"Twitter Tweet\" src=\"https:\/\/platform.twitter.com\/embed\/Tweet.html?creatorScreenName=oxuaz&amp;dnt=false&amp;embedId=twitter-widget-0&amp;features=eyJ0ZndfZXhwZXJpbWVudHNfY29va2llX2V4cGlyYXRpb24iOnsiYnVja2V0IjoxMjA5NjAwLCJ2ZXJzaW9uIjpudWxsfSwidGZ3X2hvcml6b25fdHdlZXRfZW1iZWRfOTU1NSI6eyJidWNrZXQiOiJodGUiLCJ2ZXJzaW9uIjpudWxsfSwidGZ3X3R3ZWV0X2VtYmVkX2NsaWNrYWJpbGl0eV8xMjEwMiI6eyJidWNrZXQiOiJjb250cm9sIiwidmVyc2lvbiI6bnVsbH19&amp;frame=false&amp;hideCard=false&amp;hideThread=false&amp;id=1408348800398336006&amp;lang=en&amp;origin=https%3A%2F%2Foxu.az%2Fsociety%2F506551&amp;sessionId=5d19fd153f85ba6feae64ab1dbeeba54033f203b&amp;siteScreenName=oxuaz&amp;theme=light&amp;widgetsVersion=82e1070%3A1619632193066&amp;width=550px\" frameborder=\"0\" scrolling=\"no\" allowfullscreen=\"allowfullscreen\" data-tweet-id=\"1408348800398336006\" data-mce-fragment=\"1\"><\/iframe><\/div>\n<\/div>\n<p>&nbsp;<\/p>\n","protected":false},"excerpt":{"rendered":"<p>\u201cAvstriya, Litva v\u0259 Rum\u0131niya xarici i\u015fl\u0259r nazirl\u0259ri\u00a0v\u0259 Az\u0259rbaycanda s\u0259f\u0259rd\u0259 olan Avropa \u0130ttifaq\u0131 n\u00fcmay\u0259nd\u0259 hey\u0259tinin \u00fczvl\u0259ri il\u0259 maraql\u0131 fikir m\u00fcbadil\u0259si apard\u0131q\u201d. Bunu Az\u0259rbaycan xarici i\u015fl\u0259r naziri Ceyhun Bayramov tvitter hesab\u0131nda\u00a0yaz\u0131b. \u201cG\u00f6r\u00fc\u015fd\u0259 regional t\u0259hl\u00fck\u0259sizlik m\u0259s\u0259l\u0259l\u0259ri, regional \u0259m\u0259kda\u015fl\u0131\u011f\u0131n perspektivl\u0259ri v\u0259 Avropa \u0130ttifaq\u0131 il\u0259 \u0259laq\u0259l\u0259r bar\u0259d\u0259 dan\u0131\u015f\u0131qlar apar\u0131ld\u0131\u201d, &#8211; dey\u0259 o vur\u011fulay\u0131b. &nbsp;<\/p>\n","protected":false},"author":2,"featured_media":351418,"comment_status":"closed","ping_status":"closed","sticky":false,"template":"","format":"standard","meta":{"om_disable_all_campaigns":false,"_monsterinsights_skip_tracking":false,"_monsterinsights_sitenote_active":false,"_monsterinsights_sitenote_note":"","_monsterinsights_sitenote_category":0},"categories":[26],"tags":[],"aioseo_notices":[],"gutentor_comment":0,"rttpg_featured_image_url":{"full":["https:\/\/arantv.az\/wp-content\/uploads\/2021\/06\/bgfhe.jpg",620,413,false],"landscape":["https:\/\/arantv.az\/wp-content\/uploads\/2021\/06\/bgfhe.jpg",620,413,false],"portraits":["https:\/\/arantv.az\/wp-content\/uploads\/2021\/06\/bgfhe.jpg",620,413,false],"thumbnail":["https:\/\/arantv.az\/wp-content\/uploads\/2021\/06\/bgfhe-500x280.jpg",500,280,true],"medium":["https:\/\/arantv.az\/wp-content\/uploads\/2021\/06\/bgfhe-548x365.jpg",548,365,true],"large":["https:\/\/arantv.az\/wp-content\/uploads\/2021\/06\/bgfhe.jpg",620,413,false],"1536x1536":["https:\/\/arantv.az\/wp-content\/uploads\/2021\/06\/bgfhe.jpg",620,413,false],"2048x2048":["https:\/\/arantv.az\/wp-content\/uploads\/2021\/06\/bgfhe.jpg",620,413,false],"post-thumbnail":["https:\/\/arantv.az\/wp-content\/uploads\/2021\/06\/bgfhe-240x172.jpg",240,172,true],"advps-thumb-one":["https:\/\/arantv.az\/wp-content\/uploads\/2021\/06\/bgfhe.jpg",620,413,false]},"rttpg_author":{"display_name":"V\u00fcsal Rafiqo\u011flu","author_link":"https:\/\/arantv.az\/?author=2"},"rttpg_comment":0,"rttpg_category":"<a href=\"https:\/\/arantv.az\/?cat=26\" rel=\"category\">Sosial<\/a>","rttpg_excerpt":"\u201cAvstriya, Litva v\u0259 Rum\u0131niya xarici i\u015fl\u0259r nazirl\u0259ri\u00a0v\u0259 Az\u0259rbaycanda s\u0259f\u0259rd\u0259 olan Avropa \u0130ttifaq\u0131 n\u00fcmay\u0259nd\u0259 hey\u0259tinin \u00fczvl\u0259ri il\u0259 maraql\u0131 fikir m\u00fcbadil\u0259si apard\u0131q\u201d. Bunu Az\u0259rbaycan xarici i\u015fl\u0259r naziri Ceyhun Bayramov tvitter hesab\u0131nda\u00a0yaz\u0131b. \u201cG\u00f6r\u00fc\u015fd\u0259 regional t\u0259hl\u00fck\u0259sizlik m\u0259s\u0259l\u0259l\u0259ri, regional \u0259m\u0259kda\u015fl\u0131\u011f\u0131n perspektivl\u0259ri v\u0259 Avropa \u0130ttifaq\u0131 il\u0259 \u0259laq\u0259l\u0259r bar\u0259d\u0259 dan\u0131\u015f\u0131qlar apar\u0131ld\u0131\u201d, &#8211; dey\u0259 o vur\u011fulay\u0131b. &nbsp;","_links":{"self":[{"href":"https:\/\/arantv.az\/index.php?rest_route=\/wp\/v2\/posts\/351417"}],"collection":[{"href":"https:\/\/arantv.az\/index.php?rest_route=\/wp\/v2\/posts"}],"about":[{"href":"https:\/\/arantv.az\/index.php?rest_route=\/wp\/v2\/types\/post"}],"author":[{"embeddable":true,"href":"https:\/\/arantv.az\/index.php?rest_route=\/wp\/v2\/users\/2"}],"replies":[{"embeddable":true,"href":"https:\/\/arantv.az\/index.php?rest_route=%2Fwp%2Fv2%2Fcomments&post=351417"}],"version-history":[{"count":0,"href":"https:\/\/arantv.az\/index.php?rest_route=\/wp\/v2\/posts\/351417\/revisions"}],"wp:featuredmedia":[{"embeddable":true,"href":"https:\/\/arantv.az\/index.php?rest_route=\/wp\/v2\/media\/351418"}],"wp:attachment":[{"href":"https:\/\/arantv.az\/index.php?rest_route=%2Fwp%2Fv2%2Fmedia&parent=351417"}],"wp:term":[{"taxonomy":"category","embeddable":true,"href":"https:\/\/arantv.az\/index.php?rest_route=%2Fwp%2Fv2%2Fcategories&post=351417"},{"taxonomy":"post_tag","embeddable":true,"href":"https:\/\/arantv.az\/index.php?rest_route=%2Fwp%2Fv2%2Ftags&post=351417"}],"curies":[{"name":"wp","href":"https:\/\/api.w.org\/{rel}","templated":true}]}}