{"id":351430,"date":"2021-06-25T13:00:56","date_gmt":"2021-06-25T10:00:56","guid":{"rendered":"http:\/\/arantv.az\/?p=351430"},"modified":"2021-06-25T13:00:56","modified_gmt":"2021-06-25T10:00:56","slug":"yumurta-il%c9%99-cay-icm%c9%99yin-s%c9%99b%c9%99bi","status":"publish","type":"post","link":"https:\/\/arantv.az\/?p=351430","title":{"rendered":"Yumurta il\u0259 \u00e7ay i\u00e7m\u0259yin! &#8211; S\u018fB\u018fB\u0130"},"content":{"rendered":"<div><b>S\u0259h\u0259r yem\u0259yind\u0259 yumurta il\u0259 birlikd\u0259 \u00e7ay i\u00e7m\u0259k t\u0259hl\u00fck\u0259lidir.<\/b><\/div>\n<div><\/div>\n<div><strong>ARANTV.AZ<\/strong> x\u0259b\u0259r verir ki, bunu t\u00fcrkiy\u0259li diyetoloq Veysel Ci\u011ferli deyib:<\/div>\n<div><\/div>\n<div>\u201cBunun s\u0259b\u0259bi \u00e7ay\u0131n i\u00e7\u0259risind\u0259ki \u201ctanen\u201d adl\u0131 madd\u0259nin d\u0259mir \u0259milm\u0259sini azaltmas\u0131d\u0131r. Buna g\u00f6r\u0259 d\u0259 yumurta v\u0259 \u00e7ay birlikd\u0259 i\u00e7ilm\u0259m\u0259lidir. Bu sa\u011flaml\u0131\u011f\u0131n\u0131z \u00fc\u00e7\u00fcn t\u0259hl\u00fck\u0259lidir. \u0130ki asidik qidan\u0131n birlikd\u0259 q\u0259bulu z\u0259h\u0259rl\u0259nm\u0259 riskini art\u0131r\u0131r. Yem\u0259kl\u0259rin yan\u0131nda yeyil\u0259n qat\u0131q v\u0259 turp, m\u0259d\u0259d\u0259 yanma v\u0259 tur\u015fulu\u011fa s\u0259b\u0259b olar. H\u0259m\u00e7inin h\u0259zmi d\u0259 \u00e7\u0259tinl\u0259\u015fdirir.<\/div>\n<div><\/div>\n<div>\u018ft, bal\u0131q, toyuq il\u0259 s\u00fcd, s\u00fcd m\u0259hsullar\u0131 v\u0259 yumurtan\u0131 ayr\u0131 yem\u0259lisiniz. So\u011fan il\u0259 sar\u0131msaq da birlikd\u0259 yeyilm\u0259m\u0259lidir. Bunlar d\u0259rid\u0259 l\u0259k\u0259l\u0259r\u0259, ba\u015f f\u0131rlanmas\u0131na v\u0259 m\u0259d\u0259d\u0259 h\u0259zmsizliy\u0259 yol a\u00e7ar. \u00c7ay v\u0259 q\u0259hv\u0259nin yem\u0259kl\u0259rl\u0259 birlikd\u0259 q\u0259bulu d\u0259mir miqdar\u0131n\u0131 a\u015fa\u011f\u0131 sal\u0131r. M\u00fct\u0259x\u0259ssisl\u0259r bu i\u00e7kil\u0259rin yem\u0259kd\u0259n \u0259n az 45 d\u0259qiq\u0259 sonra i\u00e7ilm\u0259li oldu\u011funu deyirl\u0259r\u201d.<\/div>\n","protected":false},"excerpt":{"rendered":"<p>S\u0259h\u0259r yem\u0259yind\u0259 yumurta il\u0259 birlikd\u0259 \u00e7ay i\u00e7m\u0259k t\u0259hl\u00fck\u0259lidir. ARANTV.AZ x\u0259b\u0259r verir ki, bunu t\u00fcrkiy\u0259li diyetoloq Veysel Ci\u011ferli deyib: \u201cBunun s\u0259b\u0259bi \u00e7ay\u0131n i\u00e7\u0259risind\u0259ki \u201ctanen\u201d adl\u0131 madd\u0259nin d\u0259mir \u0259milm\u0259sini azaltmas\u0131d\u0131r. Buna g\u00f6r\u0259 d\u0259 yumurta v\u0259 \u00e7ay birlikd\u0259 i\u00e7ilm\u0259m\u0259lidir. Bu sa\u011flaml\u0131\u011f\u0131n\u0131z \u00fc\u00e7\u00fcn t\u0259hl\u00fck\u0259lidir. \u0130ki asidik qidan\u0131n birlikd\u0259 q\u0259bulu z\u0259h\u0259rl\u0259nm\u0259 riskini art\u0131r\u0131r. Yem\u0259kl\u0259rin yan\u0131nda yeyil\u0259n qat\u0131q v\u0259 turp, m\u0259d\u0259d\u0259 yanma v\u0259 tur\u015fulu\u011fa s\u0259b\u0259b olar. H\u0259m\u00e7inin h\u0259zmi d\u0259 \u00e7\u0259tinl\u0259\u015fdirir. \u018ft, bal\u0131q, toyuq il\u0259 s\u00fcd, s\u00fcd m\u0259hsullar\u0131 v\u0259 yumurtan\u0131 ayr\u0131 yem\u0259lisiniz. So\u011fan il\u0259 sar\u0131msaq da birlikd\u0259 yeyilm\u0259m\u0259lidir. Bunlar d\u0259rid\u0259 l\u0259k\u0259l\u0259r\u0259, ba\u015f f\u0131rlanmas\u0131na v\u0259 m\u0259d\u0259d\u0259 h\u0259zmsizliy\u0259 yol&hellip;<\/p>\n","protected":false},"author":2,"featured_media":351431,"comment_status":"closed","ping_status":"closed","sticky":false,"template":"","format":"standard","meta":{"om_disable_all_campaigns":false,"_monsterinsights_skip_tracking":false,"_monsterinsights_sitenote_active":false,"_monsterinsights_sitenote_note":"","_monsterinsights_sitenote_category":0},"categories":[26],"tags":[],"aioseo_notices":[],"gutentor_comment":0,"rttpg_featured_image_url":{"full":["https:\/\/arantv.az\/wp-content\/uploads\/2021\/06\/2021-06-25-12-52-218UsTa5l80TXe6d6Ofd1t_file.jpg",752,395,false],"landscape":["https:\/\/arantv.az\/wp-content\/uploads\/2021\/06\/2021-06-25-12-52-218UsTa5l80TXe6d6Ofd1t_file.jpg",752,395,false],"portraits":["https:\/\/arantv.az\/wp-content\/uploads\/2021\/06\/2021-06-25-12-52-218UsTa5l80TXe6d6Ofd1t_file.jpg",752,395,false],"thumbnail":["https:\/\/arantv.az\/wp-content\/uploads\/2021\/06\/2021-06-25-12-52-218UsTa5l80TXe6d6Ofd1t_file-500x280.jpg",500,280,true],"medium":["https:\/\/arantv.az\/wp-content\/uploads\/2021\/06\/2021-06-25-12-52-218UsTa5l80TXe6d6Ofd1t_file-660x347.jpg",660,347,true],"large":["https:\/\/arantv.az\/wp-content\/uploads\/2021\/06\/2021-06-25-12-52-218UsTa5l80TXe6d6Ofd1t_file.jpg",640,336,false],"1536x1536":["https:\/\/arantv.az\/wp-content\/uploads\/2021\/06\/2021-06-25-12-52-218UsTa5l80TXe6d6Ofd1t_file.jpg",752,395,false],"2048x2048":["https:\/\/arantv.az\/wp-content\/uploads\/2021\/06\/2021-06-25-12-52-218UsTa5l80TXe6d6Ofd1t_file.jpg",752,395,false],"post-thumbnail":["https:\/\/arantv.az\/wp-content\/uploads\/2021\/06\/2021-06-25-12-52-218UsTa5l80TXe6d6Ofd1t_file-240x172.jpg",240,172,true],"advps-thumb-one":["https:\/\/arantv.az\/wp-content\/uploads\/2021\/06\/2021-06-25-12-52-218UsTa5l80TXe6d6Ofd1t_file.jpg",752,395,false]},"rttpg_author":{"display_name":"V\u00fcsal Rafiqo\u011flu","author_link":"https:\/\/arantv.az\/?author=2"},"rttpg_comment":0,"rttpg_category":"<a href=\"https:\/\/arantv.az\/?cat=26\" rel=\"category\">Sosial<\/a>","rttpg_excerpt":"S\u0259h\u0259r yem\u0259yind\u0259 yumurta il\u0259 birlikd\u0259 \u00e7ay i\u00e7m\u0259k t\u0259hl\u00fck\u0259lidir. ARANTV.AZ x\u0259b\u0259r verir ki, bunu t\u00fcrkiy\u0259li diyetoloq Veysel Ci\u011ferli deyib: \u201cBunun s\u0259b\u0259bi \u00e7ay\u0131n i\u00e7\u0259risind\u0259ki \u201ctanen\u201d adl\u0131 madd\u0259nin d\u0259mir \u0259milm\u0259sini azaltmas\u0131d\u0131r. Buna g\u00f6r\u0259 d\u0259 yumurta v\u0259 \u00e7ay birlikd\u0259 i\u00e7ilm\u0259m\u0259lidir. Bu sa\u011flaml\u0131\u011f\u0131n\u0131z \u00fc\u00e7\u00fcn t\u0259hl\u00fck\u0259lidir. \u0130ki asidik qidan\u0131n birlikd\u0259 q\u0259bulu z\u0259h\u0259rl\u0259nm\u0259 riskini art\u0131r\u0131r. Yem\u0259kl\u0259rin yan\u0131nda yeyil\u0259n qat\u0131q v\u0259 turp, m\u0259d\u0259d\u0259&hellip;","_links":{"self":[{"href":"https:\/\/arantv.az\/index.php?rest_route=\/wp\/v2\/posts\/351430"}],"collection":[{"href":"https:\/\/arantv.az\/index.php?rest_route=\/wp\/v2\/posts"}],"about":[{"href":"https:\/\/arantv.az\/index.php?rest_route=\/wp\/v2\/types\/post"}],"author":[{"embeddable":true,"href":"https:\/\/arantv.az\/index.php?rest_route=\/wp\/v2\/users\/2"}],"replies":[{"embeddable":true,"href":"https:\/\/arantv.az\/index.php?rest_route=%2Fwp%2Fv2%2Fcomments&post=351430"}],"version-history":[{"count":0,"href":"https:\/\/arantv.az\/index.php?rest_route=\/wp\/v2\/posts\/351430\/revisions"}],"wp:featuredmedia":[{"embeddable":true,"href":"https:\/\/arantv.az\/index.php?rest_route=\/wp\/v2\/media\/351431"}],"wp:attachment":[{"href":"https:\/\/arantv.az\/index.php?rest_route=%2Fwp%2Fv2%2Fmedia&parent=351430"}],"wp:term":[{"taxonomy":"category","embeddable":true,"href":"https:\/\/arantv.az\/index.php?rest_route=%2Fwp%2Fv2%2Fcategories&post=351430"},{"taxonomy":"post_tag","embeddable":true,"href":"https:\/\/arantv.az\/index.php?rest_route=%2Fwp%2Fv2%2Ftags&post=351430"}],"curies":[{"name":"wp","href":"https:\/\/api.w.org\/{rel}","templated":true}]}}