{"id":351436,"date":"2021-06-25T13:02:48","date_gmt":"2021-06-25T10:02:48","guid":{"rendered":"http:\/\/arantv.az\/?p=351436"},"modified":"2021-06-25T13:02:48","modified_gmt":"2021-06-25T10:02:48","slug":"q%c9%99nir%c9%99-pasayevadan-azal-a-cagiris","status":"publish","type":"post","link":"https:\/\/arantv.az\/?p=351436","title":{"rendered":"Q\u0259nir\u0259 Pa\u015fayevadan AZAL-a \u00c7A\u011eIRI\u015e"},"content":{"rendered":"<p><strong>Deputat Q\u0259nir\u0259 Pa\u015fayeva Milli M\u0259clisd\u0259ki \u00e7\u0131x\u0131\u015f\u0131nda qarda\u015f T\u00fcrkiy\u0259 Prezidentinin \u015eu\u015fa s\u0259f\u0259rind\u0259n, Az\u0259rbaycan Prezidenti il\u0259 g\u00f6r\u00fc\u015f\u00fcnd\u0259n v\u0259 M\u00fctt\u0259fiqlik B\u0259yannam\u0259si imzalamas\u0131ndan b\u0259hs etdikd\u0259n sonra vacib \u00e7a\u011f\u0131r\u0131\u015f edib.<\/strong><\/p>\n<p><b>ARANTV.AZ <\/b>x\u0259b\u0259r verir ki, Milli M\u0259clisin komit\u0259 s\u0259dri T\u00fcrkiy\u0259d\u0259n Az\u0259rbaycana g\u0259lm\u0259k ist\u0259y\u0259n minl\u0259rl\u0259 qarda\u015f \u00f6lk\u0259 v\u0259t\u0259nda\u015flar\u0131n\u0131n vaxta\u015f\u0131r\u0131 onlar\u0131 narahat ed\u0259n m\u0259s\u0259l\u0259ni qald\u0131rd\u0131qlar\u0131n\u0131 xat\u0131rlad\u0131b.<\/p>\n<p><img loading=\"lazy\" src=\"https:\/\/publika.az\/storage\/2020\/03\/09\/qenire-pashayeva.jpg\" alt=\"\" width=\"700\" height=\"495\" \/><\/p>\n<p>Q\u0259nir\u0259 Pa\u015fayeva deyib ki, T\u00fcrkiy\u0259y\u0259 u\u00e7u\u015flarla ba\u011fl\u0131 h\u0259r g\u00fcn \u00e7oxlu sayda m\u00fcraci\u0259tl\u0259r al\u0131rlar: \u201cYaz\u0131rlar ki, biz T\u00fcrkiy\u0259d\u0259n d\u00fcnya \u00f6lk\u0259l\u0259rin\u0259 a\u015fa\u011f\u0131 qiym\u0259tl\u0259 u\u00e7uruq. Az\u0259rbaycana biletl\u0259rin qiym\u0259ti niy\u0259 bu q\u0259d\u0259r bahad\u0131r? Az\u0259rbaycandan da insanlar\u0131m\u0131z T\u00fcrkiy\u0259y\u0259 yaln\u0131z turist s\u0259f\u0259rl\u0259ri etmirl\u0259r, t\u0259hsil alma\u011fa, m\u00fcalic\u0259 olunma\u011fa ged\u0259nl\u0259rimiz var. Biz xahi\u015f edirik, bu qiym\u0259tl\u0259r\u0259 bax\u0131ls\u0131n. Bu qiym\u0259tl\u0259r sad\u0259c\u0259 turizm \u00fc\u00e7\u00fcn \u00f6n\u0259mli deyil. Ona g\u00f6r\u0259 d\u0259 m\u0259n buradan AZAL-a v\u0259 m\u00fcvafiq qurumlara \u00e7a\u011f\u0131r\u0131\u015f edir\u0259m, bu qiym\u0259tl\u0259r\u0259 bax\u0131ls\u0131n v\u0259 bu \u00e7a\u011f\u0131r\u0131\u015flar n\u0259z\u0259r\u0259 al\u0131ns\u0131n\u201d.<\/p>\n","protected":false},"excerpt":{"rendered":"<p>Deputat Q\u0259nir\u0259 Pa\u015fayeva Milli M\u0259clisd\u0259ki \u00e7\u0131x\u0131\u015f\u0131nda qarda\u015f T\u00fcrkiy\u0259 Prezidentinin \u015eu\u015fa s\u0259f\u0259rind\u0259n, Az\u0259rbaycan Prezidenti il\u0259 g\u00f6r\u00fc\u015f\u00fcnd\u0259n v\u0259 M\u00fctt\u0259fiqlik B\u0259yannam\u0259si imzalamas\u0131ndan b\u0259hs etdikd\u0259n sonra vacib \u00e7a\u011f\u0131r\u0131\u015f edib. ARANTV.AZ x\u0259b\u0259r verir ki, Milli M\u0259clisin komit\u0259 s\u0259dri T\u00fcrkiy\u0259d\u0259n Az\u0259rbaycana g\u0259lm\u0259k ist\u0259y\u0259n minl\u0259rl\u0259 qarda\u015f \u00f6lk\u0259 v\u0259t\u0259nda\u015flar\u0131n\u0131n vaxta\u015f\u0131r\u0131 onlar\u0131 narahat ed\u0259n m\u0259s\u0259l\u0259ni qald\u0131rd\u0131qlar\u0131n\u0131 xat\u0131rlad\u0131b. Q\u0259nir\u0259 Pa\u015fayeva deyib ki, T\u00fcrkiy\u0259y\u0259 u\u00e7u\u015flarla ba\u011fl\u0131 h\u0259r g\u00fcn \u00e7oxlu sayda m\u00fcraci\u0259tl\u0259r al\u0131rlar: \u201cYaz\u0131rlar ki, biz T\u00fcrkiy\u0259d\u0259n d\u00fcnya \u00f6lk\u0259l\u0259rin\u0259 a\u015fa\u011f\u0131 qiym\u0259tl\u0259 u\u00e7uruq. Az\u0259rbaycana biletl\u0259rin qiym\u0259ti niy\u0259 bu q\u0259d\u0259r bahad\u0131r? Az\u0259rbaycandan da insanlar\u0131m\u0131z T\u00fcrkiy\u0259y\u0259 yaln\u0131z turist s\u0259f\u0259rl\u0259ri etmirl\u0259r, t\u0259hsil alma\u011fa, m\u00fcalic\u0259 olunma\u011fa ged\u0259nl\u0259rimiz&hellip;<\/p>\n","protected":false},"author":2,"featured_media":351437,"comment_status":"closed","ping_status":"closed","sticky":false,"template":"","format":"standard","meta":{"om_disable_all_campaigns":false,"_monsterinsights_skip_tracking":false,"_monsterinsights_sitenote_active":false,"_monsterinsights_sitenote_note":"","_monsterinsights_sitenote_category":0},"categories":[19],"tags":[],"aioseo_notices":[],"gutentor_comment":0,"rttpg_featured_image_url":{"full":["https:\/\/arantv.az\/wp-content\/uploads\/2021\/06\/azal.jpg",800,450,false],"landscape":["https:\/\/arantv.az\/wp-content\/uploads\/2021\/06\/azal.jpg",800,450,false],"portraits":["https:\/\/arantv.az\/wp-content\/uploads\/2021\/06\/azal.jpg",800,450,false],"thumbnail":["https:\/\/arantv.az\/wp-content\/uploads\/2021\/06\/azal-500x280.jpg",500,280,true],"medium":["https:\/\/arantv.az\/wp-content\/uploads\/2021\/06\/azal-649x365.jpg",649,365,true],"large":["https:\/\/arantv.az\/wp-content\/uploads\/2021\/06\/azal.jpg",640,360,false],"1536x1536":["https:\/\/arantv.az\/wp-content\/uploads\/2021\/06\/azal.jpg",800,450,false],"2048x2048":["https:\/\/arantv.az\/wp-content\/uploads\/2021\/06\/azal.jpg",800,450,false],"post-thumbnail":["https:\/\/arantv.az\/wp-content\/uploads\/2021\/06\/azal-240x172.jpg",240,172,true],"advps-thumb-one":["https:\/\/arantv.az\/wp-content\/uploads\/2021\/06\/azal.jpg",800,450,false]},"rttpg_author":{"display_name":"V\u00fcsal Rafiqo\u011flu","author_link":"https:\/\/arantv.az\/?author=2"},"rttpg_comment":0,"rttpg_category":"<a href=\"https:\/\/arantv.az\/?cat=19\" rel=\"category\">G\u00fcnd\u0259m<\/a>","rttpg_excerpt":"Deputat Q\u0259nir\u0259 Pa\u015fayeva Milli M\u0259clisd\u0259ki \u00e7\u0131x\u0131\u015f\u0131nda qarda\u015f T\u00fcrkiy\u0259 Prezidentinin \u015eu\u015fa s\u0259f\u0259rind\u0259n, Az\u0259rbaycan Prezidenti il\u0259 g\u00f6r\u00fc\u015f\u00fcnd\u0259n v\u0259 M\u00fctt\u0259fiqlik B\u0259yannam\u0259si imzalamas\u0131ndan b\u0259hs etdikd\u0259n sonra vacib \u00e7a\u011f\u0131r\u0131\u015f edib. ARANTV.AZ x\u0259b\u0259r verir ki, Milli M\u0259clisin komit\u0259 s\u0259dri T\u00fcrkiy\u0259d\u0259n Az\u0259rbaycana g\u0259lm\u0259k ist\u0259y\u0259n minl\u0259rl\u0259 qarda\u015f \u00f6lk\u0259 v\u0259t\u0259nda\u015flar\u0131n\u0131n vaxta\u015f\u0131r\u0131 onlar\u0131 narahat ed\u0259n m\u0259s\u0259l\u0259ni qald\u0131rd\u0131qlar\u0131n\u0131 xat\u0131rlad\u0131b. Q\u0259nir\u0259 Pa\u015fayeva deyib ki, T\u00fcrkiy\u0259y\u0259 u\u00e7u\u015flarla ba\u011fl\u0131&hellip;","_links":{"self":[{"href":"https:\/\/arantv.az\/index.php?rest_route=\/wp\/v2\/posts\/351436"}],"collection":[{"href":"https:\/\/arantv.az\/index.php?rest_route=\/wp\/v2\/posts"}],"about":[{"href":"https:\/\/arantv.az\/index.php?rest_route=\/wp\/v2\/types\/post"}],"author":[{"embeddable":true,"href":"https:\/\/arantv.az\/index.php?rest_route=\/wp\/v2\/users\/2"}],"replies":[{"embeddable":true,"href":"https:\/\/arantv.az\/index.php?rest_route=%2Fwp%2Fv2%2Fcomments&post=351436"}],"version-history":[{"count":0,"href":"https:\/\/arantv.az\/index.php?rest_route=\/wp\/v2\/posts\/351436\/revisions"}],"wp:featuredmedia":[{"embeddable":true,"href":"https:\/\/arantv.az\/index.php?rest_route=\/wp\/v2\/media\/351437"}],"wp:attachment":[{"href":"https:\/\/arantv.az\/index.php?rest_route=%2Fwp%2Fv2%2Fmedia&parent=351436"}],"wp:term":[{"taxonomy":"category","embeddable":true,"href":"https:\/\/arantv.az\/index.php?rest_route=%2Fwp%2Fv2%2Fcategories&post=351436"},{"taxonomy":"post_tag","embeddable":true,"href":"https:\/\/arantv.az\/index.php?rest_route=%2Fwp%2Fv2%2Ftags&post=351436"}],"curies":[{"name":"wp","href":"https:\/\/api.w.org\/{rel}","templated":true}]}}