{"id":351439,"date":"2021-06-25T13:03:52","date_gmt":"2021-06-25T10:03:52","guid":{"rendered":"http:\/\/arantv.az\/?p=351439"},"modified":"2021-06-25T13:03:52","modified_gmt":"2021-06-25T10:03:52","slug":"zakir-h%c9%99s%c9%99nov-f%c9%99xri-xiyabani-v%c9%99-s%c9%99hidl%c9%99r-xiyabanini-ziyar%c9%99t-etdi-foto","status":"publish","type":"post","link":"https:\/\/arantv.az\/?p=351439","title":{"rendered":"Zakir H\u0259s\u0259nov F\u0259xri xiyaban\u0131 v\u0259 \u015e\u0259hidl\u0259r xiyaban\u0131n\u0131 ziyar\u0259t etdi &#8211; FOTO"},"content":{"rendered":"<p>Silahl\u0131 Q\u00fcvv\u0259l\u0259r G\u00fcn\u00fc m\u00fcnasib\u0259til\u0259 iyunun 25-d\u0259 m\u00fcdafi\u0259 naziri general-polkovnik Zakir H\u0259s\u0259nov v\u0259 nazirliyin r\u0259hb\u0259r hey\u0259ti F\u0259xri xiyaban\u0131 v\u0259 \u015e\u0259hidl\u0259r xiyaban\u0131n\u0131 ziyar\u0259t edib.<\/p>\n<p>Bununla ba\u011fl\u0131 M\u00fcdafi\u0259 Nazirliyi m\u0259lumat yay\u0131b.<\/p>\n<p>\u018fvv\u0259lc\u0259 xalq\u0131m\u0131z\u0131n \u00fcmummilli lideri Heyd\u0259r \u018fliyevin abid\u0259si \u00f6n\u00fcn\u0259 \u0259klil qoyulub, Ulu \u00d6nd\u0259rin xatir\u0259si h\u00f6rm\u0259t v\u0259 ehtiramla yad edilib.<\/p>\n<p>Sonra M\u00fcdafi\u0259 Nazirliyinin r\u0259hb\u0259rliyi \u015e\u0259hidl\u0259r xiyaban\u0131na g\u0259l\u0259r\u0259k \u00f6lk\u0259mizin suverenliyi v\u0259 \u0259razi b\u00fct\u00f6vl\u00fcy\u00fc u\u011frunda ged\u0259n d\u00f6y\u00fc\u015fl\u0259rd\u0259 canlar\u0131ndan ke\u00e7mi\u015f \u015f\u0259hidl\u0259rimizin m\u0259zarlar\u0131n\u0131 ziyar\u0259t edib, \u018fb\u0259di m\u0259\u015f\u0259l kompleksinin \u00f6n\u00fcn\u0259 \u0259klil qoyub.<\/p>\n<p>&nbsp;<\/p>\n<div class=\"gallery\">\n<div class=\"gallery-i\"><img src=\"https:\/\/cdn.oxu.az\/uploads\/W1siZiIsIjIwMjEvMDYvMjUvMTMvNTQvMzcvMjNhNjFmNDctZTc2YS00NzZhLThiZDktYWI4ZjFkMjczNGM1LzBhODNhYTMwZGVhZjgzNDYxZjJhZWMzODFmOWQwNmIwLmpwZyJdLFsicCIsImVuY29kZSIsImpwZyIsIi1xdWFsaXR5IDgwIl0sWyJwIiwidGh1bWIiLCI1OTB4NTkwXHUwMDNlIl1d?sha=9f06ed044b8854a6\" alt=\"\" \/><\/p>\n<div class=\"gallery-i-caption\"><\/div>\n<\/div>\n<div class=\"gallery-i\"><img src=\"https:\/\/cdn.oxu.az\/uploads\/W1siZiIsIjIwMjEvMDYvMjUvMTMvNTQvMzcvMTc0YWJmNGEtMWFjZi00NWMxLWIzZjUtNzc1NDcwYTMxOWJjLzg5OTllZDlkZTcwZDA2YzkyOGYwNDE2Yzg5MzFkYjViLmpwZyJdLFsicCIsImVuY29kZSIsImpwZyIsIi1xdWFsaXR5IDgwIl0sWyJwIiwidGh1bWIiLCI1OTB4NTkwXHUwMDNlIl1d?sha=024f089d8fc0eae3\" alt=\"\" \/><\/p>\n<div class=\"gallery-i-caption\"><\/div>\n<\/div>\n<div class=\"gallery-i\"><img src=\"https:\/\/cdn.oxu.az\/uploads\/W1siZiIsIjIwMjEvMDYvMjUvMTMvNTQvMzcvYTJlZTVkNTgtNzNmZC00OWU0LTljY2YtYzY3N2Y4Zjk3NjAzLzg1NTM3MmJkYTYxNzAyNjhkNmQ5NjkwYWExM2IxOGVkLmpwZyJdLFsicCIsImVuY29kZSIsImpwZyIsIi1xdWFsaXR5IDgwIl0sWyJwIiwidGh1bWIiLCI1OTB4NTkwXHUwMDNlIl1d?sha=3fbe85ce5800ff64\" alt=\"\" \/><\/p>\n<div class=\"gallery-i-caption\"><\/div>\n<\/div>\n<div class=\"gallery-i\"><img src=\"https:\/\/cdn.oxu.az\/uploads\/W1siZiIsIjIwMjEvMDYvMjUvMTMvNTQvMzgvNWUzMjRlNmItNWFjMi00MTFhLTgzZjUtMTY5MDBlZTJmNGIzL2YzODhjZTZhYmQxMDViYWI4YzRhZmRkMjQ0N2FjNTAxLmpwZyJdLFsicCIsImVuY29kZSIsImpwZyIsIi1xdWFsaXR5IDgwIl0sWyJwIiwidGh1bWIiLCI1OTB4NTkwXHUwMDNlIl1d?sha=a39532940c729aaf\" alt=\"\" \/><\/div>\n<\/div>\n","protected":false},"excerpt":{"rendered":"<p>Silahl\u0131 Q\u00fcvv\u0259l\u0259r G\u00fcn\u00fc m\u00fcnasib\u0259til\u0259 iyunun 25-d\u0259 m\u00fcdafi\u0259 naziri general-polkovnik Zakir H\u0259s\u0259nov v\u0259 nazirliyin r\u0259hb\u0259r hey\u0259ti F\u0259xri xiyaban\u0131 v\u0259 \u015e\u0259hidl\u0259r xiyaban\u0131n\u0131 ziyar\u0259t edib. Bununla ba\u011fl\u0131 M\u00fcdafi\u0259 Nazirliyi m\u0259lumat yay\u0131b. \u018fvv\u0259lc\u0259 xalq\u0131m\u0131z\u0131n \u00fcmummilli lideri Heyd\u0259r \u018fliyevin abid\u0259si \u00f6n\u00fcn\u0259 \u0259klil qoyulub, Ulu \u00d6nd\u0259rin xatir\u0259si h\u00f6rm\u0259t v\u0259 ehtiramla yad edilib. Sonra M\u00fcdafi\u0259 Nazirliyinin r\u0259hb\u0259rliyi \u015e\u0259hidl\u0259r xiyaban\u0131na g\u0259l\u0259r\u0259k \u00f6lk\u0259mizin suverenliyi v\u0259 \u0259razi b\u00fct\u00f6vl\u00fcy\u00fc u\u011frunda ged\u0259n d\u00f6y\u00fc\u015fl\u0259rd\u0259 canlar\u0131ndan ke\u00e7mi\u015f \u015f\u0259hidl\u0259rimizin m\u0259zarlar\u0131n\u0131 ziyar\u0259t edib, \u018fb\u0259di m\u0259\u015f\u0259l kompleksinin \u00f6n\u00fcn\u0259 \u0259klil qoyub. &nbsp;<\/p>\n","protected":false},"author":2,"featured_media":351440,"comment_status":"closed","ping_status":"closed","sticky":false,"template":"","format":"standard","meta":{"om_disable_all_campaigns":false,"_monsterinsights_skip_tracking":false,"_monsterinsights_sitenote_active":false,"_monsterinsights_sitenote_note":"","_monsterinsights_sitenote_category":0},"categories":[10],"tags":[],"aioseo_notices":[],"gutentor_comment":0,"rttpg_featured_image_url":{"full":["https:\/\/arantv.az\/wp-content\/uploads\/2021\/06\/dbed5a550364e523dd81419a3949e205.jpg",620,428,false],"landscape":["https:\/\/arantv.az\/wp-content\/uploads\/2021\/06\/dbed5a550364e523dd81419a3949e205.jpg",620,428,false],"portraits":["https:\/\/arantv.az\/wp-content\/uploads\/2021\/06\/dbed5a550364e523dd81419a3949e205.jpg",620,428,false],"thumbnail":["https:\/\/arantv.az\/wp-content\/uploads\/2021\/06\/dbed5a550364e523dd81419a3949e205-500x280.jpg",500,280,true],"medium":["https:\/\/arantv.az\/wp-content\/uploads\/2021\/06\/dbed5a550364e523dd81419a3949e205-529x365.jpg",529,365,true],"large":["https:\/\/arantv.az\/wp-content\/uploads\/2021\/06\/dbed5a550364e523dd81419a3949e205.jpg",620,428,false],"1536x1536":["https:\/\/arantv.az\/wp-content\/uploads\/2021\/06\/dbed5a550364e523dd81419a3949e205.jpg",620,428,false],"2048x2048":["https:\/\/arantv.az\/wp-content\/uploads\/2021\/06\/dbed5a550364e523dd81419a3949e205.jpg",620,428,false],"post-thumbnail":["https:\/\/arantv.az\/wp-content\/uploads\/2021\/06\/dbed5a550364e523dd81419a3949e205-240x172.jpg",240,172,true],"advps-thumb-one":["https:\/\/arantv.az\/wp-content\/uploads\/2021\/06\/dbed5a550364e523dd81419a3949e205.jpg",620,428,false]},"rttpg_author":{"display_name":"V\u00fcsal Rafiqo\u011flu","author_link":"https:\/\/arantv.az\/?author=2"},"rttpg_comment":0,"rttpg_category":"<a href=\"https:\/\/arantv.az\/?cat=10\" rel=\"category\">C\u0259bh\u0259d\u0259n X\u0259b\u0259r<\/a>","rttpg_excerpt":"Silahl\u0131 Q\u00fcvv\u0259l\u0259r G\u00fcn\u00fc m\u00fcnasib\u0259til\u0259 iyunun 25-d\u0259 m\u00fcdafi\u0259 naziri general-polkovnik Zakir H\u0259s\u0259nov v\u0259 nazirliyin r\u0259hb\u0259r hey\u0259ti F\u0259xri xiyaban\u0131 v\u0259 \u015e\u0259hidl\u0259r xiyaban\u0131n\u0131 ziyar\u0259t edib. Bununla ba\u011fl\u0131 M\u00fcdafi\u0259 Nazirliyi m\u0259lumat yay\u0131b. \u018fvv\u0259lc\u0259 xalq\u0131m\u0131z\u0131n \u00fcmummilli lideri Heyd\u0259r \u018fliyevin abid\u0259si \u00f6n\u00fcn\u0259 \u0259klil qoyulub, Ulu \u00d6nd\u0259rin xatir\u0259si h\u00f6rm\u0259t v\u0259 ehtiramla yad edilib. Sonra M\u00fcdafi\u0259 Nazirliyinin r\u0259hb\u0259rliyi \u015e\u0259hidl\u0259r xiyaban\u0131na g\u0259l\u0259r\u0259k \u00f6lk\u0259mizin suverenliyi&hellip;","_links":{"self":[{"href":"https:\/\/arantv.az\/index.php?rest_route=\/wp\/v2\/posts\/351439"}],"collection":[{"href":"https:\/\/arantv.az\/index.php?rest_route=\/wp\/v2\/posts"}],"about":[{"href":"https:\/\/arantv.az\/index.php?rest_route=\/wp\/v2\/types\/post"}],"author":[{"embeddable":true,"href":"https:\/\/arantv.az\/index.php?rest_route=\/wp\/v2\/users\/2"}],"replies":[{"embeddable":true,"href":"https:\/\/arantv.az\/index.php?rest_route=%2Fwp%2Fv2%2Fcomments&post=351439"}],"version-history":[{"count":0,"href":"https:\/\/arantv.az\/index.php?rest_route=\/wp\/v2\/posts\/351439\/revisions"}],"wp:featuredmedia":[{"embeddable":true,"href":"https:\/\/arantv.az\/index.php?rest_route=\/wp\/v2\/media\/351440"}],"wp:attachment":[{"href":"https:\/\/arantv.az\/index.php?rest_route=%2Fwp%2Fv2%2Fmedia&parent=351439"}],"wp:term":[{"taxonomy":"category","embeddable":true,"href":"https:\/\/arantv.az\/index.php?rest_route=%2Fwp%2Fv2%2Fcategories&post=351439"},{"taxonomy":"post_tag","embeddable":true,"href":"https:\/\/arantv.az\/index.php?rest_route=%2Fwp%2Fv2%2Ftags&post=351439"}],"curies":[{"name":"wp","href":"https:\/\/api.w.org\/{rel}","templated":true}]}}