{"id":351485,"date":"2021-06-25T13:52:07","date_gmt":"2021-06-25T10:52:07","guid":{"rendered":"http:\/\/arantv.az\/?p=351485"},"modified":"2021-06-25T13:52:07","modified_gmt":"2021-06-25T10:52:07","slug":"v%c9%99kill%c9%99rin-500-manata-q%c9%99d%c9%99r-c%c9%99rim%c9%99l%c9%99nm%c9%99si-m%c9%99s%c9%99l%c9%99si-parlamentd%c9%99-mubahis%c9%99-yaratdi","status":"publish","type":"post","link":"https:\/\/arantv.az\/?p=351485","title":{"rendered":"V\u0259kill\u0259rin 500 manata q\u0259d\u0259r c\u0259rim\u0259l\u0259nm\u0259si m\u0259s\u0259l\u0259si parlamentd\u0259 m\u00fcbahis\u0259 yaratd\u0131"},"content":{"rendered":"<p><strong>&#8220;Biz art\u0131r\u0131lan m\u0259hk\u0259m\u0259 r\u00fcsumlar\u0131n\u0131n 50 faizinin m\u0259hk\u0259m\u0259 aparat\u0131 i\u015f\u00e7il\u0259rinin sosial v\u0259ziyy\u0259tinin yax\u015f\u0131la\u015fd\u0131r\u0131lmas\u0131na y\u00f6n\u0259ldil\u0259c\u0259yini bildiririk. Bu, d\u00fczg\u00fcn deyil&#8221;.<\/strong><\/p>\n<p><strong>ARANTV.AZ<\/strong> APA-ya istinad\u0259n bildirir ki, bunu Milli M\u0259clisin bu g\u00fcn ke\u00e7iril\u0259n iclas\u0131nda birinci oxunu\u015fda m\u00fczakir\u0259y\u0259 \u00e7\u0131xar\u0131lan M\u00fclki Prosessual M\u0259c\u0259ll\u0259y\u0259 t\u0259klif edil\u0259n d\u0259yi\u015fiklikl\u0259r\u0259 m\u00fcnasib\u0259t bildir\u0259n parlamentin \u0130nsan h\u00fcquqlar\u0131 komit\u0259sinin s\u0259dri Zahid Oruc bildirib.<\/p>\n<p>Z. Oruc deyib ki, v\u0259t\u0259nda\u015flar\u0131n hesab\u0131na m\u0259hk\u0259m\u0259 aparat\u0131 i\u015f\u00e7il\u0259rinin sosial durumunun yax\u015f\u0131la\u015fd\u0131r\u0131lmas\u0131 prinsipi d\u00fczg\u00fcn deyil.<\/p>\n<p>Mill\u0259t v\u0259kili Fazil Mustafa deyib ki, layih\u0259y\u0259 \u0259sas\u0259n, m\u0259hk\u0259m\u0259 a\u00e7\u0131q-a\u015fkar \u0259sass\u0131z v\u0259sat\u0259t v\u0259 \u015fikay\u0259tl\u0259r ver\u0259n, yaxud i\u015f\u0259 d\u00fczg\u00fcn v\u0259 tezlikl\u0259 bax\u0131lmas\u0131na v\u0259 onun h\u0259ll edilm\u0259sin\u0259 a\u015fkar sur\u0259td\u0259 mane\u00e7ilik t\u00f6r\u0259d\u0259n t\u0259r\u0259fi, onun n\u00fcmay\u0259nd\u0259sini v\u0259 ya v\u0259kilini 500 manatad\u0259k c\u0259rim\u0259 ed\u0259c\u0259k: &#8220;Bu, absurddur. M\u0259s\u0259l\u0259n, biz deputat olaraq biz\u0259 m\u00fcraci\u0259t ed\u0259n v\u0259t\u0259nda\u015flarla ba\u011fl\u0131 d\u00f6vl\u0259t qurumuna m\u00fcraci\u0259t edirik. O zaman h\u0259min d\u00f6vl\u0259t qurumu da bizim m\u00fcraci\u0259timizin \u0259sass\u0131z oldu\u011funu yazmal\u0131 v\u0259 bizi d\u0259 c\u0259rim\u0259l\u0259m\u0259lidir? Bu, tamamil\u0259 absurddur. Dig\u0259r t\u0259r\u0259fd\u0259n, r\u00fcsumlar hesab\u0131na hans\u0131sa qurumlar\u0131n i\u015f\u00e7il\u0259rinin sosial v\u0259ziyy\u0259tinin yax\u015f\u0131la\u015fd\u0131r\u0131lmas\u0131 m\u0259s\u0259l\u0259si tamamil\u0259 aradan qald\u0131rmaq laz\u0131md\u0131r&#8221;.<\/p>\n<p>Mill\u0259t v\u0259kili Azay Quliyev layih\u0259nin m\u0259qs\u0259dinin insanlar\u0131n m\u0259hk\u0259m\u0259y\u0259 etimad\u0131n\u0131 art\u0131rmaq oldu\u011funu diqq\u0259t\u0259 \u00e7atd\u0131r\u0131b: &#8220;M\u0259s\u0259l\u0259n, haz\u0131rl\u0131q institutlar\u0131 g\u00fccl\u0259ndirilir. Yaz\u0131l\u0131 icraat institutu da yeni institut olacaq. \u0130nsanlar yaz\u0131l\u0131 \u015f\u0259kild\u0259 h\u00fcquqi arqumentl\u0259rini t\u0259qdim edirl\u0259r v\u0259 \u015f\u0259ffafl\u0131q da art\u0131r. Dig\u0259r t\u0259r\u0259fd\u0259n, \u0259sass\u0131z v\u0259sat\u0259t qald\u0131r\u0131lmas\u0131na g\u00f6r\u0259 c\u0259rim\u0259 m\u00fc\u0259yy\u0259nl\u0259\u015firs\u0259, m\u0259qs\u0259d bel\u0259 \u0259sass\u0131z hallar\u0131n qar\u015f\u0131s\u0131n\u0131 almaqd\u0131r. Ona g\u00f6r\u0259 d\u0259 biz bunu d\u0259st\u0259kl\u0259m\u0259liyik&#8221;.<\/p>\n<p>Parlamentin M\u0259d\u0259niyy\u0259t komit\u0259sinin s\u0259dri Q\u0259nir\u0259 Pa\u015fayeva son ill\u0259rd\u0259 v\u0259kill\u0259rin say\u0131n\u0131n 840 n\u0259f\u0259rd\u0259n 2025-\u0259 qald\u0131r\u0131ld\u0131\u011f\u0131n\u0131 s\u00f6yl\u0259yib: &#8220;M\u0259hk\u0259m\u0259 a\u00e7\u0131q-a\u015fkar \u0259sass\u0131z v\u0259sat\u0259t v\u0259 \u015fikay\u0259tl\u0259r ver\u0259n, yaxud i\u015f\u0259 d\u00fczg\u00fcn v\u0259 tezlikl\u0259 bax\u0131lmas\u0131na v\u0259 onun h\u0259ll edilm\u0259sin\u0259 a\u015fkar sur\u0259td\u0259 mane\u00e7ilik t\u00f6r\u0259d\u0259n t\u0259r\u0259fi, onun n\u00fcmay\u0259nd\u0259sini v\u0259 ya v\u0259kilini 500 manatad\u0259k c\u0259rim\u0259 ed\u0259c\u0259k v\u0259 burada t\u0259kc\u0259 v\u0259kild\u0259n s\u00f6hb\u0259t getmir. Kas\u0131b insanlar bu c\u0259rim\u0259l\u0259rd\u0259n azad olunmal\u0131d\u0131r. \u00dcmumiyy\u0259tl\u0259, c\u0259rim\u0259nin m\u0259bl\u0259\u011fi m\u0259s\u0259l\u0259sin\u0259 yenid\u0259n bax\u0131lmal\u0131d\u0131r ki, naraz\u0131l\u0131q olmas\u0131n. Dig\u0259r t\u0259r\u0259fd\u0259n, \u0259sass\u0131z q\u0259rarlar ver\u0259n hakiml\u0259r hans\u0131 c\u0259rim\u0259ni \u00f6d\u0259yirl\u0259r? Bir m\u0259qam\u0131 da deyim. M\u0259hk\u0259m\u0259 il\u0259 ba\u011fl\u0131 r\u00fcsum 20 manatdan 100 manata qald\u0131r\u0131l\u0131r. El\u0259 insanlar var ki, \u00fcnvanl\u0131 sosial yard\u0131m bel\u0259 ala bilmir. Bu insanlar r\u00fcsumu nec\u0259 \u00f6d\u0259y\u0259c\u0259k? \u0130nsanlar ax\u0131\u015f\u0131b biz deputatlara m\u00fcraci\u0259t ed\u0259c\u0259kl\u0259r ki, yard\u0131m edin, r\u00fcsuma g\u00fcc\u00fcm\u00fcz \u00e7atm\u0131r, yaxud m\u0259hk\u0259m\u0259d\u0259 bizi c\u0259rim\u0259l\u0259y\u0259rl\u0259r. Ona g\u00f6r\u0259 d\u0259 m\u00fczakir\u0259l\u0259r apar\u0131b, c\u0259rim\u0259nin m\u0259bl\u0259\u011fi m\u0259s\u0259l\u0259sin\u0259 yenid\u0259n bax\u0131lsa, yax\u015f\u0131 olar &#8220;.<\/p>\n<p>Mill\u0259t v\u0259kili \u018fziz \u018fl\u0259kb\u0259rov da c\u0259rim\u0259 m\u0259s\u0259l\u0259sin\u0259 etiraz edib, bunun d\u00f6vl\u0259tin haz\u0131rda y\u00fcr\u00fctd\u00fcy\u00fc siyas\u0259t\u0259 zidd oldu\u011funu vur\u011fulay\u0131b.<\/p>\n","protected":false},"excerpt":{"rendered":"<p>&#8220;Biz art\u0131r\u0131lan m\u0259hk\u0259m\u0259 r\u00fcsumlar\u0131n\u0131n 50 faizinin m\u0259hk\u0259m\u0259 aparat\u0131 i\u015f\u00e7il\u0259rinin sosial v\u0259ziyy\u0259tinin yax\u015f\u0131la\u015fd\u0131r\u0131lmas\u0131na y\u00f6n\u0259ldil\u0259c\u0259yini bildiririk. Bu, d\u00fczg\u00fcn deyil&#8221;. ARANTV.AZ APA-ya istinad\u0259n bildirir ki, bunu Milli M\u0259clisin bu g\u00fcn ke\u00e7iril\u0259n iclas\u0131nda birinci oxunu\u015fda m\u00fczakir\u0259y\u0259 \u00e7\u0131xar\u0131lan M\u00fclki Prosessual M\u0259c\u0259ll\u0259y\u0259 t\u0259klif edil\u0259n d\u0259yi\u015fiklikl\u0259r\u0259 m\u00fcnasib\u0259t bildir\u0259n parlamentin \u0130nsan h\u00fcquqlar\u0131 komit\u0259sinin s\u0259dri Zahid Oruc bildirib. Z. Oruc deyib ki, v\u0259t\u0259nda\u015flar\u0131n hesab\u0131na m\u0259hk\u0259m\u0259 aparat\u0131 i\u015f\u00e7il\u0259rinin sosial durumunun yax\u015f\u0131la\u015fd\u0131r\u0131lmas\u0131 prinsipi d\u00fczg\u00fcn deyil. Mill\u0259t v\u0259kili Fazil Mustafa deyib ki, layih\u0259y\u0259 \u0259sas\u0259n, m\u0259hk\u0259m\u0259 a\u00e7\u0131q-a\u015fkar \u0259sass\u0131z v\u0259sat\u0259t v\u0259 \u015fikay\u0259tl\u0259r ver\u0259n, yaxud i\u015f\u0259 d\u00fczg\u00fcn v\u0259 tezlikl\u0259 bax\u0131lmas\u0131na v\u0259 onun h\u0259ll edilm\u0259sin\u0259 a\u015fkar&hellip;<\/p>\n","protected":false},"author":2,"featured_media":351486,"comment_status":"closed","ping_status":"closed","sticky":false,"template":"","format":"standard","meta":{"om_disable_all_campaigns":false,"_monsterinsights_skip_tracking":false,"_monsterinsights_sitenote_active":false,"_monsterinsights_sitenote_note":"","_monsterinsights_sitenote_category":0},"categories":[26],"tags":[],"aioseo_notices":[],"gutentor_comment":0,"rttpg_featured_image_url":{"full":["https:\/\/arantv.az\/wp-content\/uploads\/2021\/06\/milli_meclis_0574.jpg",800,600,false],"landscape":["https:\/\/arantv.az\/wp-content\/uploads\/2021\/06\/milli_meclis_0574.jpg",800,600,false],"portraits":["https:\/\/arantv.az\/wp-content\/uploads\/2021\/06\/milli_meclis_0574.jpg",800,600,false],"thumbnail":["https:\/\/arantv.az\/wp-content\/uploads\/2021\/06\/milli_meclis_0574-500x280.jpg",500,280,true],"medium":["https:\/\/arantv.az\/wp-content\/uploads\/2021\/06\/milli_meclis_0574-487x365.jpg",487,365,true],"large":["https:\/\/arantv.az\/wp-content\/uploads\/2021\/06\/milli_meclis_0574.jpg",640,480,false],"1536x1536":["https:\/\/arantv.az\/wp-content\/uploads\/2021\/06\/milli_meclis_0574.jpg",800,600,false],"2048x2048":["https:\/\/arantv.az\/wp-content\/uploads\/2021\/06\/milli_meclis_0574.jpg",800,600,false],"post-thumbnail":["https:\/\/arantv.az\/wp-content\/uploads\/2021\/06\/milli_meclis_0574-240x172.jpg",240,172,true],"advps-thumb-one":["https:\/\/arantv.az\/wp-content\/uploads\/2021\/06\/milli_meclis_0574.jpg",800,600,false]},"rttpg_author":{"display_name":"V\u00fcsal Rafiqo\u011flu","author_link":"https:\/\/arantv.az\/?author=2"},"rttpg_comment":0,"rttpg_category":"<a href=\"https:\/\/arantv.az\/?cat=26\" rel=\"category\">Sosial<\/a>","rttpg_excerpt":"&#8220;Biz art\u0131r\u0131lan m\u0259hk\u0259m\u0259 r\u00fcsumlar\u0131n\u0131n 50 faizinin m\u0259hk\u0259m\u0259 aparat\u0131 i\u015f\u00e7il\u0259rinin sosial v\u0259ziyy\u0259tinin yax\u015f\u0131la\u015fd\u0131r\u0131lmas\u0131na y\u00f6n\u0259ldil\u0259c\u0259yini bildiririk. Bu, d\u00fczg\u00fcn deyil&#8221;. ARANTV.AZ APA-ya istinad\u0259n bildirir ki, bunu Milli M\u0259clisin bu g\u00fcn ke\u00e7iril\u0259n iclas\u0131nda birinci oxunu\u015fda m\u00fczakir\u0259y\u0259 \u00e7\u0131xar\u0131lan M\u00fclki Prosessual M\u0259c\u0259ll\u0259y\u0259 t\u0259klif edil\u0259n d\u0259yi\u015fiklikl\u0259r\u0259 m\u00fcnasib\u0259t bildir\u0259n parlamentin \u0130nsan h\u00fcquqlar\u0131 komit\u0259sinin s\u0259dri Zahid Oruc bildirib. Z. Oruc deyib ki, v\u0259t\u0259nda\u015flar\u0131n hesab\u0131na&hellip;","_links":{"self":[{"href":"https:\/\/arantv.az\/index.php?rest_route=\/wp\/v2\/posts\/351485"}],"collection":[{"href":"https:\/\/arantv.az\/index.php?rest_route=\/wp\/v2\/posts"}],"about":[{"href":"https:\/\/arantv.az\/index.php?rest_route=\/wp\/v2\/types\/post"}],"author":[{"embeddable":true,"href":"https:\/\/arantv.az\/index.php?rest_route=\/wp\/v2\/users\/2"}],"replies":[{"embeddable":true,"href":"https:\/\/arantv.az\/index.php?rest_route=%2Fwp%2Fv2%2Fcomments&post=351485"}],"version-history":[{"count":0,"href":"https:\/\/arantv.az\/index.php?rest_route=\/wp\/v2\/posts\/351485\/revisions"}],"wp:featuredmedia":[{"embeddable":true,"href":"https:\/\/arantv.az\/index.php?rest_route=\/wp\/v2\/media\/351486"}],"wp:attachment":[{"href":"https:\/\/arantv.az\/index.php?rest_route=%2Fwp%2Fv2%2Fmedia&parent=351485"}],"wp:term":[{"taxonomy":"category","embeddable":true,"href":"https:\/\/arantv.az\/index.php?rest_route=%2Fwp%2Fv2%2Fcategories&post=351485"},{"taxonomy":"post_tag","embeddable":true,"href":"https:\/\/arantv.az\/index.php?rest_route=%2Fwp%2Fv2%2Ftags&post=351485"}],"curies":[{"name":"wp","href":"https:\/\/api.w.org\/{rel}","templated":true}]}}