{"id":351488,"date":"2021-06-25T14:00:39","date_gmt":"2021-06-25T11:00:39","guid":{"rendered":"http:\/\/arantv.az\/?p=351488"},"modified":"2021-06-25T14:00:39","modified_gmt":"2021-06-25T11:00:39","slug":"rauf-v%c9%99liyev-d%c9%99nizcil%c9%99rin-pes%c9%99-bayramini-t%c9%99brik-edib","status":"publish","type":"post","link":"https:\/\/arantv.az\/?p=351488","title":{"rendered":"Rauf V\u0259liyev d\u0259niz\u00e7il\u0259rin pe\u015f\u0259 bayram\u0131n\u0131 t\u0259brik edib"},"content":{"rendered":"<p>\u201cAz\u0259rbaycan X\u0259z\u0259r D\u0259niz G\u0259mi\u00e7iliyi\u201d QSC-nin s\u0259dri Rauf V\u0259liyev\u00a025 iyun \u201cD\u0259niz\u00e7i G\u00fcn\u00fc\u201d il\u0259 ba\u011fl\u0131 d\u0259niz\u00e7il\u0259ri t\u0259brik edib.<\/p>\n<p><strong>ARANTV.AZ <\/strong>\u00a0x\u0259b\u0259r verir ki, bu bar\u0259d\u0259 Az\u0259rbaycan X\u0259z\u0259r D\u0259niz G\u0259mi\u00e7iliyinin r\u0259smi \u201cFacebook\u201d hesab\u0131nda m\u0259lumat payla\u015f\u0131l\u0131b.<\/p>\n<p>Payla\u015f\u0131mda qeyd olunub:<\/p>\n<div id=\"AdviadNativeVideo0\" class=\"AdviadNativeVideo\"><\/div>\n<p>\u201cSizi\u00a0Prezidentimiz\u00a0\u0130lham \u018fliyevin 19 iyun 2014-c\u00fc il tarixli S\u0259r\u0259ncam\u0131 il\u0259 t\u0259sis edil\u0259n v\u0259 b\u00fct\u00fcn d\u0259niz n\u0259qliyyat\u0131 i\u015f\u00e7il\u0259rin\u0259 \u0259rm\u0259\u011fan\u0131 olan pe\u015f\u0259 bayram\u0131 m\u00fcnasib\u0259til\u0259 s\u0259mimi-q\u0259lbd\u0259n t\u0259brik edir, siz\u0259 uzun \u00f6m\u00fcr, m\u00f6hk\u0259m cansa\u011fl\u0131\u011f\u0131, m\u00fcst\u0259qil Az\u0259rbaycan\u0131m\u0131z\u0131n t\u0259r\u0259qqisi namin\u0259 \u00e7\u0259tin v\u0259 \u015f\u0259r\u0259fli f\u0259aliyy\u0259tinizd\u0259 yeni-yeni nailiyy\u0259tl\u0259r arzulay\u0131ram.<\/p>\n<p>Bu d\u0259f\u0259 pe\u015f\u0259 bayram\u0131n\u0131 x\u00fcsusi bir ovqatla \u2013 m\u00fcdrik d\u00f6vl\u0259t ba\u015f\u00e7\u0131m\u0131z\u0131n b\u00f6y\u00fck s\u0259rk\u0259rd\u0259lik m\u0259har\u0259ti v\u0259 yenilm\u0259z ordumuzun r\u0259\u015fad\u0259ti say\u0259sind\u0259 qalib \u00f6lk\u0259nin d\u0259niz\u00e7il\u0259ri kimi qar\u015f\u0131lay\u0131r\u0131q.<\/p>\n<p>ASCO-da \u0259n yax\u015f\u0131 \u0259n\u0259n\u0259l\u0259rd\u0259n biri pe\u015f\u0259 bayram\u0131n\u0131 sanball\u0131 \u0259m\u0259k nailiyy\u0259tl\u0259ri il\u0259 qar\u015f\u0131lamaqd\u0131r. Pandemiyan\u0131n yaratd\u0131\u011f\u0131 \u00e7\u0259tinlikl\u0259r\u0259 baxmayaraq, \u00e7oxminli kollektivimiz bu d\u0259f\u0259 d\u0259 pe\u015f\u0259 bayram\u0131n\u0131 \u0259libo\u015f qar\u015f\u0131lam\u0131r. Y\u00fckda\u015f\u0131malar\u0131n h\u0259cminin art\u0131r\u0131lmas\u0131, ASCO-nun X\u0259z\u0259rd\u0259 apar\u0131c\u0131 m\u00f6vqeyinin qorunub saxlan\u0131lmas\u0131, donanmalar\u0131m\u0131z\u0131n g\u0259miqay\u0131rman\u0131n son nailiyy\u0259tl\u0259ri \u0259sas\u0131nda in\u015fa olunmu\u015f g\u0259mil\u0259rl\u0259 g\u00fccl\u0259ndirilm\u0259si, d\u0259niz\u00e7il\u0259rin sosial-m\u0259i\u015f\u0259t \u015f\u0259raitinin yax\u015f\u0131la\u015fd\u0131r\u0131lmas\u0131 istiqam\u0259tind\u0259 at\u0131lan bir \u00e7ox m\u00fch\u00fcm add\u0131mlar h\u0259m d\u0259 pe\u015f\u0259 bayram\u0131na t\u00f6hf\u0259miz say\u0131la bil\u0259r.<\/p>\n<p>H\u00f6rm\u0259tli d\u0259niz\u00e7il\u0259r, \u0259min\u0259m ki, g\u00fcnd\u0259n-g\u00fcn\u0259 \u00e7i\u00e7\u0259kl\u0259n\u0259n m\u00fcst\u0259qil Az\u0259rbaycan\u0131 q\u0259tiyy\u0259tl\u0259 daha xo\u015fb\u0259xt g\u0259l\u0259c\u0259y\u0259 aparan d\u00f6vl\u0259t ba\u015f\u00e7\u0131m\u0131z\u0131n h\u0259r sah\u0259d\u0259 m\u00fct\u0259r\u0259qqi siyas\u0259tini d\u0259st\u0259kl\u0259diyinizi bundan sonra da \u0259m\u0259li i\u015finizl\u0259 s\u00fcbut ed\u0259c\u0259k, m\u00fcq\u0259dd\u0259s \u00fc\u00e7r\u0259ngli bayra\u011f\u0131m\u0131z\u0131 yax\u0131n-uzaq \u00f6lk\u0259l\u0259rin sular\u0131nda b\u00f6y\u00fck iftixarla dal\u011faland\u0131racaq, y\u00fck da\u015f\u0131nmas\u0131nda, X\u0259z\u0259rd\u0259 neft v\u0259 qaz istehsal\u0131nda y\u00fcks\u0259k d\u0259niz n\u0259qliyyat\u0131 xidm\u0259tl\u0259ri g\u00f6st\u0259rilm\u0259sind\u0259 \u00e7iyniniz\u0259 d\u00fc\u015f\u0259n b\u00fct\u00fcn v\u0259zif\u0259l\u0259ri layiqinc\u0259 yerin\u0259 yetir\u0259c\u0259ksiniz.<\/p>\n<p>Siz\u0259 ayd\u0131n s\u0259ma, u\u011furlu s\u0259f\u0259rl\u0259r arzulay\u0131ram\u201d.<\/p>\n","protected":false},"excerpt":{"rendered":"<p>\u201cAz\u0259rbaycan X\u0259z\u0259r D\u0259niz G\u0259mi\u00e7iliyi\u201d QSC-nin s\u0259dri Rauf V\u0259liyev\u00a025 iyun \u201cD\u0259niz\u00e7i G\u00fcn\u00fc\u201d il\u0259 ba\u011fl\u0131 d\u0259niz\u00e7il\u0259ri t\u0259brik edib. ARANTV.AZ \u00a0x\u0259b\u0259r verir ki, bu bar\u0259d\u0259 Az\u0259rbaycan X\u0259z\u0259r D\u0259niz G\u0259mi\u00e7iliyinin r\u0259smi \u201cFacebook\u201d hesab\u0131nda m\u0259lumat payla\u015f\u0131l\u0131b. Payla\u015f\u0131mda qeyd olunub: \u201cSizi\u00a0Prezidentimiz\u00a0\u0130lham \u018fliyevin 19 iyun 2014-c\u00fc il tarixli S\u0259r\u0259ncam\u0131 il\u0259 t\u0259sis edil\u0259n v\u0259 b\u00fct\u00fcn d\u0259niz n\u0259qliyyat\u0131 i\u015f\u00e7il\u0259rin\u0259 \u0259rm\u0259\u011fan\u0131 olan pe\u015f\u0259 bayram\u0131 m\u00fcnasib\u0259til\u0259 s\u0259mimi-q\u0259lbd\u0259n t\u0259brik edir, siz\u0259 uzun \u00f6m\u00fcr, m\u00f6hk\u0259m cansa\u011fl\u0131\u011f\u0131, m\u00fcst\u0259qil Az\u0259rbaycan\u0131m\u0131z\u0131n t\u0259r\u0259qqisi namin\u0259 \u00e7\u0259tin v\u0259 \u015f\u0259r\u0259fli f\u0259aliyy\u0259tinizd\u0259 yeni-yeni nailiyy\u0259tl\u0259r arzulay\u0131ram. Bu d\u0259f\u0259 pe\u015f\u0259 bayram\u0131n\u0131 x\u00fcsusi bir ovqatla \u2013 m\u00fcdrik d\u00f6vl\u0259t ba\u015f\u00e7\u0131m\u0131z\u0131n b\u00f6y\u00fck s\u0259rk\u0259rd\u0259lik m\u0259har\u0259ti v\u0259 yenilm\u0259z&hellip;<\/p>\n","protected":false},"author":2,"featured_media":351489,"comment_status":"closed","ping_status":"closed","sticky":false,"template":"","format":"standard","meta":{"om_disable_all_campaigns":false,"_monsterinsights_skip_tracking":false,"_monsterinsights_sitenote_active":false,"_monsterinsights_sitenote_note":"","_monsterinsights_sitenote_category":0},"categories":[26],"tags":[],"aioseo_notices":[],"gutentor_comment":0,"rttpg_featured_image_url":{"full":["https:\/\/arantv.az\/wp-content\/uploads\/2021\/06\/203655813_2947699735441423_187082139488341670_n.jpg",620,413,false],"landscape":["https:\/\/arantv.az\/wp-content\/uploads\/2021\/06\/203655813_2947699735441423_187082139488341670_n.jpg",620,413,false],"portraits":["https:\/\/arantv.az\/wp-content\/uploads\/2021\/06\/203655813_2947699735441423_187082139488341670_n.jpg",620,413,false],"thumbnail":["https:\/\/arantv.az\/wp-content\/uploads\/2021\/06\/203655813_2947699735441423_187082139488341670_n-500x280.jpg",500,280,true],"medium":["https:\/\/arantv.az\/wp-content\/uploads\/2021\/06\/203655813_2947699735441423_187082139488341670_n-548x365.jpg",548,365,true],"large":["https:\/\/arantv.az\/wp-content\/uploads\/2021\/06\/203655813_2947699735441423_187082139488341670_n.jpg",620,413,false],"1536x1536":["https:\/\/arantv.az\/wp-content\/uploads\/2021\/06\/203655813_2947699735441423_187082139488341670_n.jpg",620,413,false],"2048x2048":["https:\/\/arantv.az\/wp-content\/uploads\/2021\/06\/203655813_2947699735441423_187082139488341670_n.jpg",620,413,false],"post-thumbnail":["https:\/\/arantv.az\/wp-content\/uploads\/2021\/06\/203655813_2947699735441423_187082139488341670_n-240x172.jpg",240,172,true],"advps-thumb-one":["https:\/\/arantv.az\/wp-content\/uploads\/2021\/06\/203655813_2947699735441423_187082139488341670_n.jpg",620,413,false]},"rttpg_author":{"display_name":"V\u00fcsal Rafiqo\u011flu","author_link":"https:\/\/arantv.az\/?author=2"},"rttpg_comment":0,"rttpg_category":"<a href=\"https:\/\/arantv.az\/?cat=26\" rel=\"category\">Sosial<\/a>","rttpg_excerpt":"\u201cAz\u0259rbaycan X\u0259z\u0259r D\u0259niz G\u0259mi\u00e7iliyi\u201d QSC-nin s\u0259dri Rauf V\u0259liyev\u00a025 iyun \u201cD\u0259niz\u00e7i G\u00fcn\u00fc\u201d il\u0259 ba\u011fl\u0131 d\u0259niz\u00e7il\u0259ri t\u0259brik edib. ARANTV.AZ \u00a0x\u0259b\u0259r verir ki, bu bar\u0259d\u0259 Az\u0259rbaycan X\u0259z\u0259r D\u0259niz G\u0259mi\u00e7iliyinin r\u0259smi \u201cFacebook\u201d hesab\u0131nda m\u0259lumat payla\u015f\u0131l\u0131b. Payla\u015f\u0131mda qeyd olunub: \u201cSizi\u00a0Prezidentimiz\u00a0\u0130lham \u018fliyevin 19 iyun 2014-c\u00fc il tarixli S\u0259r\u0259ncam\u0131 il\u0259 t\u0259sis edil\u0259n v\u0259 b\u00fct\u00fcn d\u0259niz n\u0259qliyyat\u0131 i\u015f\u00e7il\u0259rin\u0259 \u0259rm\u0259\u011fan\u0131 olan pe\u015f\u0259 bayram\u0131 m\u00fcnasib\u0259til\u0259&hellip;","_links":{"self":[{"href":"https:\/\/arantv.az\/index.php?rest_route=\/wp\/v2\/posts\/351488"}],"collection":[{"href":"https:\/\/arantv.az\/index.php?rest_route=\/wp\/v2\/posts"}],"about":[{"href":"https:\/\/arantv.az\/index.php?rest_route=\/wp\/v2\/types\/post"}],"author":[{"embeddable":true,"href":"https:\/\/arantv.az\/index.php?rest_route=\/wp\/v2\/users\/2"}],"replies":[{"embeddable":true,"href":"https:\/\/arantv.az\/index.php?rest_route=%2Fwp%2Fv2%2Fcomments&post=351488"}],"version-history":[{"count":0,"href":"https:\/\/arantv.az\/index.php?rest_route=\/wp\/v2\/posts\/351488\/revisions"}],"wp:featuredmedia":[{"embeddable":true,"href":"https:\/\/arantv.az\/index.php?rest_route=\/wp\/v2\/media\/351489"}],"wp:attachment":[{"href":"https:\/\/arantv.az\/index.php?rest_route=%2Fwp%2Fv2%2Fmedia&parent=351488"}],"wp:term":[{"taxonomy":"category","embeddable":true,"href":"https:\/\/arantv.az\/index.php?rest_route=%2Fwp%2Fv2%2Fcategories&post=351488"},{"taxonomy":"post_tag","embeddable":true,"href":"https:\/\/arantv.az\/index.php?rest_route=%2Fwp%2Fv2%2Ftags&post=351488"}],"curies":[{"name":"wp","href":"https:\/\/api.w.org\/{rel}","templated":true}]}}