{"id":351777,"date":"2021-06-26T15:42:43","date_gmt":"2021-06-26T12:42:43","guid":{"rendered":"https:\/\/arantv.az\/?p=351777"},"modified":"2021-06-26T15:42:43","modified_gmt":"2021-06-26T12:42:43","slug":"d%c9%99mir-yumruq-abid%c9%99sinin-memari-%c9%99s%c9%99ri-bes-aya-hazirlamisam","status":"publish","type":"post","link":"https:\/\/arantv.az\/?p=351777","title":{"rendered":"\u201cD\u0259mir yumruq\u201d abid\u0259sinin memar\u0131: \u201c\u018fs\u0259ri be\u015f aya haz\u0131rlam\u0131\u015fam\u201d"},"content":{"rendered":"<p>\u201cHadrut q\u0259s\u0259b\u0259sind\u0259 qoyulan \u201cD\u0259mir yumruq\u201d abid\u0259si Prezident \u0130lham \u018fliyevin d\u0259mir yumru\u011fudur\u201d.<\/p>\n<p>Bunu \u201cQafqazinfo\u201dya q\u0259s\u0259b\u0259d\u0259 qoyulan, fotosu sosial \u015f\u0259b\u0259k\u0259l\u0259rd\u0259 geni\u015f yay\u0131lan abid\u0259nin m\u00fc\u0259llifi r\u0259ssam Elxan \u018fliyev bildirib.<\/p>\n<p>Onun s\u00f6zl\u0259rin\u0259 g\u00f6r\u0259, \u015eu\u015fada v\u0259 ya dig\u0259r i\u015f\u011faldan azad olunan \u0259razil\u0259rimizd\u0259 z\u0259f\u0259r yolunun \u00fcz\u0259rind\u0259 bel\u0259 bir abid\u0259 ucaltmaq arzusunda olub.<\/p>\n<div id=\"AdviadNativeVideo0\" class=\"AdviadNativeVideo\"><\/div>\n<p>\u201cPrezidentin m\u00f6ht\u0259\u015f\u0259m yumru\u011fu m\u0259ni bu abid\u0259ni yaratma\u011fa s\u00f6vq edib. \u018fvv\u0259lc\u0259, general\u0131m\u0131z Mayis B\u0259rxudarova bu abid\u0259nin ki\u00e7ik maketini haz\u0131rlay\u0131b t\u0259qdim etmi\u015fdim. O, \u00e7ox b\u0259y\u0259ndi v\u0259 s\u00f6hb\u0259t \u0259snas\u0131nda t\u0259klif etdim ki, g\u0259lin bunun b\u00f6y\u00fcy\u00fcn\u00fc d\u00fcz\u0259ld\u0259k. General\u0131m\u0131z da raz\u0131la\u015fd\u0131. Heyk\u0259lin v\u0259 \u201cZ\u0259f\u0259r \u015f\u0259hidl\u0259ri\u201d kompleksinin layih\u0259sini q\u0131z\u0131m \u2013 g\u0259nc memar G\u00fcl\u0259r \u018flizad\u0259 verdi. \u00d6z\u00fcm\u00fcn r\u0259hb\u0259ri oldu\u011fum \u015firk\u0259tin komandas\u0131 il\u0259 birlikd\u0259 is\u0259 \u201cD\u0259mir yumru\u011f\u201du \u00f6z v\u0259saitimiz hesab\u0131na haz\u0131rlad\u0131q\u201d.<\/p>\n<p>M\u00fc\u0259llif bildirib ki, Hadrutda h\u0259rbi hiss\u0259nin h\u0259y\u0259tind\u0259 qoyulan abid\u0259 t\u0259xmin\u0259n 5 aya \u0259rs\u0259y\u0259 g\u0259lib:<\/p>\n<p>\u201cD\u0259mir yumruq\u201d\u00a0qayalar\u0131n i\u00e7\u0259risind\u0259 haz\u0131rlan\u0131b. Abid\u0259d\u0259 bayra\u011f\u0131m\u0131z, ay-ulduz, \u0259sg\u0259rl\u0259rimiz, dronlar \u0259ks olunub. Haz\u0131rlanmas\u0131nda is\u0259 d\u0259mir listl\u0259rd\u0259n istifad\u0259 olunub. Bu abid\u0259ni h\u0259m Prezidentimiz\u0259, h\u0259m d\u0259 ordumuza h\u0259sr etmi\u015fik. \u0130yunun 24-d\u0259 abid\u0259nin a\u00e7\u0131l\u0131\u015f\u0131 olub. H\u0259min g\u00fcn h\u0259rbi hiss\u0259 komandiri v\u0259 general t\u0259r\u0259find\u0259n \u015f\u0259had\u0259tnam\u0259 il\u0259 t\u0259ltif olunmu\u015fam\u201d.<\/p>\n<p>&nbsp;<\/p>\n<div class=\"gallery\"><\/div>\n<p>Bundan \u0259vv\u0259l \u00f6z komandas\u0131 il\u0259 birg\u0259 Bak\u0131n\u0131n \u018fmircan q\u0259s\u0259b\u0259sind\u0259 abadl\u0131q i\u015fl\u0259ri g\u00f6r\u0259n r\u0259ssam i\u015f\u011faldan azad olunan torpaqlarda hans\u0131sa bir q\u0259s\u0259b\u0259ni g\u00f6t\u00fcr\u00fcb b\u00fct\u00f6vl\u00fckd\u0259 t\u0259mir etm\u0259k arzusunda oldu\u011funu da dil\u0259 g\u0259tirib.<\/p>\n","protected":false},"excerpt":{"rendered":"<p>\u201cHadrut q\u0259s\u0259b\u0259sind\u0259 qoyulan \u201cD\u0259mir yumruq\u201d abid\u0259si Prezident \u0130lham \u018fliyevin d\u0259mir yumru\u011fudur\u201d. Bunu \u201cQafqazinfo\u201dya q\u0259s\u0259b\u0259d\u0259 qoyulan, fotosu sosial \u015f\u0259b\u0259k\u0259l\u0259rd\u0259 geni\u015f yay\u0131lan abid\u0259nin m\u00fc\u0259llifi r\u0259ssam Elxan \u018fliyev bildirib. Onun s\u00f6zl\u0259rin\u0259 g\u00f6r\u0259, \u015eu\u015fada v\u0259 ya dig\u0259r i\u015f\u011faldan azad olunan \u0259razil\u0259rimizd\u0259 z\u0259f\u0259r yolunun \u00fcz\u0259rind\u0259 bel\u0259 bir abid\u0259 ucaltmaq arzusunda olub. \u201cPrezidentin m\u00f6ht\u0259\u015f\u0259m yumru\u011fu m\u0259ni bu abid\u0259ni yaratma\u011fa s\u00f6vq edib. \u018fvv\u0259lc\u0259, general\u0131m\u0131z Mayis B\u0259rxudarova bu abid\u0259nin ki\u00e7ik maketini haz\u0131rlay\u0131b t\u0259qdim etmi\u015fdim. O, \u00e7ox b\u0259y\u0259ndi v\u0259 s\u00f6hb\u0259t \u0259snas\u0131nda t\u0259klif etdim ki, g\u0259lin bunun b\u00f6y\u00fcy\u00fcn\u00fc d\u00fcz\u0259ld\u0259k. General\u0131m\u0131z da raz\u0131la\u015fd\u0131. Heyk\u0259lin v\u0259 \u201cZ\u0259f\u0259r \u015f\u0259hidl\u0259ri\u201d kompleksinin layih\u0259sini q\u0131z\u0131m \u2013&hellip;<\/p>\n","protected":false},"author":2,"featured_media":351778,"comment_status":"closed","ping_status":"closed","sticky":false,"template":"","format":"standard","meta":{"om_disable_all_campaigns":false,"_monsterinsights_skip_tracking":false,"_monsterinsights_sitenote_active":false,"_monsterinsights_sitenote_note":"","_monsterinsights_sitenote_category":0},"categories":[26],"tags":[],"aioseo_notices":[],"gutentor_comment":0,"rttpg_featured_image_url":{"full":["https:\/\/arantv.az\/wp-content\/uploads\/2021\/06\/FotoJet-36.jpg",620,422,false],"landscape":["https:\/\/arantv.az\/wp-content\/uploads\/2021\/06\/FotoJet-36.jpg",620,422,false],"portraits":["https:\/\/arantv.az\/wp-content\/uploads\/2021\/06\/FotoJet-36.jpg",620,422,false],"thumbnail":["https:\/\/arantv.az\/wp-content\/uploads\/2021\/06\/FotoJet-36-500x280.jpg",500,280,true],"medium":["https:\/\/arantv.az\/wp-content\/uploads\/2021\/06\/FotoJet-36-536x365.jpg",536,365,true],"large":["https:\/\/arantv.az\/wp-content\/uploads\/2021\/06\/FotoJet-36.jpg",620,422,false],"1536x1536":["https:\/\/arantv.az\/wp-content\/uploads\/2021\/06\/FotoJet-36.jpg",620,422,false],"2048x2048":["https:\/\/arantv.az\/wp-content\/uploads\/2021\/06\/FotoJet-36.jpg",620,422,false],"post-thumbnail":["https:\/\/arantv.az\/wp-content\/uploads\/2021\/06\/FotoJet-36-240x172.jpg",240,172,true],"advps-thumb-one":["https:\/\/arantv.az\/wp-content\/uploads\/2021\/06\/FotoJet-36.jpg",620,422,false]},"rttpg_author":{"display_name":"V\u00fcsal Rafiqo\u011flu","author_link":"https:\/\/arantv.az\/?author=2"},"rttpg_comment":0,"rttpg_category":"<a href=\"https:\/\/arantv.az\/?cat=26\" rel=\"category\">Sosial<\/a>","rttpg_excerpt":"\u201cHadrut q\u0259s\u0259b\u0259sind\u0259 qoyulan \u201cD\u0259mir yumruq\u201d abid\u0259si Prezident \u0130lham \u018fliyevin d\u0259mir yumru\u011fudur\u201d. Bunu \u201cQafqazinfo\u201dya q\u0259s\u0259b\u0259d\u0259 qoyulan, fotosu sosial \u015f\u0259b\u0259k\u0259l\u0259rd\u0259 geni\u015f yay\u0131lan abid\u0259nin m\u00fc\u0259llifi r\u0259ssam Elxan \u018fliyev bildirib. Onun s\u00f6zl\u0259rin\u0259 g\u00f6r\u0259, \u015eu\u015fada v\u0259 ya dig\u0259r i\u015f\u011faldan azad olunan \u0259razil\u0259rimizd\u0259 z\u0259f\u0259r yolunun \u00fcz\u0259rind\u0259 bel\u0259 bir abid\u0259 ucaltmaq arzusunda olub. \u201cPrezidentin m\u00f6ht\u0259\u015f\u0259m yumru\u011fu m\u0259ni bu abid\u0259ni yaratma\u011fa s\u00f6vq edib.&hellip;","_links":{"self":[{"href":"https:\/\/arantv.az\/index.php?rest_route=\/wp\/v2\/posts\/351777"}],"collection":[{"href":"https:\/\/arantv.az\/index.php?rest_route=\/wp\/v2\/posts"}],"about":[{"href":"https:\/\/arantv.az\/index.php?rest_route=\/wp\/v2\/types\/post"}],"author":[{"embeddable":true,"href":"https:\/\/arantv.az\/index.php?rest_route=\/wp\/v2\/users\/2"}],"replies":[{"embeddable":true,"href":"https:\/\/arantv.az\/index.php?rest_route=%2Fwp%2Fv2%2Fcomments&post=351777"}],"version-history":[{"count":0,"href":"https:\/\/arantv.az\/index.php?rest_route=\/wp\/v2\/posts\/351777\/revisions"}],"wp:featuredmedia":[{"embeddable":true,"href":"https:\/\/arantv.az\/index.php?rest_route=\/wp\/v2\/media\/351778"}],"wp:attachment":[{"href":"https:\/\/arantv.az\/index.php?rest_route=%2Fwp%2Fv2%2Fmedia&parent=351777"}],"wp:term":[{"taxonomy":"category","embeddable":true,"href":"https:\/\/arantv.az\/index.php?rest_route=%2Fwp%2Fv2%2Fcategories&post=351777"},{"taxonomy":"post_tag","embeddable":true,"href":"https:\/\/arantv.az\/index.php?rest_route=%2Fwp%2Fv2%2Ftags&post=351777"}],"curies":[{"name":"wp","href":"https:\/\/api.w.org\/{rel}","templated":true}]}}