{"id":353062,"date":"2021-07-01T08:38:18","date_gmt":"2021-07-01T05:38:18","guid":{"rendered":"http:\/\/arantv.az\/?p=353062"},"modified":"2021-07-01T08:38:18","modified_gmt":"2021-07-01T05:38:18","slug":"idar%c9%99l%c9%99rarasi-m%c9%99rk%c9%99zin-iqtisadi-m%c9%99s%c9%99l%c9%99l%c9%99r-uzr%c9%99-isci-qrupun-novb%c9%99ti-iclasi-kecirilib","status":"publish","type":"post","link":"https:\/\/arantv.az\/?p=353062","title":{"rendered":"\u0130dar\u0259l\u0259raras\u0131 M\u0259rk\u0259zin \u0130qtisadi m\u0259s\u0259l\u0259l\u0259r \u00fczr\u0259 \u0130\u015f\u00e7i Qrupun n\u00f6vb\u0259ti iclas\u0131 ke\u00e7irilib"},"content":{"rendered":"<p><strong>\u0130dar\u0259l\u0259raras\u0131 M\u0259rk\u0259zin \u0130qtisadi m\u0259s\u0259l\u0259l\u0259r \u00fczr\u0259 \u0130\u015f\u00e7i Qrupun n\u00f6vb\u0259ti iclas\u0131 ke\u00e7irilmi\u015fdir.\u00a0<\/strong><\/p>\n<p>Az\u0259rbaycan Respublikas\u0131n\u0131n i\u015f\u011faldan azad edilmi\u015f \u0259razil\u0259rind\u0259 m\u0259s\u0259l\u0259l\u0259rin m\u0259rk\u0259zl\u0259\u015fdirilmi\u015f qaydada h\u0259lli il\u0259 ba\u011fl\u0131 yarad\u0131lm\u0131\u015f \u018flaq\u0259l\u0259ndirm\u0259 Q\u0259rargah\u0131 n\u0259zdind\u0259 f\u0259aliyy\u0259t g\u00f6st\u0259r\u0259n \u0130dar\u0259l\u0259raras\u0131 M\u0259rk\u0259zin \u0130qtisadi M\u0259s\u0259l\u0259l\u0259r i\u015f\u00e7i qrupun 30 iyun 2021-ci il tarixd\u0259 n\u00f6vb\u0259ti iclas\u0131 ke\u00e7irilmi\u015fdir. Video formatda ke\u00e7iril\u0259n iclasda \u0130qtisadi M\u0259s\u0259l\u0259l\u0259r \u00fczr\u0259 \u0130\u015f\u00e7i Qrupda t\u0259msil olunan Prezident Administrasiyas\u0131, \u0130qtisadiyyat, Maliyy\u0259 v\u0259 Energetika nazirlikl\u0259rinin, M\u0259rk\u0259zi Bank, D\u00f6vl\u0259t Turizm Agentliyi, Qaraba\u011f Dir\u00e7\u0259li\u015f Fondu, \u0130poteka v\u0259 Kredit Z\u0259man\u0259t Fondunun n\u00fcmay\u0259nd\u0259l\u0259ri i\u015ftirak etmi\u015fl\u0259r.<\/p>\n<p>\u0130clasda i\u015f\u011faldan azad edilmi\u015f \u0259razil\u0259rd\u0259 xidm\u0259t g\u00f6st\u0259r\u0259n \u015f\u0259xsl\u0259rin ilkin istehlak t\u0259l\u0259batlar\u0131n\u0131 \u00f6d\u0259m\u0259k m\u0259qs\u0259di il\u0259 \u0259rzaq, \u0259cza\u00e7\u0131 d\u00fckanlar\u0131, bankomatlar\u0131n v\u0259 s. a\u00e7\u0131lmas\u0131 m\u0259qs\u0259dil\u0259 i\u015f adamlar\u0131n\u0131n iyul ay\u0131 \u0259rzind\u0259 K\u0259lb\u0259c\u0259r v\u0259 La\u00e7\u0131n rayonlar\u0131na s\u0259f\u0259rinin t\u0259\u015fkili il\u0259 ba\u011fl\u0131 m\u0259s\u0259l\u0259 m\u00fczakir\u0259 edilmi\u015f, s\u0259f\u0259rin proqram\u0131 v\u0259 mar\u015furutunun haz\u0131rlanmas\u0131, h\u0259m\u00e7inin t\u0259hl\u00fck\u0259sizlik m\u0259s\u0259l\u0259l\u0259rinin t\u0259min olunmas\u0131n\u0131n vacibliyi qeyd edilmi\u015fdir.<\/p>\n<p>\u018flaq\u0259l\u0259ndirm\u0259 Q\u0259rargah\u0131n\u0131n t\u0259sdiq etdiyi Strateji F\u0259aliyy\u0259t Plan\u0131nda n\u0259z\u0259rd\u0259 tutulmu\u015f t\u0259dbirl\u0259rin icras\u0131 m\u0259qs\u0259dil\u0259 \u0130qtisadiyyat Nazirliyi t\u0259r\u0259find\u0259n g\u00f6r\u00fclm\u00fc\u015f i\u015fl\u0259r bar\u0259d\u0259 s\u00f6z\u00fcged\u0259n nazirliyin\u00a0 r\u0259smisi hesabat vermi\u015fdir. Hesabatda qeyd edilir ki, \u00f6t\u0259n d\u00f6vr \u0259rzind\u0259 C\u0259bray\u0131l, F\u00fczuli, Qubadl\u0131, Z\u0259ngilan, A\u011fdam, Xocav\u0259nd, T\u0259rt\u0259r, \u015eu\u015fa, Xocal\u0131 v\u0259 K\u0259lb\u0259c\u0259r rayonlar\u0131 \u00fczr\u0259 c\u0259mi 13 307 da\u015f\u0131nmaz \u0259mlak\u0131n (10 483 \u0259d\u0259d tikili v\u0259 2 824 \u0259d\u0259d infrastruktur obyekti) \u00e7\u00f6l inventarla\u015fd\u0131rma i\u015fl\u0259ri tamamlanm\u0131\u015fd\u0131r. 1 525 km avtomobil yolunun, 292 km elektrik verili\u015fi x\u0259ttinin, 45 km qaz t\u0259chizat\u0131 x\u0259ttinin, 19 km su t\u0259chizat\u0131 x\u0259ttinin, 249 km suvarma \u015f\u0259b\u0259k\u0259sinin ilkin inventarla\u015fd\u0131r\u0131lmas\u0131 ba\u015fa \u00e7atd\u0131r\u0131lm\u0131\u015fd\u0131r. Bundan \u0259lav\u0259 533 000 ha torpaq sah\u0259si ortofoto x\u0259rit\u0259l\u0259r \u0259sas\u0131nda vektorla\u015fd\u0131r\u0131laraq elektron m\u0259lumat bazas\u0131na daxil edilmi\u015fdir.<\/p>\n<p>H\u0259m\u00e7inin 10 rayon \u00fczr\u0259 177 ya\u015fay\u0131\u015f m\u0259nt\u0259q\u0259sind\u0259 da\u015f\u0131nmaz \u0259mlak\u0131n ilkin inventarla\u015fd\u0131rma i\u015fl\u0259ri yekunla\u015fm\u0131\u015f, 2 ya\u015fay\u0131\u015f m\u0259nt\u0259q\u0259sind\u0259 i\u015fl\u0259r davam etdiril\u0259r\u0259k, 409 ya\u015fay\u0131\u015f m\u0259nt\u0259q\u0259sinin tamamil\u0259 da\u011f\u0131d\u0131l\u0131b yarars\u0131z hala g\u0259tirildiyi m\u00fc\u0259yy\u0259n edilmi\u015fdir.<\/p>\n<p>\u0130\u015f\u011faldan azad edilmi\u015f \u0259razil\u0259rin iqtisadi potensial\u0131n\u0131n qiym\u0259tl\u0259ndirilm\u0259si v\u0259 m\u00fcqayis\u0259li \u00fcst\u00fcnl\u00fck sah\u0259l\u0259rinin m\u00fc\u0259yy\u0259n edilm\u0259si istiqam\u0259tind\u0259 yerli v\u0259 xarici ekspertl\u0259rl\u0259 \u0259m\u0259kda\u015fl\u0131\u011fa start verilmi\u015fdir. Bu istiqam\u0259td\u0259 AMEA-n\u0131n \u0130qtisadiyyat \u0130nstitutu v\u0259 &#8220;Boston Consulting Group&#8221; m\u0259sl\u0259h\u0259t\u00e7i \u015firk\u0259ti il\u0259 birg\u0259 m\u00fcvafiq i\u015fl\u0259r apar\u0131lmaqdad\u0131r.<\/p>\n<p>\u0130qtisadiyyat Nazirliyi t\u0259r\u0259find\u0259n i\u015f\u011faldan azad edilmi\u015f \u0259razil\u0259rin b\u0259rpas\u0131 v\u0259 yenid\u0259n qurulmas\u0131, \u00f6lk\u0259 iqtisadiyyat\u0131na inteqrasiyas\u0131, dayan\u0131ql\u0131 v\u0259 tarazl\u0131 inki\u015faf\u0131n\u0131n t\u0259min olunmas\u0131, y\u00fcks\u0259k standartlara cavab ver\u0259n sosial rifaha nail olunmas\u0131 m\u0259qs\u0259dil\u0259 aidiyy\u0259ti d\u00f6vl\u0259t qurumlar\u0131n\u0131n r\u0259yi n\u0259z\u0259r\u0259 al\u0131nmaqla &#8220;Az\u0259rbaycan Respublikas\u0131n\u0131n i\u015f\u011faldan azad edilmi\u015f \u0259razil\u0259rinin 2021-2025-ci ill\u0259r \u00fczr\u0259 b\u0259rpas\u0131 v\u0259 dayan\u0131ql\u0131 inki\u015faf\u0131 D\u00f6vl\u0259t Proqram\u0131&#8221;n\u0131n layih\u0259si haz\u0131rlanm\u0131\u015fd\u0131r.<\/p>\n<p>\u0130\u015f\u011faldan azad edilmi\u015f \u0259razil\u0259rd\u0259 sahibkarl\u0131q f\u0259aliyy\u0259tinin h\u0259yata ke\u00e7irilm\u0259si il\u0259 ba\u011fl\u0131 m\u00fcraci\u0259tl\u0259rin q\u0259bulu, t\u0259hlili, sahibkarlar\u0131n m\u0259lumatland\u0131r\u0131lmas\u0131, m\u00fcvafiq t\u00f6vsiy\u0259l\u0259rin verilm\u0259si v\u0259 m\u00fcraci\u0259tl\u0259rin aidiyy\u0259ti olaraq y\u00f6nl\u0259ndirilm\u0259si i\u015fl\u0259ri \u0130qtisadiyyat Nazirliyi yan\u0131nda Ki\u00e7ik v\u0259 Orta Biznesin \u0130nki\u015faf\u0131 Agentliyi t\u0259r\u0259find\u0259n t\u0259min edilir. Haz\u0131rki d\u00f6vr\u0259 q\u0259d\u0259r 600-d\u0259n art\u0131q m\u00fcraci\u0259t daxil olmu\u015fdur. \u0130nvestisiya layih\u0259l\u0259rinin prioritetliyi t\u0259hlil edilir, potensial layih\u0259l\u0259r m\u00fc\u0259yy\u0259nl\u0259\u015fdirilir v\u0259 informasiya bazas\u0131na daxil edilir.<\/p>\n<p>D\u00f6vl\u0259t Tuzim Agentliyinin n\u00fcmay\u0259nd\u0259si \u00f6z hesabat\u0131nda bildirmi\u015fdir ki, turizm resurslar\u0131n\u0131n qiym\u0259tl\u0259ndirm\u0259 metodologiyas\u0131 \u0259sas\u0131nda turizm resurslar\u0131n\u0131n qiym\u0259tl\u0259ndirilm\u0259si turizm v\u0259 rekreasiya zonalar\u0131, n\u0259qliyyat d\u0259hlizl\u0259ri v\u0259 tematik m\u00f6vzular \u00fczr\u0259 (turizm mar\u015frutlar\u0131 \u00fczr\u0259) apar\u0131l\u0131r. Turizm m\u0259hsullar\u0131n\u0131n inki\u015faf etdirilm\u0259si istiqam\u0259tind\u0259 &#8220;Yolumuz Qaraba\u011fa&#8221; turizm mar\u015frutunun konsespiyas\u0131 \u00e7\u0259r\u00e7iv\u0259sind\u0259 &#8220;Yolumuz A\u011fdama&#8221; v\u0259 &#8220;F\u00fczuli-Xocav\u0259nd&#8221; tur proqrmalar\u0131n\u0131n layih\u0259l\u0259ri haz\u0131rlanm\u0131\u015fd\u0131r. B\u00f6lg\u0259nin &#8220;Milyon \u00fcr\u0259k, bir ba\u011f&#8221; turizm destinasiya brendinin yarad\u0131lmas\u0131 istiqam\u0259tind\u0259 i\u015fl\u0259r apar\u0131lm\u0131\u015f, h\u0259m\u00e7inin regionun turizm potensial\u0131n\u0131n 2021-ci il may v\u0259 iyun ay\u0131nda Dubay v\u0259 \u0130stanbul \u015f\u0259h\u0259rind\u0259 ke\u00e7iril\u0259n beyn\u0259lxalq s\u0259rgil\u0259rubd\u0259 t\u0259bli\u011f edilmi\u015fdir.<\/p>\n<p>T\u0259qdim olunan hesabatlar \u0130\u015f\u00e7i qrupunun \u00fczvl\u0259ri t\u0259r\u0259find\u0259n geni\u015f m\u00fczakir\u0259 edilmi\u015f v\u0259 t\u00f6vsiyy\u0259l\u0259r verilmi\u015fdir.<\/p>\n<p>Az\u0259rbaycan Respublikas\u0131 Prezidentinin 2020-ci il 24 noyabr tarixli S\u0259r\u0259ncam\u0131 il\u0259 yarad\u0131lm\u0131\u015f \u018flaq\u0259l\u0259ndirm\u0259 Q\u0259rargah\u0131na Prezident Administrasiyas\u0131n\u0131n r\u0259hb\u0259ri Samir Nuriyev r\u0259hb\u0259rlik edir.<\/p>\n","protected":false},"excerpt":{"rendered":"<p>\u0130dar\u0259l\u0259raras\u0131 M\u0259rk\u0259zin \u0130qtisadi m\u0259s\u0259l\u0259l\u0259r \u00fczr\u0259 \u0130\u015f\u00e7i Qrupun n\u00f6vb\u0259ti iclas\u0131 ke\u00e7irilmi\u015fdir.\u00a0 Az\u0259rbaycan Respublikas\u0131n\u0131n i\u015f\u011faldan azad edilmi\u015f \u0259razil\u0259rind\u0259 m\u0259s\u0259l\u0259l\u0259rin m\u0259rk\u0259zl\u0259\u015fdirilmi\u015f qaydada h\u0259lli il\u0259 ba\u011fl\u0131 yarad\u0131lm\u0131\u015f \u018flaq\u0259l\u0259ndirm\u0259 Q\u0259rargah\u0131 n\u0259zdind\u0259 f\u0259aliyy\u0259t g\u00f6st\u0259r\u0259n \u0130dar\u0259l\u0259raras\u0131 M\u0259rk\u0259zin \u0130qtisadi M\u0259s\u0259l\u0259l\u0259r i\u015f\u00e7i qrupun 30 iyun 2021-ci il tarixd\u0259 n\u00f6vb\u0259ti iclas\u0131 ke\u00e7irilmi\u015fdir. Video formatda ke\u00e7iril\u0259n iclasda \u0130qtisadi M\u0259s\u0259l\u0259l\u0259r \u00fczr\u0259 \u0130\u015f\u00e7i Qrupda t\u0259msil olunan Prezident Administrasiyas\u0131, \u0130qtisadiyyat, Maliyy\u0259 v\u0259 Energetika nazirlikl\u0259rinin, M\u0259rk\u0259zi Bank, D\u00f6vl\u0259t Turizm Agentliyi, Qaraba\u011f Dir\u00e7\u0259li\u015f Fondu, \u0130poteka v\u0259 Kredit Z\u0259man\u0259t Fondunun n\u00fcmay\u0259nd\u0259l\u0259ri i\u015ftirak etmi\u015fl\u0259r. \u0130clasda i\u015f\u011faldan azad edilmi\u015f \u0259razil\u0259rd\u0259 xidm\u0259t g\u00f6st\u0259r\u0259n \u015f\u0259xsl\u0259rin ilkin istehlak t\u0259l\u0259batlar\u0131n\u0131 \u00f6d\u0259m\u0259k m\u0259qs\u0259di il\u0259&hellip;<\/p>\n","protected":false},"author":2,"featured_media":353063,"comment_status":"closed","ping_status":"closed","sticky":false,"template":"","format":"standard","meta":{"om_disable_all_campaigns":false,"_monsterinsights_skip_tracking":false,"_monsterinsights_sitenote_active":false,"_monsterinsights_sitenote_note":"","_monsterinsights_sitenote_category":0},"categories":[4],"tags":[],"aioseo_notices":[],"gutentor_comment":0,"rttpg_featured_image_url":{"full":["https:\/\/arantv.az\/wp-content\/uploads\/2021\/07\/masa2.jpg",367,275,false],"landscape":["https:\/\/arantv.az\/wp-content\/uploads\/2021\/07\/masa2.jpg",367,275,false],"portraits":["https:\/\/arantv.az\/wp-content\/uploads\/2021\/07\/masa2.jpg",367,275,false],"thumbnail":["https:\/\/arantv.az\/wp-content\/uploads\/2021\/07\/masa2.jpg",367,275,false],"medium":["https:\/\/arantv.az\/wp-content\/uploads\/2021\/07\/masa2.jpg",367,275,false],"large":["https:\/\/arantv.az\/wp-content\/uploads\/2021\/07\/masa2.jpg",367,275,false],"1536x1536":["https:\/\/arantv.az\/wp-content\/uploads\/2021\/07\/masa2.jpg",367,275,false],"2048x2048":["https:\/\/arantv.az\/wp-content\/uploads\/2021\/07\/masa2.jpg",367,275,false],"post-thumbnail":["https:\/\/arantv.az\/wp-content\/uploads\/2021\/07\/masa2-240x172.jpg",240,172,true],"advps-thumb-one":["https:\/\/arantv.az\/wp-content\/uploads\/2021\/07\/masa2.jpg",367,275,false]},"rttpg_author":{"display_name":"V\u00fcsal Rafiqo\u011flu","author_link":"https:\/\/arantv.az\/?author=2"},"rttpg_comment":0,"rttpg_category":"<a href=\"https:\/\/arantv.az\/?cat=4\" rel=\"category\">Siyas\u0259t<\/a>","rttpg_excerpt":"\u0130dar\u0259l\u0259raras\u0131 M\u0259rk\u0259zin \u0130qtisadi m\u0259s\u0259l\u0259l\u0259r \u00fczr\u0259 \u0130\u015f\u00e7i Qrupun n\u00f6vb\u0259ti iclas\u0131 ke\u00e7irilmi\u015fdir.\u00a0 Az\u0259rbaycan Respublikas\u0131n\u0131n i\u015f\u011faldan azad edilmi\u015f \u0259razil\u0259rind\u0259 m\u0259s\u0259l\u0259l\u0259rin m\u0259rk\u0259zl\u0259\u015fdirilmi\u015f qaydada h\u0259lli il\u0259 ba\u011fl\u0131 yarad\u0131lm\u0131\u015f \u018flaq\u0259l\u0259ndirm\u0259 Q\u0259rargah\u0131 n\u0259zdind\u0259 f\u0259aliyy\u0259t g\u00f6st\u0259r\u0259n \u0130dar\u0259l\u0259raras\u0131 M\u0259rk\u0259zin \u0130qtisadi M\u0259s\u0259l\u0259l\u0259r i\u015f\u00e7i qrupun 30 iyun 2021-ci il tarixd\u0259 n\u00f6vb\u0259ti iclas\u0131 ke\u00e7irilmi\u015fdir. Video formatda ke\u00e7iril\u0259n iclasda \u0130qtisadi M\u0259s\u0259l\u0259l\u0259r \u00fczr\u0259 \u0130\u015f\u00e7i Qrupda t\u0259msil olunan Prezident Administrasiyas\u0131,&hellip;","_links":{"self":[{"href":"https:\/\/arantv.az\/index.php?rest_route=\/wp\/v2\/posts\/353062"}],"collection":[{"href":"https:\/\/arantv.az\/index.php?rest_route=\/wp\/v2\/posts"}],"about":[{"href":"https:\/\/arantv.az\/index.php?rest_route=\/wp\/v2\/types\/post"}],"author":[{"embeddable":true,"href":"https:\/\/arantv.az\/index.php?rest_route=\/wp\/v2\/users\/2"}],"replies":[{"embeddable":true,"href":"https:\/\/arantv.az\/index.php?rest_route=%2Fwp%2Fv2%2Fcomments&post=353062"}],"version-history":[{"count":0,"href":"https:\/\/arantv.az\/index.php?rest_route=\/wp\/v2\/posts\/353062\/revisions"}],"wp:featuredmedia":[{"embeddable":true,"href":"https:\/\/arantv.az\/index.php?rest_route=\/wp\/v2\/media\/353063"}],"wp:attachment":[{"href":"https:\/\/arantv.az\/index.php?rest_route=%2Fwp%2Fv2%2Fmedia&parent=353062"}],"wp:term":[{"taxonomy":"category","embeddable":true,"href":"https:\/\/arantv.az\/index.php?rest_route=%2Fwp%2Fv2%2Fcategories&post=353062"},{"taxonomy":"post_tag","embeddable":true,"href":"https:\/\/arantv.az\/index.php?rest_route=%2Fwp%2Fv2%2Ftags&post=353062"}],"curies":[{"name":"wp","href":"https:\/\/api.w.org\/{rel}","templated":true}]}}