{"id":353065,"date":"2021-07-01T12:03:12","date_gmt":"2021-07-01T09:03:12","guid":{"rendered":"http:\/\/arantv.az\/?p=353065"},"modified":"2021-07-01T12:03:23","modified_gmt":"2021-07-01T09:03:23","slug":"erm%c9%99ni-terrorcu-44-gunluk-muharib%c9%99d%c9%99-9000-d%c9%99n-cox-itkimiz-var","status":"publish","type":"post","link":"https:\/\/arantv.az\/?p=353065","title":{"rendered":"Erm\u0259ni terror\u00e7u: \u201c44 g\u00fcnl\u00fck m\u00fcharib\u0259d\u0259 9000-d\u0259n \u00e7ox itkimiz var\u201d"},"content":{"rendered":"<p>Erm\u0259nistanda h\u0259l\u0259 d\u0259 II Qaraba\u011f m\u00fcharib\u0259sind\u0259ki itkil\u0259rin say\u0131 d\u0259qiqlikl\u0259 a\u00e7\u0131qlanmay\u0131b.<\/p>\n<p>Erm\u0259nistan m\u0259tbuat\u0131na m\u00fcsahib\u0259sind\u0259 \u201cAramo\u201d terror\u00e7u d\u0259st\u0259sinin komandiri Aram Torqomyan bildirib ki, erm\u0259ni t\u0259r\u0259fi 44 g\u00fcnl\u00fck m\u00fcharib\u0259 d\u00f6vr\u00fcnd\u0259 sad\u0259c\u0259 \u00f6l\u00fcl\u0259rin say\u0131 bax\u0131m\u0131ndan h\u00f6kum\u0259tin a\u00e7\u0131qlad\u0131\u011f\u0131 r\u0259q\u0259ml\u0259rd\u0259n iki d\u0259f\u0259 \u00e7ox itki verib.<\/p>\n<p>\u201cM\u00fcharib\u0259 dayananda Z\u0259ng\u0259zurun m\u00fcxt\u0259lif yerl\u0259rind\u0259 tam \u015f\u0259kild\u0259 erm\u0259ni h\u0259rb\u00e7il\u0259rin c\u0259s\u0259dl\u0259ri il\u0259 dolmu\u015f \u201cSpayk\u201d \u015firk\u0259tin\u0259 m\u0259xsus soyuducular dayan\u0131rd\u0131. Bizim Pa\u015finyan\u0131n bildirdiyi kimi \u00fc\u00e7 yox, doqquz mind\u0259n \u00e7ox itkimiz var\u201d, &#8211; dey\u0259 A.Torqomyan bildirib.<\/p>\n","protected":false},"excerpt":{"rendered":"<p>Erm\u0259nistanda h\u0259l\u0259 d\u0259 II Qaraba\u011f m\u00fcharib\u0259sind\u0259ki itkil\u0259rin say\u0131 d\u0259qiqlikl\u0259 a\u00e7\u0131qlanmay\u0131b. Erm\u0259nistan m\u0259tbuat\u0131na m\u00fcsahib\u0259sind\u0259 \u201cAramo\u201d terror\u00e7u d\u0259st\u0259sinin komandiri Aram Torqomyan bildirib ki, erm\u0259ni t\u0259r\u0259fi 44 g\u00fcnl\u00fck m\u00fcharib\u0259 d\u00f6vr\u00fcnd\u0259 sad\u0259c\u0259 \u00f6l\u00fcl\u0259rin say\u0131 bax\u0131m\u0131ndan h\u00f6kum\u0259tin a\u00e7\u0131qlad\u0131\u011f\u0131 r\u0259q\u0259ml\u0259rd\u0259n iki d\u0259f\u0259 \u00e7ox itki verib. \u201cM\u00fcharib\u0259 dayananda Z\u0259ng\u0259zurun m\u00fcxt\u0259lif yerl\u0259rind\u0259 tam \u015f\u0259kild\u0259 erm\u0259ni h\u0259rb\u00e7il\u0259rin c\u0259s\u0259dl\u0259ri il\u0259 dolmu\u015f \u201cSpayk\u201d \u015firk\u0259tin\u0259 m\u0259xsus soyuducular dayan\u0131rd\u0131. Bizim Pa\u015finyan\u0131n bildirdiyi kimi \u00fc\u00e7 yox, doqquz mind\u0259n \u00e7ox itkimiz var\u201d, &#8211; dey\u0259 A.Torqomyan bildirib.<\/p>\n","protected":false},"author":2,"featured_media":353067,"comment_status":"closed","ping_status":"closed","sticky":false,"template":"","format":"standard","meta":{"om_disable_all_campaigns":false,"_monsterinsights_skip_tracking":false,"_monsterinsights_sitenote_active":false,"_monsterinsights_sitenote_note":"","_monsterinsights_sitenote_category":0},"categories":[10],"tags":[],"aioseo_notices":[],"gutentor_comment":0,"rttpg_featured_image_url":{"full":["https:\/\/arantv.az\/wp-content\/uploads\/2021\/07\/leA__.jpg",620,413,false],"landscape":["https:\/\/arantv.az\/wp-content\/uploads\/2021\/07\/leA__.jpg",620,413,false],"portraits":["https:\/\/arantv.az\/wp-content\/uploads\/2021\/07\/leA__.jpg",620,413,false],"thumbnail":["https:\/\/arantv.az\/wp-content\/uploads\/2021\/07\/leA__-500x280.jpg",500,280,true],"medium":["https:\/\/arantv.az\/wp-content\/uploads\/2021\/07\/leA__-548x365.jpg",548,365,true],"large":["https:\/\/arantv.az\/wp-content\/uploads\/2021\/07\/leA__.jpg",620,413,false],"1536x1536":["https:\/\/arantv.az\/wp-content\/uploads\/2021\/07\/leA__.jpg",620,413,false],"2048x2048":["https:\/\/arantv.az\/wp-content\/uploads\/2021\/07\/leA__.jpg",620,413,false],"post-thumbnail":["https:\/\/arantv.az\/wp-content\/uploads\/2021\/07\/leA__-240x172.jpg",240,172,true],"advps-thumb-one":["https:\/\/arantv.az\/wp-content\/uploads\/2021\/07\/leA__.jpg",620,413,false]},"rttpg_author":{"display_name":"V\u00fcsal Rafiqo\u011flu","author_link":"https:\/\/arantv.az\/?author=2"},"rttpg_comment":0,"rttpg_category":"<a href=\"https:\/\/arantv.az\/?cat=10\" rel=\"category\">C\u0259bh\u0259d\u0259n X\u0259b\u0259r<\/a>","rttpg_excerpt":"Erm\u0259nistanda h\u0259l\u0259 d\u0259 II Qaraba\u011f m\u00fcharib\u0259sind\u0259ki itkil\u0259rin say\u0131 d\u0259qiqlikl\u0259 a\u00e7\u0131qlanmay\u0131b. Erm\u0259nistan m\u0259tbuat\u0131na m\u00fcsahib\u0259sind\u0259 \u201cAramo\u201d terror\u00e7u d\u0259st\u0259sinin komandiri Aram Torqomyan bildirib ki, erm\u0259ni t\u0259r\u0259fi 44 g\u00fcnl\u00fck m\u00fcharib\u0259 d\u00f6vr\u00fcnd\u0259 sad\u0259c\u0259 \u00f6l\u00fcl\u0259rin say\u0131 bax\u0131m\u0131ndan h\u00f6kum\u0259tin a\u00e7\u0131qlad\u0131\u011f\u0131 r\u0259q\u0259ml\u0259rd\u0259n iki d\u0259f\u0259 \u00e7ox itki verib. \u201cM\u00fcharib\u0259 dayananda Z\u0259ng\u0259zurun m\u00fcxt\u0259lif yerl\u0259rind\u0259 tam \u015f\u0259kild\u0259 erm\u0259ni h\u0259rb\u00e7il\u0259rin c\u0259s\u0259dl\u0259ri il\u0259 dolmu\u015f \u201cSpayk\u201d \u015firk\u0259tin\u0259 m\u0259xsus soyuducular&hellip;","_links":{"self":[{"href":"https:\/\/arantv.az\/index.php?rest_route=\/wp\/v2\/posts\/353065"}],"collection":[{"href":"https:\/\/arantv.az\/index.php?rest_route=\/wp\/v2\/posts"}],"about":[{"href":"https:\/\/arantv.az\/index.php?rest_route=\/wp\/v2\/types\/post"}],"author":[{"embeddable":true,"href":"https:\/\/arantv.az\/index.php?rest_route=\/wp\/v2\/users\/2"}],"replies":[{"embeddable":true,"href":"https:\/\/arantv.az\/index.php?rest_route=%2Fwp%2Fv2%2Fcomments&post=353065"}],"version-history":[{"count":0,"href":"https:\/\/arantv.az\/index.php?rest_route=\/wp\/v2\/posts\/353065\/revisions"}],"wp:featuredmedia":[{"embeddable":true,"href":"https:\/\/arantv.az\/index.php?rest_route=\/wp\/v2\/media\/353067"}],"wp:attachment":[{"href":"https:\/\/arantv.az\/index.php?rest_route=%2Fwp%2Fv2%2Fmedia&parent=353065"}],"wp:term":[{"taxonomy":"category","embeddable":true,"href":"https:\/\/arantv.az\/index.php?rest_route=%2Fwp%2Fv2%2Fcategories&post=353065"},{"taxonomy":"post_tag","embeddable":true,"href":"https:\/\/arantv.az\/index.php?rest_route=%2Fwp%2Fv2%2Ftags&post=353065"}],"curies":[{"name":"wp","href":"https:\/\/api.w.org\/{rel}","templated":true}]}}