{"id":353077,"date":"2021-07-01T12:14:51","date_gmt":"2021-07-01T09:14:51","guid":{"rendered":"http:\/\/arantv.az\/?p=353077"},"modified":"2021-07-01T12:14:51","modified_gmt":"2021-07-01T09:14:51","slug":"daha-iki-v%c9%99t%c9%99n-muharib%c9%99si-istirakcisina-v%c9%99zif%c9%99-verildi-foto","status":"publish","type":"post","link":"https:\/\/arantv.az\/?p=353077","title":{"rendered":"Daha iki V\u0259t\u0259n M\u00fcharib\u0259si i\u015ftirak\u00e7\u0131s\u0131na V\u018fZ\u0130F\u018f VER\u0130LD\u0130 &#8211; FOTO"},"content":{"rendered":"<p>Yasamal Rayon \u0130cra Hakimiyy\u0259tind\u0259 (R\u0130H) yeni t\u0259yinatlar olub.<\/p>\n<p><strong>ARANTV.AZ<\/strong> Unikal.org-a istinad\u0259n <a title=\"xeberler son xeberler 2021\" href=\"https:\/\/big.az\/\" target=\"_blank\" rel=\"noopener\">x\u0259b\u0259r<\/a>\u00a0verir ki, R\u0130H-nin ba\u015f\u00e7\u0131s\u0131 El\u015fad H\u0259s\u0259novun \u0259mri il\u0259, ehtiyatda olan polkovnik-leytenant Samir Ismiyev &#8220;V\u0259t\u0259n m\u00fcharib\u0259si i\u015ftirak\u00e7\u0131lar\u0131 v\u0259 \u015f\u0259hid ail\u0259l\u0259ri il\u0259 i\u015fin t\u0259\u015fkili \u015f\u00f6b\u0259sinin m\u00fcdiri, Tural \u018fsg\u0259rov is\u0259 h\u0259min \u015f\u00f6b\u0259nin b\u00f6y\u00fck m\u0259sl\u0259h\u0259t\u00e7isi v\u0259zif\u0259sin\u0259 t\u0259yinat al\u0131blar.<\/p>\n<div id=\"AdviadNativeVideo0\" class=\"AdviadNativeVideo\"><\/div>\n<p>Qeyd ed\u0259k ki, v\u0259zif\u0259y\u0259 t\u0259yin edil\u0259n h\u0259r iki \u015f\u0259xs V\u0259t\u0259n M\u00fcharib\u0259si i\u015ftirak\u00e7\u0131s\u0131d\u0131r.<\/p>\n<p><img class=\"imgbcode\" src=\"https:\/\/upload.az\/foto\/arxiv\/ve2_71625125782.jpg\" alt=\"Daha iki V\u0259t\u0259n M\u00fcharib\u0259si i\u015ftirak\u00e7\u0131s\u0131na V\u018fZ\u0130F\u018f VER\u0130LD\u0130 - FOTO\" \/><\/p>\n","protected":false},"excerpt":{"rendered":"<p>Yasamal Rayon \u0130cra Hakimiyy\u0259tind\u0259 (R\u0130H) yeni t\u0259yinatlar olub. ARANTV.AZ Unikal.org-a istinad\u0259n x\u0259b\u0259r\u00a0verir ki, R\u0130H-nin ba\u015f\u00e7\u0131s\u0131 El\u015fad H\u0259s\u0259novun \u0259mri il\u0259, ehtiyatda olan polkovnik-leytenant Samir Ismiyev &#8220;V\u0259t\u0259n m\u00fcharib\u0259si i\u015ftirak\u00e7\u0131lar\u0131 v\u0259 \u015f\u0259hid ail\u0259l\u0259ri il\u0259 i\u015fin t\u0259\u015fkili \u015f\u00f6b\u0259sinin m\u00fcdiri, Tural \u018fsg\u0259rov is\u0259 h\u0259min \u015f\u00f6b\u0259nin b\u00f6y\u00fck m\u0259sl\u0259h\u0259t\u00e7isi v\u0259zif\u0259sin\u0259 t\u0259yinat al\u0131blar. Qeyd ed\u0259k ki, v\u0259zif\u0259y\u0259 t\u0259yin edil\u0259n h\u0259r iki \u015f\u0259xs V\u0259t\u0259n M\u00fcharib\u0259si i\u015ftirak\u00e7\u0131s\u0131d\u0131r.<\/p>\n","protected":false},"author":2,"featured_media":353078,"comment_status":"closed","ping_status":"closed","sticky":false,"template":"","format":"standard","meta":{"om_disable_all_campaigns":false,"_monsterinsights_skip_tracking":false,"_monsterinsights_sitenote_active":false,"_monsterinsights_sitenote_note":"","_monsterinsights_sitenote_category":0},"categories":[26],"tags":[],"aioseo_notices":[],"gutentor_comment":0,"rttpg_featured_image_url":{"full":["https:\/\/arantv.az\/wp-content\/uploads\/2021\/07\/ve1.jpg",549,366,false],"landscape":["https:\/\/arantv.az\/wp-content\/uploads\/2021\/07\/ve1.jpg",549,366,false],"portraits":["https:\/\/arantv.az\/wp-content\/uploads\/2021\/07\/ve1.jpg",549,366,false],"thumbnail":["https:\/\/arantv.az\/wp-content\/uploads\/2021\/07\/ve1-500x280.jpg",500,280,true],"medium":["https:\/\/arantv.az\/wp-content\/uploads\/2021\/07\/ve1.jpg",548,365,false],"large":["https:\/\/arantv.az\/wp-content\/uploads\/2021\/07\/ve1.jpg",549,366,false],"1536x1536":["https:\/\/arantv.az\/wp-content\/uploads\/2021\/07\/ve1.jpg",549,366,false],"2048x2048":["https:\/\/arantv.az\/wp-content\/uploads\/2021\/07\/ve1.jpg",549,366,false],"post-thumbnail":["https:\/\/arantv.az\/wp-content\/uploads\/2021\/07\/ve1-240x172.jpg",240,172,true],"advps-thumb-one":["https:\/\/arantv.az\/wp-content\/uploads\/2021\/07\/ve1.jpg",549,366,false]},"rttpg_author":{"display_name":"V\u00fcsal Rafiqo\u011flu","author_link":"https:\/\/arantv.az\/?author=2"},"rttpg_comment":0,"rttpg_category":"<a href=\"https:\/\/arantv.az\/?cat=26\" rel=\"category\">Sosial<\/a>","rttpg_excerpt":"Yasamal Rayon \u0130cra Hakimiyy\u0259tind\u0259 (R\u0130H) yeni t\u0259yinatlar olub. ARANTV.AZ Unikal.org-a istinad\u0259n x\u0259b\u0259r\u00a0verir ki, R\u0130H-nin ba\u015f\u00e7\u0131s\u0131 El\u015fad H\u0259s\u0259novun \u0259mri il\u0259, ehtiyatda olan polkovnik-leytenant Samir Ismiyev &#8220;V\u0259t\u0259n m\u00fcharib\u0259si i\u015ftirak\u00e7\u0131lar\u0131 v\u0259 \u015f\u0259hid ail\u0259l\u0259ri il\u0259 i\u015fin t\u0259\u015fkili \u015f\u00f6b\u0259sinin m\u00fcdiri, Tural \u018fsg\u0259rov is\u0259 h\u0259min \u015f\u00f6b\u0259nin b\u00f6y\u00fck m\u0259sl\u0259h\u0259t\u00e7isi v\u0259zif\u0259sin\u0259 t\u0259yinat al\u0131blar. Qeyd ed\u0259k ki, v\u0259zif\u0259y\u0259 t\u0259yin edil\u0259n h\u0259r iki \u015f\u0259xs V\u0259t\u0259n&hellip;","_links":{"self":[{"href":"https:\/\/arantv.az\/index.php?rest_route=\/wp\/v2\/posts\/353077"}],"collection":[{"href":"https:\/\/arantv.az\/index.php?rest_route=\/wp\/v2\/posts"}],"about":[{"href":"https:\/\/arantv.az\/index.php?rest_route=\/wp\/v2\/types\/post"}],"author":[{"embeddable":true,"href":"https:\/\/arantv.az\/index.php?rest_route=\/wp\/v2\/users\/2"}],"replies":[{"embeddable":true,"href":"https:\/\/arantv.az\/index.php?rest_route=%2Fwp%2Fv2%2Fcomments&post=353077"}],"version-history":[{"count":0,"href":"https:\/\/arantv.az\/index.php?rest_route=\/wp\/v2\/posts\/353077\/revisions"}],"wp:featuredmedia":[{"embeddable":true,"href":"https:\/\/arantv.az\/index.php?rest_route=\/wp\/v2\/media\/353078"}],"wp:attachment":[{"href":"https:\/\/arantv.az\/index.php?rest_route=%2Fwp%2Fv2%2Fmedia&parent=353077"}],"wp:term":[{"taxonomy":"category","embeddable":true,"href":"https:\/\/arantv.az\/index.php?rest_route=%2Fwp%2Fv2%2Fcategories&post=353077"},{"taxonomy":"post_tag","embeddable":true,"href":"https:\/\/arantv.az\/index.php?rest_route=%2Fwp%2Fv2%2Ftags&post=353077"}],"curies":[{"name":"wp","href":"https:\/\/api.w.org\/{rel}","templated":true}]}}