{"id":353080,"date":"2021-07-01T12:15:53","date_gmt":"2021-07-01T09:15:53","guid":{"rendered":"http:\/\/arantv.az\/?p=353080"},"modified":"2021-07-01T12:15:53","modified_gmt":"2021-07-01T09:15:53","slug":"az%c9%99rbaycanda-b%c9%99l%c9%99diyy%c9%99-s%c9%99dri-avtosluq-etdi","status":"publish","type":"post","link":"https:\/\/arantv.az\/?p=353080","title":{"rendered":"Az\u0259rbaycanda b\u0259l\u0259diyy\u0259 s\u0259dri avto\u015fluq etdi"},"content":{"rendered":"<p>\u015eabran\u0131n Uzunboyad b\u0259l\u0259diyy\u0259sinin s\u0259dri Rafiq Tofiq o\u011flu Muradov avto\u015flu\u011fa g\u00f6r\u0259 c\u0259rim\u0259l\u0259nib.<\/p>\n<p><strong>ARANTV.AZ<\/strong> \u00a0&#8220;Musavat.com&#8221;a istinad\u0259n\u00a0<a title=\"xeberler son xeberler 2021\" href=\"https:\/\/big.az\/\" target=\"_blank\" rel=\"noopener\">x\u0259b\u0259r<\/a>\u00a0verir ki, olay \u00f6t\u0259n ay ba\u015f verib.<\/p>\n<div id=\"AdviadNativeVideo0\" class=\"AdviadNativeVideo\"><\/div>\n<p>Rafiq Muradov rayon \u0259razisind\u0259 yol h\u0259r\u0259k\u0259ti qaydalar\u0131n\u0131 kobud sur\u0259td\u0259 pozub. D\u00f6vl\u0259t Yol Polisi \u0130dar\u0259sinin \u015eabran rayon \u015f\u00f6b\u0259sinin \u0259m\u0259kda\u015flar\u0131n\u0131n saxla \u0259mrin\u0259 tabe olmay\u0131b.<\/p>\n<p>Avto\u015f b\u0259l\u0259diyy\u0259 s\u0259drinin saxlan\u0131lmas\u0131 \u00fc\u00e7\u00fcn t\u0259dbir g\u00f6r\u00fcl\u00fcb, rayon \u0259razisind\u0259 Rafiq Muradovun idar\u0259 etdiyi\u00a0<a title=\"masinlar masin satisi avtomobil elanlari\" href=\"https:\/\/masinlar.az\/\" target=\"_blank\" rel=\"noopener\">avtomobil<\/a>\u00a0saxlan\u0131l\u0131b. B\u0259l\u0259diyy\u0259 s\u0259dri can\u0131n\u0131 c\u0259rim\u0259 \u00f6d\u0259m\u0259kl\u0259 qurtara bilib.<\/p>\n<p>Rafiq Muradovun ad\u0131 m\u0259tbuatda 2018-ci ild\u0259 d\u0259 hallanm\u0131\u015fd\u0131. H\u0259min ilin noyabr\u0131nda b\u0259l\u0259diyy\u0259 s\u0259drinin o\u011flu, 2004-c\u00fc il t\u0259v\u0259ll\u00fcdl\u00fc Tofiq Rafiq o\u011flu Muradov idar\u0259 etdiyi VAZ-2107 markal\u0131, 90 XF 512 d\u00f6vl\u0259t n\u00f6mr\u0259 ni\u015fanl\u0131 minik avtomobili il\u0259 h\u0259mk\u0259ndlisi, 2005-ci il t\u0259v\u0259ll\u00fcdl\u00fc S\u0259kin\u0259 Ramin q\u0131z\u0131 \u0130smay\u0131lovan\u0131 vurub.<\/p>\n<p>S.\u0130smay\u0131lova t\u0259cili tibbi yard\u0131m avtomobili il\u0259 \u015eabran Rayon M\u0259rk\u0259zi X\u0259st\u0259xanas\u0131na \u00e7atd\u0131r\u0131l\u0131b.<\/p>\n<p>Ona sa\u011f aya\u011f\u0131n\u0131n bald\u0131r nahiy\u0259sinin s\u0131n\u0131\u011f\u0131 diaqnozu qoyulub, yaral\u0131 tibbi yard\u0131m g\u00f6st\u0259rildikd\u0259n sonra ambulator m\u00fcalic\u0259y\u0259 burax\u0131l\u0131b.<\/p>\n<p>H\u0259min vaxt b\u0259l\u0259diyy\u0259 s\u0259drinin o\u011flunun idar\u0259 etdiyi avtomobill\u0259 2 n\u0259f\u0259rin vurulmas\u0131 x\u0259b\u0259ri vard\u0131. Lakin o d\u00f6vrd\u0259 Rafiq Muradovun qrup yolda\u015f\u0131, Ramiz Mehdiyevin k\u00fcr\u0259k\u0259ni \u0130lham \u018fliyevin m\u00fcdaxil\u0259si il\u0259 q\u0259zan\u0131n miqyas\u0131 ki\u00e7ildilib, b\u0259l\u0259diyy\u0259 s\u0259drinin o\u011flu c\u0259zadan k\u0259nar saxlan\u0131l\u0131b.<\/p>\n<p>Bundan ba\u015fqa, Rafiq Muradovun Uzunboyad k\u0259ndind\u0259 \u0259halinin naraz\u0131l\u0131\u011f\u0131na s\u0259b\u0259b olan bir ne\u00e7\u0259 add\u0131m atd\u0131\u011f\u0131 haqda da x\u0259b\u0259rl\u0259r var.<\/p>\n<p>44 g\u00fcnl\u00fck V\u0259t\u0259n m\u00fcharib\u0259sind\u0259 \u015f\u0259hid olan Uzunboyad sakinl\u0259rin\u0259 h\u0259mk\u0259ndlil\u0259ri xatir\u0259 park\u0131 tikm\u0259k q\u0259rar\u0131 veribl\u0259r. Park \u00fc\u00e7\u00fcn k\u0259ndin m\u0259rk\u0259zind\u0259 bo\u015f torpaq sah\u0259si se\u00e7ilib.<\/p>\n<p>B\u0259l\u0259diyy\u0259 s\u0259dri Rafiq Muradov buna qar\u015f\u0131 \u00e7\u0131x\u0131b, k\u0259ndin k\u0259nar\u0131nda bir yer g\u00f6st\u0259rm\u0259kl\u0259 park\u0131n tikintisinin orada apar\u0131lmas\u0131na \u00e7al\u0131\u015f\u0131b.<\/p>\n<p>Sakinl\u0259rin etirazlar\u0131ndan sonra is\u0259 b\u0259l\u0259diyy\u0259 s\u0259dri ortaya bir s\u0259n\u0259d \u00e7\u0131xar\u0131b ki, b\u0259s bu torpaq sah\u0259si m\u0259nimdir. Sakinl\u0259rin ciddi t\u0259pkisind\u0259n sonra m\u0259s\u0259l\u0259y\u0259 rayon r\u0259hb\u0259rliyi qar\u0131\u015f\u0131b, sonda b\u0259l\u0259diyy\u0259 s\u0259dri geri \u00e7\u0259kilm\u0259li olub.<\/p>\n","protected":false},"excerpt":{"rendered":"<p>\u015eabran\u0131n Uzunboyad b\u0259l\u0259diyy\u0259sinin s\u0259dri Rafiq Tofiq o\u011flu Muradov avto\u015flu\u011fa g\u00f6r\u0259 c\u0259rim\u0259l\u0259nib. ARANTV.AZ \u00a0&#8220;Musavat.com&#8221;a istinad\u0259n\u00a0x\u0259b\u0259r\u00a0verir ki, olay \u00f6t\u0259n ay ba\u015f verib. Rafiq Muradov rayon \u0259razisind\u0259 yol h\u0259r\u0259k\u0259ti qaydalar\u0131n\u0131 kobud sur\u0259td\u0259 pozub. D\u00f6vl\u0259t Yol Polisi \u0130dar\u0259sinin \u015eabran rayon \u015f\u00f6b\u0259sinin \u0259m\u0259kda\u015flar\u0131n\u0131n saxla \u0259mrin\u0259 tabe olmay\u0131b. Avto\u015f b\u0259l\u0259diyy\u0259 s\u0259drinin saxlan\u0131lmas\u0131 \u00fc\u00e7\u00fcn t\u0259dbir g\u00f6r\u00fcl\u00fcb, rayon \u0259razisind\u0259 Rafiq Muradovun idar\u0259 etdiyi\u00a0avtomobil\u00a0saxlan\u0131l\u0131b. B\u0259l\u0259diyy\u0259 s\u0259dri can\u0131n\u0131 c\u0259rim\u0259 \u00f6d\u0259m\u0259kl\u0259 qurtara bilib. Rafiq Muradovun ad\u0131 m\u0259tbuatda 2018-ci ild\u0259 d\u0259 hallanm\u0131\u015fd\u0131. H\u0259min ilin noyabr\u0131nda b\u0259l\u0259diyy\u0259 s\u0259drinin o\u011flu, 2004-c\u00fc il t\u0259v\u0259ll\u00fcdl\u00fc Tofiq Rafiq o\u011flu Muradov idar\u0259 etdiyi VAZ-2107 markal\u0131, 90 XF 512&hellip;<\/p>\n","protected":false},"author":2,"featured_media":353081,"comment_status":"closed","ping_status":"closed","sticky":false,"template":"","format":"standard","meta":{"om_disable_all_campaigns":false,"_monsterinsights_skip_tracking":false,"_monsterinsights_sitenote_active":false,"_monsterinsights_sitenote_note":"","_monsterinsights_sitenote_category":0},"categories":[26],"tags":[],"aioseo_notices":[],"gutentor_comment":0,"rttpg_featured_image_url":{"full":["https:\/\/arantv.az\/wp-content\/uploads\/2021\/07\/avtos_71625124034.jpg",650,650,false],"landscape":["https:\/\/arantv.az\/wp-content\/uploads\/2021\/07\/avtos_71625124034.jpg",650,650,false],"portraits":["https:\/\/arantv.az\/wp-content\/uploads\/2021\/07\/avtos_71625124034.jpg",650,650,false],"thumbnail":["https:\/\/arantv.az\/wp-content\/uploads\/2021\/07\/avtos_71625124034-500x280.jpg",500,280,true],"medium":["https:\/\/arantv.az\/wp-content\/uploads\/2021\/07\/avtos_71625124034-365x365.jpg",365,365,true],"large":["https:\/\/arantv.az\/wp-content\/uploads\/2021\/07\/avtos_71625124034.jpg",640,640,false],"1536x1536":["https:\/\/arantv.az\/wp-content\/uploads\/2021\/07\/avtos_71625124034.jpg",650,650,false],"2048x2048":["https:\/\/arantv.az\/wp-content\/uploads\/2021\/07\/avtos_71625124034.jpg",650,650,false],"post-thumbnail":["https:\/\/arantv.az\/wp-content\/uploads\/2021\/07\/avtos_71625124034-240x172.jpg",240,172,true],"advps-thumb-one":["https:\/\/arantv.az\/wp-content\/uploads\/2021\/07\/avtos_71625124034-650x620.jpg",650,620,true]},"rttpg_author":{"display_name":"V\u00fcsal Rafiqo\u011flu","author_link":"https:\/\/arantv.az\/?author=2"},"rttpg_comment":0,"rttpg_category":"<a href=\"https:\/\/arantv.az\/?cat=26\" rel=\"category\">Sosial<\/a>","rttpg_excerpt":"\u015eabran\u0131n Uzunboyad b\u0259l\u0259diyy\u0259sinin s\u0259dri Rafiq Tofiq o\u011flu Muradov avto\u015flu\u011fa g\u00f6r\u0259 c\u0259rim\u0259l\u0259nib. ARANTV.AZ \u00a0&#8220;Musavat.com&#8221;a istinad\u0259n\u00a0x\u0259b\u0259r\u00a0verir ki, olay \u00f6t\u0259n ay ba\u015f verib. Rafiq Muradov rayon \u0259razisind\u0259 yol h\u0259r\u0259k\u0259ti qaydalar\u0131n\u0131 kobud sur\u0259td\u0259 pozub. D\u00f6vl\u0259t Yol Polisi \u0130dar\u0259sinin \u015eabran rayon \u015f\u00f6b\u0259sinin \u0259m\u0259kda\u015flar\u0131n\u0131n saxla \u0259mrin\u0259 tabe olmay\u0131b. Avto\u015f b\u0259l\u0259diyy\u0259 s\u0259drinin saxlan\u0131lmas\u0131 \u00fc\u00e7\u00fcn t\u0259dbir g\u00f6r\u00fcl\u00fcb, rayon \u0259razisind\u0259 Rafiq Muradovun idar\u0259 etdiyi\u00a0avtomobil\u00a0saxlan\u0131l\u0131b.&hellip;","_links":{"self":[{"href":"https:\/\/arantv.az\/index.php?rest_route=\/wp\/v2\/posts\/353080"}],"collection":[{"href":"https:\/\/arantv.az\/index.php?rest_route=\/wp\/v2\/posts"}],"about":[{"href":"https:\/\/arantv.az\/index.php?rest_route=\/wp\/v2\/types\/post"}],"author":[{"embeddable":true,"href":"https:\/\/arantv.az\/index.php?rest_route=\/wp\/v2\/users\/2"}],"replies":[{"embeddable":true,"href":"https:\/\/arantv.az\/index.php?rest_route=%2Fwp%2Fv2%2Fcomments&post=353080"}],"version-history":[{"count":0,"href":"https:\/\/arantv.az\/index.php?rest_route=\/wp\/v2\/posts\/353080\/revisions"}],"wp:featuredmedia":[{"embeddable":true,"href":"https:\/\/arantv.az\/index.php?rest_route=\/wp\/v2\/media\/353081"}],"wp:attachment":[{"href":"https:\/\/arantv.az\/index.php?rest_route=%2Fwp%2Fv2%2Fmedia&parent=353080"}],"wp:term":[{"taxonomy":"category","embeddable":true,"href":"https:\/\/arantv.az\/index.php?rest_route=%2Fwp%2Fv2%2Fcategories&post=353080"},{"taxonomy":"post_tag","embeddable":true,"href":"https:\/\/arantv.az\/index.php?rest_route=%2Fwp%2Fv2%2Ftags&post=353080"}],"curies":[{"name":"wp","href":"https:\/\/api.w.org\/{rel}","templated":true}]}}