{"id":353092,"date":"2021-07-01T12:19:01","date_gmt":"2021-07-01T09:19:01","guid":{"rendered":"http:\/\/arantv.az\/?p=353092"},"modified":"2021-07-01T12:19:01","modified_gmt":"2021-07-01T09:19:01","slug":"agdam-v%c9%99-fuzuli-s%c9%99h%c9%99rl%c9%99rinin-turizm-konsepsiyalari-hazirlanir","status":"publish","type":"post","link":"https:\/\/arantv.az\/?p=353092","title":{"rendered":"A\u011fdam v\u0259 F\u00fczuli \u015f\u0259h\u0259rl\u0259rinin turizm konsepsiyalar\u0131 haz\u0131rlan\u0131r"},"content":{"rendered":"<p>A\u011fdam v\u0259 F\u00fczuli \u015f\u0259h\u0259rl\u0259rinin turizm potensial\u0131n\u0131n qiym\u0259tl\u0259ndirilm\u0259si konsepsiyalar\u0131 haz\u0131rlan\u0131r.<\/p>\n<p><strong>ARANTV.AZ<\/strong>\u00a0 <a href=\"https:\/\/az.trend.az\/\" target=\"_blank\" rel=\"noopener\">Trend<\/a>-\u0259 istinad\u0259n bildirir ki,\u00a0bunu m\u0259tbuat konfrans\u0131nda D\u00f6vl\u0259t Turizm Agentliyinin Regional turizmin inki\u015faf\u0131 sektorunun m\u00fcdiri Elg\u00fcn Cavadov bildirib.<\/p>\n<p>Onun s\u00f6zl\u0259rin\u0259 g\u00f6r\u0259, bu konsepsiyalar \u015f\u0259h\u0259rl\u0259r s\u0259viyy\u0259sind\u0259 olan konsepsiyalard\u0131r. Rayonlar s\u0259viyy\u0259sind\u0259 is\u0259 konsepsiyalar is\u0259 h\u0259l\u0259 haz\u0131rlanmay\u0131b.<\/p>\n","protected":false},"excerpt":{"rendered":"<p>A\u011fdam v\u0259 F\u00fczuli \u015f\u0259h\u0259rl\u0259rinin turizm potensial\u0131n\u0131n qiym\u0259tl\u0259ndirilm\u0259si konsepsiyalar\u0131 haz\u0131rlan\u0131r. ARANTV.AZ\u00a0 Trend-\u0259 istinad\u0259n bildirir ki,\u00a0bunu m\u0259tbuat konfrans\u0131nda D\u00f6vl\u0259t Turizm Agentliyinin Regional turizmin inki\u015faf\u0131 sektorunun m\u00fcdiri Elg\u00fcn Cavadov bildirib. Onun s\u00f6zl\u0259rin\u0259 g\u00f6r\u0259, bu konsepsiyalar \u015f\u0259h\u0259rl\u0259r s\u0259viyy\u0259sind\u0259 olan konsepsiyalard\u0131r. Rayonlar s\u0259viyy\u0259sind\u0259 is\u0259 konsepsiyalar is\u0259 h\u0259l\u0259 haz\u0131rlanmay\u0131b.<\/p>\n","protected":false},"author":2,"featured_media":353093,"comment_status":"closed","ping_status":"closed","sticky":false,"template":"","format":"standard","meta":{"om_disable_all_campaigns":false,"_monsterinsights_skip_tracking":false,"_monsterinsights_sitenote_active":false,"_monsterinsights_sitenote_note":"","_monsterinsights_sitenote_category":0},"categories":[19],"tags":[],"aioseo_notices":[],"gutentor_comment":0,"rttpg_featured_image_url":{"full":["https:\/\/arantv.az\/wp-content\/uploads\/2021\/07\/961384.jpg",800,600,false],"landscape":["https:\/\/arantv.az\/wp-content\/uploads\/2021\/07\/961384.jpg",800,600,false],"portraits":["https:\/\/arantv.az\/wp-content\/uploads\/2021\/07\/961384.jpg",800,600,false],"thumbnail":["https:\/\/arantv.az\/wp-content\/uploads\/2021\/07\/961384-500x280.jpg",500,280,true],"medium":["https:\/\/arantv.az\/wp-content\/uploads\/2021\/07\/961384-487x365.jpg",487,365,true],"large":["https:\/\/arantv.az\/wp-content\/uploads\/2021\/07\/961384.jpg",640,480,false],"1536x1536":["https:\/\/arantv.az\/wp-content\/uploads\/2021\/07\/961384.jpg",800,600,false],"2048x2048":["https:\/\/arantv.az\/wp-content\/uploads\/2021\/07\/961384.jpg",800,600,false],"post-thumbnail":["https:\/\/arantv.az\/wp-content\/uploads\/2021\/07\/961384-240x172.jpg",240,172,true],"advps-thumb-one":["https:\/\/arantv.az\/wp-content\/uploads\/2021\/07\/961384.jpg",800,600,false]},"rttpg_author":{"display_name":"V\u00fcsal Rafiqo\u011flu","author_link":"https:\/\/arantv.az\/?author=2"},"rttpg_comment":0,"rttpg_category":"<a href=\"https:\/\/arantv.az\/?cat=19\" rel=\"category\">G\u00fcnd\u0259m<\/a>","rttpg_excerpt":"A\u011fdam v\u0259 F\u00fczuli \u015f\u0259h\u0259rl\u0259rinin turizm potensial\u0131n\u0131n qiym\u0259tl\u0259ndirilm\u0259si konsepsiyalar\u0131 haz\u0131rlan\u0131r. ARANTV.AZ\u00a0 Trend-\u0259 istinad\u0259n bildirir ki,\u00a0bunu m\u0259tbuat konfrans\u0131nda D\u00f6vl\u0259t Turizm Agentliyinin Regional turizmin inki\u015faf\u0131 sektorunun m\u00fcdiri Elg\u00fcn Cavadov bildirib. Onun s\u00f6zl\u0259rin\u0259 g\u00f6r\u0259, bu konsepsiyalar \u015f\u0259h\u0259rl\u0259r s\u0259viyy\u0259sind\u0259 olan konsepsiyalard\u0131r. Rayonlar s\u0259viyy\u0259sind\u0259 is\u0259 konsepsiyalar is\u0259 h\u0259l\u0259 haz\u0131rlanmay\u0131b.","_links":{"self":[{"href":"https:\/\/arantv.az\/index.php?rest_route=\/wp\/v2\/posts\/353092"}],"collection":[{"href":"https:\/\/arantv.az\/index.php?rest_route=\/wp\/v2\/posts"}],"about":[{"href":"https:\/\/arantv.az\/index.php?rest_route=\/wp\/v2\/types\/post"}],"author":[{"embeddable":true,"href":"https:\/\/arantv.az\/index.php?rest_route=\/wp\/v2\/users\/2"}],"replies":[{"embeddable":true,"href":"https:\/\/arantv.az\/index.php?rest_route=%2Fwp%2Fv2%2Fcomments&post=353092"}],"version-history":[{"count":0,"href":"https:\/\/arantv.az\/index.php?rest_route=\/wp\/v2\/posts\/353092\/revisions"}],"wp:featuredmedia":[{"embeddable":true,"href":"https:\/\/arantv.az\/index.php?rest_route=\/wp\/v2\/media\/353093"}],"wp:attachment":[{"href":"https:\/\/arantv.az\/index.php?rest_route=%2Fwp%2Fv2%2Fmedia&parent=353092"}],"wp:term":[{"taxonomy":"category","embeddable":true,"href":"https:\/\/arantv.az\/index.php?rest_route=%2Fwp%2Fv2%2Fcategories&post=353092"},{"taxonomy":"post_tag","embeddable":true,"href":"https:\/\/arantv.az\/index.php?rest_route=%2Fwp%2Fv2%2Ftags&post=353092"}],"curies":[{"name":"wp","href":"https:\/\/api.w.org\/{rel}","templated":true}]}}