{"id":353352,"date":"2021-07-02T10:07:51","date_gmt":"2021-07-02T07:07:51","guid":{"rendered":"http:\/\/arantv.az\/?p=353352"},"modified":"2021-07-02T10:07:51","modified_gmt":"2021-07-02T07:07:51","slug":"dogma-torpaqlarimiza-boyuk-qayidisin-daha-bir-r%c9%99mzi-ifad%c9%99si","status":"publish","type":"post","link":"https:\/\/arantv.az\/?p=353352","title":{"rendered":"Do\u011fma torpaqlar\u0131m\u0131za \u201cB\u00f6y\u00fck Qay\u0131d\u0131\u015f\u201d\u0131n daha bir r\u0259mzi ifad\u0259si"},"content":{"rendered":"<p>Az\u0259rbaycan Respublikas\u0131n\u0131n Prezidenti M\u00fcz\u0259ff\u0259r Ali Ba\u015f Komandan \u0130lham \u018fliyevin r\u0259hb\u0259rliyi il\u0259 r\u0259\u015fad\u0259tli ordumuzun 30 illik i\u015f\u011faldan azad etdiyi Qaraba\u011fda d\u00fc\u015fm\u0259nin t\u00f6r\u0259tdiyi da\u011f\u0131nt\u0131lar\u0131n miqdar\u0131 h\u0259ddind\u0259n art\u0131q b\u00f6y\u00fckd\u00fcr. Bu z\u0259r\u0259rin h\u0259qiqi miqyas\u0131n\u0131n d\u00fcnya ictimaiyy\u0259tin\u0259 \u00e7atd\u0131r\u0131lmas\u0131 istiqam\u0259tind\u0259 haz\u0131rda \u0259h\u0259miyy\u0259tli i\u015fl\u0259r h\u0259yata ke\u00e7irilir.<\/p>\n<p>Prezident \u0130lham \u018fliyevin q\u0259bul etdiyi \u201cAz\u0259rbaycan 2030: sosial-iqtisadi inki\u015fafa dair Milli Prioritetl\u0259r\u201dd\u0259 n\u0259z\u0259rd\u0259 tutulan be\u015f \u0259sas m\u0259s\u0259l\u0259d\u0259n\u00a0biri d\u0259 i\u015f\u011faldan azad olunmu\u015f \u0259razil\u0259r\u0259 b\u00f6y\u00fck qay\u0131d\u0131\u015fd\u0131r. Az\u0259rbaycan Prezidentinin r\u0259hb\u0259rliyi il\u0259 r\u0259\u015fad\u0259tli ordumuzun 44 g\u00fcnl\u00fck V\u0259t\u0259n m\u00fcharib\u0259sind\u0259 qazand\u0131\u011f\u0131 \u015fanl\u0131 Q\u0259l\u0259b\u0259 t\u0259cav\u00fczkar \u00f6lk\u0259 \u00fcz\u0259rind\u0259 tam \u00fcst\u00fcnl\u00fcy\u00fcm\u00fcz\u00fcn s\u00fcbutu olmaqla yana\u015f\u0131, h\u0259m d\u0259 Az\u0259rbaycan xalq\u0131n\u0131n b\u00fct\u00fcn d\u00fcnyaya \u00f6z\u00fcn\u0259m\u0259xsus mesaj\u0131d\u0131r. Qaraba\u011f Dir\u00e7\u0259li\u015f Fondunun Az\u0259rbaycan Respublikas\u0131n\u0131n Birinci vitse-prezidenti Mehriban xan\u0131m \u018fliyevan\u0131n t\u0259\u015f\u0259bb\u00fcs\u00fc il\u0259 h\u0259yata ke\u00e7irdiyi \u201cKarabakh.Center&#8221; internet resursu Erm\u0259nistan-Az\u0259rbaycan m\u00fcnaqi\u015f\u0259sinin s\u0259b\u0259bl\u0259ri v\u0259 Erm\u0259nistan\u0131n t\u0259cav\u00fcz\u00fcn\u00fcn n\u0259tic\u0259l\u0259ri bar\u0259d\u0259 obyektiv m\u0259lumatlar\u0131n sisteml\u0259\u015fdirilm\u0259si v\u0259 geni\u015f ictimaiyy\u0259t\u0259 \u00e7atd\u0131r\u0131lmas\u0131 m\u0259qs\u0259dil\u0259 yarad\u0131l\u0131b v\u0259 burada toplanan \u00e7oxsayl\u0131 materiallar konkret n\u00fcmun\u0259l\u0259r \u0259sas\u0131nda xalq\u0131m\u0131z\u0131n Qaraba\u011fdak\u0131 maddi-m\u0259d\u0259ni irsin\u0259, regionun biom\u00fcxt\u0259lifliyin\u0259 v\u0259 t\u0259bii s\u0259rv\u0259tl\u0259rin\u0259 d\u0259y\u0259n ziyan\u0131n miqyas\u0131 il\u0259 tan\u0131\u015f olmaq imkan\u0131 yarad\u0131r. Qaraba\u011fdak\u0131 hadis\u0259l\u0259r \u015f\u00fcurlu \u015f\u0259kild\u0259, onillikl\u0259r \u0259rzind\u0259 h\u0259yata ke\u00e7iril\u0259n da\u011f\u0131nt\u0131 prosesidir. \u0130\u015f\u011fal zaman\u0131 t\u0259kc\u0259 tarixi abid\u0259l\u0259rimiz, infrastruktur obyektl\u0259rimiz, \u015f\u0259h\u0259r v\u0259 k\u0259ndl\u0259rimiz da\u011f\u0131d\u0131lmay\u0131b, regionun g\u00f6z\u0259l t\u0259bi\u0259tin\u0259 d\u0259 \u00e7ox b\u00f6y\u00fck z\u0259r\u0259r vurulub. Bu da\u011f\u0131nt\u0131lar bizim nec\u0259 m\u0259nfur d\u00fc\u015fm\u0259nl\u0259 \u00fcz-\u00fcz\u0259 oldu\u011fumuzu g\u00f6st\u0259rir. Amma biz tezlikl\u0259 bu torpaqlar\u0131n \u00e7i\u00e7\u0259kl\u0259nm\u0259sinin \u015fahidi olaca\u011f\u0131q. \u201cQaraba\u011f M\u0259rk\u0259zi\u201d dilb\u0259r gu\u015f\u0259miz Qaraba\u011f\u0131 dir\u00e7\u0259ld\u0259c\u0259k b\u0259rpa i\u015fl\u0259rin\u0259 h\u0259sr olunmu\u015f materiallara da x\u00fcsusi yer ver\u0259c\u0259k. Art\u0131q yeni \u00e7\u0259r\u00e7iv\u0259d\u0259 t\u0259qdim olunan \u201ca\u011f\u0131ll\u0131 \u015f\u0259h\u0259r\u201d, \u201ca\u011f\u0131ll\u0131 k\u0259nd\u201d layih\u0259l\u0259rinin \u015fahidiyik. B\u0259rpa prosesi tarixi \u0259h\u0259miyy\u0259t da\u015f\u0131yan abid\u0259l\u0259rimizin sad\u0259c\u0259 qorunub saxlan\u0131lmas\u0131 il\u0259 yana\u015f\u0131, onun inki\u015faf etdirilm\u0259si prosesini d\u0259 \u0259hat\u0259 ed\u0259c\u0259kdir.<\/p>\n<div id=\"AdviadNativeVideo0\" class=\"AdviadNativeVideo\"><\/div>\n<p>Az\u0259rbaycan Respublikas\u0131n\u0131n Birinci vitse-prezidenti Mehriban \u018fliyevan\u0131n t\u0259\u015f\u0259bb\u00fcs\u00fc il\u0259 yarad\u0131lm\u0131\u015f \u201cKarabakh.Center\u201d internet resursunun t\u0259nt\u0259n\u0259li t\u0259qdimat m\u0259rasimi ke\u00e7irilmi\u015fdir. Qaraba\u011f Dir\u00e7\u0259li\u015f Fondunun yarad\u0131lmas\u0131n\u0131 do\u011fma torpaqlar\u0131m\u0131za \u201cB\u00f6y\u00fck Qay\u0131d\u0131\u015f\u201d\u0131n r\u0259mzi ifad\u0259si hesab etm\u0259k olar v\u0259 bu m\u0259qs\u0259dl\u0259 Prezident \u0130lham \u018fliyev Fondun qar\u015f\u0131s\u0131nda ciddi v\u0259zif\u0259l\u0259r qoyub. Erm\u0259nistan\u0131n t\u00f6r\u0259tdiyi ekoloji terror n\u0259tic\u0259sind\u0259 \u0259traf m\u00fchit\u0259 ciddi z\u0259r\u0259r vurulub, t\u0259bii s\u0259rv\u0259tl\u0259rin m\u0259qs\u0259dli \u015f\u0259kild\u0259 talan edilm\u0259si ekoloji tarazl\u0131\u011f\u0131n pozulmas\u0131na g\u0259tirib \u00e7\u0131xar\u0131b. \u201cKarabakh.Center\u201d internet platformas\u0131 bu h\u0259qiq\u0259tl\u0259rin d\u00fcnya ictimaiyy\u0259tin\u0259 oldu\u011fu kimi \u00e7atd\u0131r\u0131lmas\u0131nda, t\u0259bi\u0259t\u0259 bel\u0259 amans\u0131z m\u00fcnasib\u0259tin if\u015fa edilm\u0259sind\u0259 b\u00f6y\u00fck rol oynayacaq. Eyni zamanda, qar\u015f\u0131m\u0131zda t\u0259bi\u0259t \u0259razil\u0259rinin b\u0259rpa edilm\u0259si, onlar\u0131n i\u015f\u011faldan \u0259vv\u0259lki v\u0259ziyy\u0259tin\u0259 qaytar\u0131lmas\u0131 kimi b\u00f6y\u00fck m\u0259suliyy\u0259t dayan\u0131r. Qaraba\u011f b\u00f6lg\u0259si ist\u0259r t\u0259bii s\u0259rv\u0259tl\u0259ri, ist\u0259rs\u0259 d\u0259 biom\u00fcxt\u0259lifliyi bax\u0131m\u0131ndan \u00e7ox z\u0259ngindir. \u0130\u015f\u011faldan azad edilmi\u015f \u0259razil\u0259rimizd\u0259 bioloji m\u00fcxt\u0259lifliyin b\u0259rpas\u0131, nadir v\u0259 n\u0259sli k\u0259silm\u0259kd\u0259 olan bitki v\u0259 heyvan n\u00f6vl\u0259rinin m\u00fchafiz\u0259si istiqam\u0259tind\u0259 i\u015fl\u0259r apar\u0131lacaq. Burada yarad\u0131lm\u0131\u015f su anbarlar\u0131n\u0131n, \u0259razid\u0259n axan \u00e7aylar\u0131n hidroloji rejiminin \u00f6yr\u0259nilm\u0259si m\u0259qs\u0259dil\u0259 m\u00fc\u015fahid\u0259l\u0259r b\u0259rpa edil\u0259c\u0259k, su obyektl\u0259rinin s\u0259m\u0259r\u0259li istifad\u0259si v\u0259 m\u00fchafiz\u0259si \u00fczr\u0259 d\u00f6vl\u0259t n\u0259zar\u0259ti t\u0259\u015fkil edil\u0259c\u0259k. Transs\u0259rh\u0259d \u00e7aylar\u00a0Erm\u0259nistan t\u0259r\u0259find\u0259n davaml\u0131 \u00e7irkl\u0259nm\u0259y\u0259 m\u0259ruz qal\u0131b v\u0259 bu \u00e7irkl\u0259nm\u0259l\u0259r bu g\u00fcn d\u0259 davam edir. Qaraba\u011f\u0131n t\u0259bi\u0259tin\u0259, ekologiyas\u0131na vurulan bu v\u0259 dig\u0259r z\u0259r\u0259r bar\u0259d\u0259 m\u0259lumatlar\u0131n d\u00fcnya ictimaiyy\u0259tin\u0259 \u00e7atd\u0131r\u0131lmas\u0131nda, el\u0259c\u0259 d\u0259 beyn\u0259lxalq s\u0259lahiyy\u0259tli qurumlar t\u0259r\u0259find\u0259n Erm\u0259nistana t\u0259sir g\u00f6st\u0259rilm\u0259sind\u0259 \u201cKarabakh.Center&#8221; internet-resursunun imkanlar\u0131ndan geni\u015f istifad\u0259 edil\u0259 bil\u0259r.<\/p>\n<p>Bel\u0259likl\u0259, \u201cKarabakh.Center\u201d vasit\u0259sil\u0259 Erm\u0259nistan\u0131n 30 il\u0259 yax\u0131n m\u00fcdd\u0259td\u0259 i\u015f\u011fal alt\u0131nda saxlad\u0131\u011f\u0131 torpaqlar\u0131m\u0131zda t\u00f6r\u0259dil\u0259n vandalizm aktlar\u0131 bar\u0259d\u0259 m\u0259lumatlar\u0131 d\u00fcnya ictimaiyy\u0259tin\u0259 \u00e7atd\u0131rmaq m\u00fcmk\u00fcn olacaq. Qaraba\u011f Dir\u00e7\u0259li\u015f Fondu azad olunmu\u015f \u0259razil\u0259rimizin b\u0259rpas\u0131 prosesind\u0259 k\u00f6n\u00fcll\u00fcl\u00fck v\u0259 b\u0259rab\u0259rh\u00fcquqluluq prinsipi \u0259sas\u0131nda i\u015ftirak etm\u0259k ist\u0259y\u0259n b\u00fct\u00fcn v\u0259t\u0259nda\u015flar\u0131m\u0131z \u00fc\u00e7\u00fcn vahid platformad\u0131r. Mehriban \u018fliyevan\u0131n t\u0259\u015f\u0259bb\u00fcs\u00fc il\u0259 yarad\u0131lan \u201cKarabakh.Center\u201d internet portal\u0131n\u0131n t\u0259bli\u011fi i\u015fin\u0259 v\u0259t\u0259nda\u015f olaraq h\u0259r birimiz \u00f6z t\u00f6hf\u0259mizi verm\u0259liyik.<\/p>\n<p><strong>\u018fliabbas Salahzad\u0259, mill\u0259t v\u0259kili<\/strong><\/p>\n","protected":false},"excerpt":{"rendered":"<p>Az\u0259rbaycan Respublikas\u0131n\u0131n Prezidenti M\u00fcz\u0259ff\u0259r Ali Ba\u015f Komandan \u0130lham \u018fliyevin r\u0259hb\u0259rliyi il\u0259 r\u0259\u015fad\u0259tli ordumuzun 30 illik i\u015f\u011faldan azad etdiyi Qaraba\u011fda d\u00fc\u015fm\u0259nin t\u00f6r\u0259tdiyi da\u011f\u0131nt\u0131lar\u0131n miqdar\u0131 h\u0259ddind\u0259n art\u0131q b\u00f6y\u00fckd\u00fcr. Bu z\u0259r\u0259rin h\u0259qiqi miqyas\u0131n\u0131n d\u00fcnya ictimaiyy\u0259tin\u0259 \u00e7atd\u0131r\u0131lmas\u0131 istiqam\u0259tind\u0259 haz\u0131rda \u0259h\u0259miyy\u0259tli i\u015fl\u0259r h\u0259yata ke\u00e7irilir. Prezident \u0130lham \u018fliyevin q\u0259bul etdiyi \u201cAz\u0259rbaycan 2030: sosial-iqtisadi inki\u015fafa dair Milli Prioritetl\u0259r\u201dd\u0259 n\u0259z\u0259rd\u0259 tutulan be\u015f \u0259sas m\u0259s\u0259l\u0259d\u0259n\u00a0biri d\u0259 i\u015f\u011faldan azad olunmu\u015f \u0259razil\u0259r\u0259 b\u00f6y\u00fck qay\u0131d\u0131\u015fd\u0131r. Az\u0259rbaycan Prezidentinin r\u0259hb\u0259rliyi il\u0259 r\u0259\u015fad\u0259tli ordumuzun 44 g\u00fcnl\u00fck V\u0259t\u0259n m\u00fcharib\u0259sind\u0259 qazand\u0131\u011f\u0131 \u015fanl\u0131 Q\u0259l\u0259b\u0259 t\u0259cav\u00fczkar \u00f6lk\u0259 \u00fcz\u0259rind\u0259 tam \u00fcst\u00fcnl\u00fcy\u00fcm\u00fcz\u00fcn s\u00fcbutu olmaqla yana\u015f\u0131, h\u0259m d\u0259 Az\u0259rbaycan xalq\u0131n\u0131n b\u00fct\u00fcn d\u00fcnyaya&hellip;<\/p>\n","protected":false},"author":2,"featured_media":353353,"comment_status":"closed","ping_status":"closed","sticky":false,"template":"","format":"standard","meta":{"om_disable_all_campaigns":false,"_monsterinsights_skip_tracking":false,"_monsterinsights_sitenote_active":false,"_monsterinsights_sitenote_note":"","_monsterinsights_sitenote_category":0},"categories":[4],"tags":[],"aioseo_notices":[],"gutentor_comment":0,"rttpg_featured_image_url":{"full":["https:\/\/arantv.az\/wp-content\/uploads\/2021\/07\/ali.jpg",620,435,false],"landscape":["https:\/\/arantv.az\/wp-content\/uploads\/2021\/07\/ali.jpg",620,435,false],"portraits":["https:\/\/arantv.az\/wp-content\/uploads\/2021\/07\/ali.jpg",620,435,false],"thumbnail":["https:\/\/arantv.az\/wp-content\/uploads\/2021\/07\/ali-500x280.jpg",500,280,true],"medium":["https:\/\/arantv.az\/wp-content\/uploads\/2021\/07\/ali-520x365.jpg",520,365,true],"large":["https:\/\/arantv.az\/wp-content\/uploads\/2021\/07\/ali.jpg",620,435,false],"1536x1536":["https:\/\/arantv.az\/wp-content\/uploads\/2021\/07\/ali.jpg",620,435,false],"2048x2048":["https:\/\/arantv.az\/wp-content\/uploads\/2021\/07\/ali.jpg",620,435,false],"post-thumbnail":["https:\/\/arantv.az\/wp-content\/uploads\/2021\/07\/ali-240x172.jpg",240,172,true],"advps-thumb-one":["https:\/\/arantv.az\/wp-content\/uploads\/2021\/07\/ali.jpg",620,435,false]},"rttpg_author":{"display_name":"V\u00fcsal Rafiqo\u011flu","author_link":"https:\/\/arantv.az\/?author=2"},"rttpg_comment":0,"rttpg_category":"<a href=\"https:\/\/arantv.az\/?cat=4\" rel=\"category\">Siyas\u0259t<\/a>","rttpg_excerpt":"Az\u0259rbaycan Respublikas\u0131n\u0131n Prezidenti M\u00fcz\u0259ff\u0259r Ali Ba\u015f Komandan \u0130lham \u018fliyevin r\u0259hb\u0259rliyi il\u0259 r\u0259\u015fad\u0259tli ordumuzun 30 illik i\u015f\u011faldan azad etdiyi Qaraba\u011fda d\u00fc\u015fm\u0259nin t\u00f6r\u0259tdiyi da\u011f\u0131nt\u0131lar\u0131n miqdar\u0131 h\u0259ddind\u0259n art\u0131q b\u00f6y\u00fckd\u00fcr. Bu z\u0259r\u0259rin h\u0259qiqi miqyas\u0131n\u0131n d\u00fcnya ictimaiyy\u0259tin\u0259 \u00e7atd\u0131r\u0131lmas\u0131 istiqam\u0259tind\u0259 haz\u0131rda \u0259h\u0259miyy\u0259tli i\u015fl\u0259r h\u0259yata ke\u00e7irilir. Prezident \u0130lham \u018fliyevin q\u0259bul etdiyi \u201cAz\u0259rbaycan 2030: sosial-iqtisadi inki\u015fafa dair Milli Prioritetl\u0259r\u201dd\u0259 n\u0259z\u0259rd\u0259 tutulan be\u015f \u0259sas&hellip;","_links":{"self":[{"href":"https:\/\/arantv.az\/index.php?rest_route=\/wp\/v2\/posts\/353352"}],"collection":[{"href":"https:\/\/arantv.az\/index.php?rest_route=\/wp\/v2\/posts"}],"about":[{"href":"https:\/\/arantv.az\/index.php?rest_route=\/wp\/v2\/types\/post"}],"author":[{"embeddable":true,"href":"https:\/\/arantv.az\/index.php?rest_route=\/wp\/v2\/users\/2"}],"replies":[{"embeddable":true,"href":"https:\/\/arantv.az\/index.php?rest_route=%2Fwp%2Fv2%2Fcomments&post=353352"}],"version-history":[{"count":0,"href":"https:\/\/arantv.az\/index.php?rest_route=\/wp\/v2\/posts\/353352\/revisions"}],"wp:featuredmedia":[{"embeddable":true,"href":"https:\/\/arantv.az\/index.php?rest_route=\/wp\/v2\/media\/353353"}],"wp:attachment":[{"href":"https:\/\/arantv.az\/index.php?rest_route=%2Fwp%2Fv2%2Fmedia&parent=353352"}],"wp:term":[{"taxonomy":"category","embeddable":true,"href":"https:\/\/arantv.az\/index.php?rest_route=%2Fwp%2Fv2%2Fcategories&post=353352"},{"taxonomy":"post_tag","embeddable":true,"href":"https:\/\/arantv.az\/index.php?rest_route=%2Fwp%2Fv2%2Ftags&post=353352"}],"curies":[{"name":"wp","href":"https:\/\/api.w.org\/{rel}","templated":true}]}}