{"id":353406,"date":"2021-07-02T11:31:52","date_gmt":"2021-07-02T08:31:52","guid":{"rendered":"http:\/\/arantv.az\/?p=353406"},"modified":"2021-07-02T11:31:52","modified_gmt":"2021-07-02T08:31:52","slug":"mehriban-%c9%99liyevadan-musa-yaqubun-q%c9%99birustu-abid%c9%99si-il%c9%99-bagli-tapsiriq","status":"publish","type":"post","link":"https:\/\/arantv.az\/?p=353406","title":{"rendered":"Mehriban \u018fliyevadan Musa Yaqubun q\u0259bir\u00fcst\u00fc abid\u0259si il\u0259 ba\u011fl\u0131 TAP\u015eIRIQ"},"content":{"rendered":"<p>Heyd\u0259r \u018fliyev Fondu Xalq \u015fairi Musa Yaqubun q\u0259bir\u00fcst\u00fc abid\u0259sinin haz\u0131rlanmas\u0131 x\u0259rcl\u0259rini \u00f6z \u00fcz\u0259rin\u0259 g\u00f6t\u00fcr\u00fcb.<\/p>\n<p><strong>ARANTV.AZ<\/strong>-\u0131n m\u0259lumat\u0131na g\u00f6r\u0259, bununla ba\u011fl\u0131 Birinci vitse-prezident Mehriban \u018fliyeva\u00a0Heyd\u0259r \u018fliyev Fonduna tap\u015f\u0131r\u0131q verib.<\/p>\n<p>Bu bar\u0259d\u0259 m\u0259lumat\u0131 \u0130smay\u0131ll\u0131 Rayon \u0130cra Hakimiyy\u0259tinin ba\u015f\u00e7\u0131s\u0131 Nahid Ba\u011f\u0131rov sayt\u0131m\u0131za t\u0259sdiql\u0259yib.<\/p>\n<div id=\"AdviadNativeVideo0\" class=\"AdviadNativeVideo\"><\/div>\n<p>O bildirib ki, art\u0131q Musa Yaqubun q\u0259bir\u00fcst\u00fc abid\u0259sinin haz\u0131rlanmas\u0131 il\u0259 ba\u011fl\u0131 i\u015fl\u0259r\u0259 ba\u015flan\u0131l\u0131b.<\/p>\n<p>Qeyd ed\u0259k ki, M.Yaqub may\u0131n 7-d\u0259 \u0130smay\u0131ll\u0131 rayonunun Buynuz k\u0259ndind\u0259 ya\u015fad\u0131\u011f\u0131 evd\u0259 v\u0259fat edib.<\/p>\n<p>O, h\u0259min k\u0259nd q\u0259biristanl\u0131\u011f\u0131nda, h\u0259yat yolda\u015f\u0131n\u0131n yan\u0131nda torpa\u011fa tap\u015f\u0131r\u0131l\u0131b.<\/p>\n","protected":false},"excerpt":{"rendered":"<p>Heyd\u0259r \u018fliyev Fondu Xalq \u015fairi Musa Yaqubun q\u0259bir\u00fcst\u00fc abid\u0259sinin haz\u0131rlanmas\u0131 x\u0259rcl\u0259rini \u00f6z \u00fcz\u0259rin\u0259 g\u00f6t\u00fcr\u00fcb. ARANTV.AZ-\u0131n m\u0259lumat\u0131na g\u00f6r\u0259, bununla ba\u011fl\u0131 Birinci vitse-prezident Mehriban \u018fliyeva\u00a0Heyd\u0259r \u018fliyev Fonduna tap\u015f\u0131r\u0131q verib. Bu bar\u0259d\u0259 m\u0259lumat\u0131 \u0130smay\u0131ll\u0131 Rayon \u0130cra Hakimiyy\u0259tinin ba\u015f\u00e7\u0131s\u0131 Nahid Ba\u011f\u0131rov sayt\u0131m\u0131za t\u0259sdiql\u0259yib. O bildirib ki, art\u0131q Musa Yaqubun q\u0259bir\u00fcst\u00fc abid\u0259sinin haz\u0131rlanmas\u0131 il\u0259 ba\u011fl\u0131 i\u015fl\u0259r\u0259 ba\u015flan\u0131l\u0131b. Qeyd ed\u0259k ki, M.Yaqub may\u0131n 7-d\u0259 \u0130smay\u0131ll\u0131 rayonunun Buynuz k\u0259ndind\u0259 ya\u015fad\u0131\u011f\u0131 evd\u0259 v\u0259fat edib. O, h\u0259min k\u0259nd q\u0259biristanl\u0131\u011f\u0131nda, h\u0259yat yolda\u015f\u0131n\u0131n yan\u0131nda torpa\u011fa tap\u015f\u0131r\u0131l\u0131b.<\/p>\n","protected":false},"author":2,"featured_media":353407,"comment_status":"closed","ping_status":"closed","sticky":false,"template":"","format":"standard","meta":{"om_disable_all_campaigns":false,"_monsterinsights_skip_tracking":false,"_monsterinsights_sitenote_active":false,"_monsterinsights_sitenote_note":"","_monsterinsights_sitenote_category":0},"categories":[4],"tags":[],"aioseo_notices":[],"gutentor_comment":0,"rttpg_featured_image_url":{"full":["https:\/\/arantv.az\/wp-content\/uploads\/2021\/07\/FotoJet-2-1.jpg",620,433,false],"landscape":["https:\/\/arantv.az\/wp-content\/uploads\/2021\/07\/FotoJet-2-1.jpg",620,433,false],"portraits":["https:\/\/arantv.az\/wp-content\/uploads\/2021\/07\/FotoJet-2-1.jpg",620,433,false],"thumbnail":["https:\/\/arantv.az\/wp-content\/uploads\/2021\/07\/FotoJet-2-1-500x280.jpg",500,280,true],"medium":["https:\/\/arantv.az\/wp-content\/uploads\/2021\/07\/FotoJet-2-1-523x365.jpg",523,365,true],"large":["https:\/\/arantv.az\/wp-content\/uploads\/2021\/07\/FotoJet-2-1.jpg",620,433,false],"1536x1536":["https:\/\/arantv.az\/wp-content\/uploads\/2021\/07\/FotoJet-2-1.jpg",620,433,false],"2048x2048":["https:\/\/arantv.az\/wp-content\/uploads\/2021\/07\/FotoJet-2-1.jpg",620,433,false],"post-thumbnail":["https:\/\/arantv.az\/wp-content\/uploads\/2021\/07\/FotoJet-2-1-240x172.jpg",240,172,true],"advps-thumb-one":["https:\/\/arantv.az\/wp-content\/uploads\/2021\/07\/FotoJet-2-1.jpg",620,433,false]},"rttpg_author":{"display_name":"V\u00fcsal Rafiqo\u011flu","author_link":"https:\/\/arantv.az\/?author=2"},"rttpg_comment":0,"rttpg_category":"<a href=\"https:\/\/arantv.az\/?cat=4\" rel=\"category\">Siyas\u0259t<\/a>","rttpg_excerpt":"Heyd\u0259r \u018fliyev Fondu Xalq \u015fairi Musa Yaqubun q\u0259bir\u00fcst\u00fc abid\u0259sinin haz\u0131rlanmas\u0131 x\u0259rcl\u0259rini \u00f6z \u00fcz\u0259rin\u0259 g\u00f6t\u00fcr\u00fcb. ARANTV.AZ-\u0131n m\u0259lumat\u0131na g\u00f6r\u0259, bununla ba\u011fl\u0131 Birinci vitse-prezident Mehriban \u018fliyeva\u00a0Heyd\u0259r \u018fliyev Fonduna tap\u015f\u0131r\u0131q verib. Bu bar\u0259d\u0259 m\u0259lumat\u0131 \u0130smay\u0131ll\u0131 Rayon \u0130cra Hakimiyy\u0259tinin ba\u015f\u00e7\u0131s\u0131 Nahid Ba\u011f\u0131rov sayt\u0131m\u0131za t\u0259sdiql\u0259yib. O bildirib ki, art\u0131q Musa Yaqubun q\u0259bir\u00fcst\u00fc abid\u0259sinin haz\u0131rlanmas\u0131 il\u0259 ba\u011fl\u0131 i\u015fl\u0259r\u0259 ba\u015flan\u0131l\u0131b. Qeyd ed\u0259k ki,&hellip;","_links":{"self":[{"href":"https:\/\/arantv.az\/index.php?rest_route=\/wp\/v2\/posts\/353406"}],"collection":[{"href":"https:\/\/arantv.az\/index.php?rest_route=\/wp\/v2\/posts"}],"about":[{"href":"https:\/\/arantv.az\/index.php?rest_route=\/wp\/v2\/types\/post"}],"author":[{"embeddable":true,"href":"https:\/\/arantv.az\/index.php?rest_route=\/wp\/v2\/users\/2"}],"replies":[{"embeddable":true,"href":"https:\/\/arantv.az\/index.php?rest_route=%2Fwp%2Fv2%2Fcomments&post=353406"}],"version-history":[{"count":0,"href":"https:\/\/arantv.az\/index.php?rest_route=\/wp\/v2\/posts\/353406\/revisions"}],"wp:featuredmedia":[{"embeddable":true,"href":"https:\/\/arantv.az\/index.php?rest_route=\/wp\/v2\/media\/353407"}],"wp:attachment":[{"href":"https:\/\/arantv.az\/index.php?rest_route=%2Fwp%2Fv2%2Fmedia&parent=353406"}],"wp:term":[{"taxonomy":"category","embeddable":true,"href":"https:\/\/arantv.az\/index.php?rest_route=%2Fwp%2Fv2%2Fcategories&post=353406"},{"taxonomy":"post_tag","embeddable":true,"href":"https:\/\/arantv.az\/index.php?rest_route=%2Fwp%2Fv2%2Ftags&post=353406"}],"curies":[{"name":"wp","href":"https:\/\/api.w.org\/{rel}","templated":true}]}}