{"id":353409,"date":"2021-07-02T11:32:43","date_gmt":"2021-07-02T08:32:43","guid":{"rendered":"http:\/\/arantv.az\/?p=353409"},"modified":"2021-07-02T11:32:43","modified_gmt":"2021-07-02T08:32:43","slug":"s%c9%99hiyy%c9%99-naziri-v%c9%99zif%c9%99sini-icra-ed%c9%99n-teymur-musayev-kuba-respublikasindan-g%c9%99l%c9%99n-hey%c9%99tl%c9%99-gorusub","status":"publish","type":"post","link":"https:\/\/arantv.az\/?p=353409","title":{"rendered":"S\u0259hiyy\u0259 naziri v\u0259zif\u0259sini icra ed\u0259n Teymur Musayev Kuba Respublikas\u0131ndan g\u0259l\u0259n hey\u0259tl\u0259 g\u00f6r\u00fc\u015f\u00fcb"},"content":{"rendered":"<p>S\u0259hiyy\u0259 nazirinin birinci m\u00fcavini, s\u0259hiyy\u0259 nazirinin v\u0259zif\u0259l\u0259rini m\u00fcv\u0259qq\u0259ti icra ed\u0259n Teymur Musayev Kuban\u0131n Az\u0259rbaycandak\u0131 f\u00f6vq\u0259lad\u0259 v\u0259 s\u0259lahiyy\u0259tli s\u0259firi Alfredo Fidel Nieves Portuondo v\u0259 COVID-19 pandemiyas\u0131 il\u0259 m\u00fcbariz\u0259y\u0259 d\u0259st\u0259k m\u0259qs\u0259dil\u0259 Kubadan g\u0259l\u0259n tibb hey\u0259tinin r\u0259hb\u0259ri professor Dalsi Torres Avilla il\u0259 g\u00f6r\u00fc\u015f\u00fcb.<\/p>\n<p>Bu bar\u0259d\u0259 S\u0259hiyy\u0259 Nazirliyinin yayd\u0131\u011f\u0131 m\u0259lumatda qeyd olunub.<\/p>\n<p>Toplant\u0131n\u0131 giri\u015f s\u00f6z\u00fc il\u0259 a\u00e7an\u00a0Teymur Musayev Kuba h\u00f6kum\u0259tin\u0259 v\u0259 tibb hey\u0259tinin r\u0259hb\u0259ri professor Dalsi Torres Avillan\u0131n timsal\u0131nda pandemiya il\u0259 m\u00fcbariz\u0259d\u0259 \u00f6lk\u0259miz\u0259 d\u0259st\u0259k olanlara t\u0259\u015f\u0259kk\u00fcr\u00fcn\u00fc bildirib. O, g\u0259l\u0259c\u0259kd\u0259 elmi-tibbi v\u0259 dig\u0259r sah\u0259l\u0259rd\u0259 \u0259m\u0259kda\u015fl\u0131\u011f\u0131n daha da u\u011furla inki\u015faf etdiril\u0259c\u0259yin\u0259 \u00fcmidvar oldu\u011funu deyib.<\/p>\n<div id=\"AdviadNativeVideo0\" class=\"AdviadNativeVideo\"><\/div>\n<p>Teymur Musayev h\u0259m\u00e7inin \u00f6lk\u0259mizd\u0259 vaksinasiyan\u0131n m\u0259rh\u0259l\u0259li, s\u00fcr\u0259tl\u0259 davam etdiyini v\u0259 q\u0131sa m\u00fcdd\u0259td\u0259 m\u00fcsb\u0259t n\u0259tic\u0259y\u0259 nail olaca\u011f\u0131m\u0131za inand\u0131\u011f\u0131n\u0131 qeyd edib.<\/p>\n<p>Kuban\u0131n Az\u0259rbaycandak\u0131 f\u00f6vq\u0259lad\u0259 v\u0259 s\u0259lahiyy\u0259tli s\u0259firi Alfredo Fidel Nieves Portuondo \u00e7\u0131x\u0131\u015f\u0131nda pandemiya il\u0259 m\u00fcbariz\u0259d\u0259 \u00f6lk\u0259mizin \u00dcmumd\u00fcnya S\u0259hiyy\u0259 T\u0259\u015fkilat\u0131n\u0131n t\u0259dbirl\u0259rind\u0259 f\u0259al i\u015ftirak etdiyini vur\u011fulayaraq, Az\u0259rbaycan t\u0259cr\u00fcb\u0259sinin d\u00fcnyada n\u00fcmun\u0259vi oldu\u011funu diqq\u0259t\u0259 \u00e7atd\u0131r\u0131b. Kubal\u0131 s\u0259fir b\u00fct\u00fcn sah\u0259l\u0259rd\u0259 oldu\u011fu kimi s\u0259hiyy\u0259 sah\u0259sind\u0259 d\u0259 dinamik \u0259m\u0259kda\u015fl\u0131\u011f\u0131n vacibliyini bildirib.<\/p>\n<p>Kubadan g\u0259l\u0259n tibb hey\u0259tinin r\u0259hb\u0259ri professor Dalsi Torres Avilla \u00f6z n\u00f6vb\u0259sind\u0259 yarad\u0131lan \u015f\u0259rait\u0259 v\u0259 g\u00f6st\u0259ril\u0259n diqq\u0259t\u0259 g\u00f6r\u0259 r\u0259hb\u0259rlik etdiyi hey\u0259t ad\u0131ndan t\u0259\u015f\u0259kk\u00fcr\u00fcn\u00fc bildirib. Kubal\u0131 professor koronavirusa qar\u015f\u0131 qazan\u0131lan u\u011furun birg\u0259 \u0259m\u0259yin n\u0259tic\u0259si oldu\u011funu vur\u011fulay\u0131b.<\/p>\n<p>Qar\u015f\u0131l\u0131ql\u0131 anla\u015fma \u015f\u0259raitind\u0259 ke\u00e7\u0259n g\u00f6r\u00fc\u015fd\u0259 s\u0259hiyy\u0259nin dig\u0259r sah\u0259l\u0259rind\u0259 d\u0259 g\u0259l\u0259c\u0259kd\u0259 \u0259m\u0259kda\u015fl\u0131\u011f\u0131n m\u0259qs\u0259d\u0259uy\u011funlu\u011fu vur\u011fulan\u0131b.<\/p>\n","protected":false},"excerpt":{"rendered":"<p>S\u0259hiyy\u0259 nazirinin birinci m\u00fcavini, s\u0259hiyy\u0259 nazirinin v\u0259zif\u0259l\u0259rini m\u00fcv\u0259qq\u0259ti icra ed\u0259n Teymur Musayev Kuban\u0131n Az\u0259rbaycandak\u0131 f\u00f6vq\u0259lad\u0259 v\u0259 s\u0259lahiyy\u0259tli s\u0259firi Alfredo Fidel Nieves Portuondo v\u0259 COVID-19 pandemiyas\u0131 il\u0259 m\u00fcbariz\u0259y\u0259 d\u0259st\u0259k m\u0259qs\u0259dil\u0259 Kubadan g\u0259l\u0259n tibb hey\u0259tinin r\u0259hb\u0259ri professor Dalsi Torres Avilla il\u0259 g\u00f6r\u00fc\u015f\u00fcb. Bu bar\u0259d\u0259 S\u0259hiyy\u0259 Nazirliyinin yayd\u0131\u011f\u0131 m\u0259lumatda qeyd olunub. Toplant\u0131n\u0131 giri\u015f s\u00f6z\u00fc il\u0259 a\u00e7an\u00a0Teymur Musayev Kuba h\u00f6kum\u0259tin\u0259 v\u0259 tibb hey\u0259tinin r\u0259hb\u0259ri professor Dalsi Torres Avillan\u0131n timsal\u0131nda pandemiya il\u0259 m\u00fcbariz\u0259d\u0259 \u00f6lk\u0259miz\u0259 d\u0259st\u0259k olanlara t\u0259\u015f\u0259kk\u00fcr\u00fcn\u00fc bildirib. O, g\u0259l\u0259c\u0259kd\u0259 elmi-tibbi v\u0259 dig\u0259r sah\u0259l\u0259rd\u0259 \u0259m\u0259kda\u015fl\u0131\u011f\u0131n daha da u\u011furla inki\u015faf etdiril\u0259c\u0259yin\u0259 \u00fcmidvar oldu\u011funu deyib. Teymur Musayev&hellip;<\/p>\n","protected":false},"author":2,"featured_media":353410,"comment_status":"closed","ping_status":"closed","sticky":false,"template":"","format":"standard","meta":{"om_disable_all_campaigns":false,"_monsterinsights_skip_tracking":false,"_monsterinsights_sitenote_active":false,"_monsterinsights_sitenote_note":"","_monsterinsights_sitenote_category":0},"categories":[26],"tags":[],"aioseo_notices":[],"gutentor_comment":0,"rttpg_featured_image_url":{"full":["https:\/\/arantv.az\/wp-content\/uploads\/2021\/07\/WhatsApp-Image-2021-07-02-at-12.00.24.jpg",620,413,false],"landscape":["https:\/\/arantv.az\/wp-content\/uploads\/2021\/07\/WhatsApp-Image-2021-07-02-at-12.00.24.jpg",620,413,false],"portraits":["https:\/\/arantv.az\/wp-content\/uploads\/2021\/07\/WhatsApp-Image-2021-07-02-at-12.00.24.jpg",620,413,false],"thumbnail":["https:\/\/arantv.az\/wp-content\/uploads\/2021\/07\/WhatsApp-Image-2021-07-02-at-12.00.24-500x280.jpg",500,280,true],"medium":["https:\/\/arantv.az\/wp-content\/uploads\/2021\/07\/WhatsApp-Image-2021-07-02-at-12.00.24-548x365.jpg",548,365,true],"large":["https:\/\/arantv.az\/wp-content\/uploads\/2021\/07\/WhatsApp-Image-2021-07-02-at-12.00.24.jpg",620,413,false],"1536x1536":["https:\/\/arantv.az\/wp-content\/uploads\/2021\/07\/WhatsApp-Image-2021-07-02-at-12.00.24.jpg",620,413,false],"2048x2048":["https:\/\/arantv.az\/wp-content\/uploads\/2021\/07\/WhatsApp-Image-2021-07-02-at-12.00.24.jpg",620,413,false],"post-thumbnail":["https:\/\/arantv.az\/wp-content\/uploads\/2021\/07\/WhatsApp-Image-2021-07-02-at-12.00.24-240x172.jpg",240,172,true],"advps-thumb-one":["https:\/\/arantv.az\/wp-content\/uploads\/2021\/07\/WhatsApp-Image-2021-07-02-at-12.00.24.jpg",620,413,false]},"rttpg_author":{"display_name":"V\u00fcsal Rafiqo\u011flu","author_link":"https:\/\/arantv.az\/?author=2"},"rttpg_comment":0,"rttpg_category":"<a href=\"https:\/\/arantv.az\/?cat=26\" rel=\"category\">Sosial<\/a>","rttpg_excerpt":"S\u0259hiyy\u0259 nazirinin birinci m\u00fcavini, s\u0259hiyy\u0259 nazirinin v\u0259zif\u0259l\u0259rini m\u00fcv\u0259qq\u0259ti icra ed\u0259n Teymur Musayev Kuban\u0131n Az\u0259rbaycandak\u0131 f\u00f6vq\u0259lad\u0259 v\u0259 s\u0259lahiyy\u0259tli s\u0259firi Alfredo Fidel Nieves Portuondo v\u0259 COVID-19 pandemiyas\u0131 il\u0259 m\u00fcbariz\u0259y\u0259 d\u0259st\u0259k m\u0259qs\u0259dil\u0259 Kubadan g\u0259l\u0259n tibb hey\u0259tinin r\u0259hb\u0259ri professor Dalsi Torres Avilla il\u0259 g\u00f6r\u00fc\u015f\u00fcb. Bu bar\u0259d\u0259 S\u0259hiyy\u0259 Nazirliyinin yayd\u0131\u011f\u0131 m\u0259lumatda qeyd olunub. Toplant\u0131n\u0131 giri\u015f s\u00f6z\u00fc il\u0259 a\u00e7an\u00a0Teymur Musayev Kuba&hellip;","_links":{"self":[{"href":"https:\/\/arantv.az\/index.php?rest_route=\/wp\/v2\/posts\/353409"}],"collection":[{"href":"https:\/\/arantv.az\/index.php?rest_route=\/wp\/v2\/posts"}],"about":[{"href":"https:\/\/arantv.az\/index.php?rest_route=\/wp\/v2\/types\/post"}],"author":[{"embeddable":true,"href":"https:\/\/arantv.az\/index.php?rest_route=\/wp\/v2\/users\/2"}],"replies":[{"embeddable":true,"href":"https:\/\/arantv.az\/index.php?rest_route=%2Fwp%2Fv2%2Fcomments&post=353409"}],"version-history":[{"count":0,"href":"https:\/\/arantv.az\/index.php?rest_route=\/wp\/v2\/posts\/353409\/revisions"}],"wp:featuredmedia":[{"embeddable":true,"href":"https:\/\/arantv.az\/index.php?rest_route=\/wp\/v2\/media\/353410"}],"wp:attachment":[{"href":"https:\/\/arantv.az\/index.php?rest_route=%2Fwp%2Fv2%2Fmedia&parent=353409"}],"wp:term":[{"taxonomy":"category","embeddable":true,"href":"https:\/\/arantv.az\/index.php?rest_route=%2Fwp%2Fv2%2Fcategories&post=353409"},{"taxonomy":"post_tag","embeddable":true,"href":"https:\/\/arantv.az\/index.php?rest_route=%2Fwp%2Fv2%2Ftags&post=353409"}],"curies":[{"name":"wp","href":"https:\/\/api.w.org\/{rel}","templated":true}]}}