{"id":353412,"date":"2021-07-02T12:38:31","date_gmt":"2021-07-02T09:38:31","guid":{"rendered":"http:\/\/arantv.az\/?p=353412"},"modified":"2021-07-02T12:38:31","modified_gmt":"2021-07-02T09:38:31","slug":"erm%c9%99nistan-regionun-ekoloji-t%c9%99hluk%c9%99sizliyin%c9%99-t%c9%99hdidl%c9%99r-yaradir","status":"publish","type":"post","link":"https:\/\/arantv.az\/?p=353412","title":{"rendered":"Erm\u0259nistan regionun ekoloji t\u0259hl\u00fck\u0259sizliyin\u0259 t\u0259hdidl\u0259r yarad\u0131r"},"content":{"rendered":"<p>Otuz il\u0259 yax\u0131n bir m\u00fcdd\u0259td\u0259 Az\u0259rbaycana qar\u015f\u0131 soyq\u0131r\u0131m, insanl\u0131q \u0259leyhin\u0259 cinay\u0259tl\u0259r, m\u00fcharib\u0259 cinay\u0259tl\u0259ri t\u00f6r\u0259tmi\u015f v\u0259 d\u00f6y\u00fc\u015f meydan\u0131nda h\u0259rbi kollapsa u\u011frayan Erm\u0259nistan, \u00f6lk\u0259mizin ekoloji sistemin\u0259 geni\u015fmiqyasl\u0131 z\u0259r\u0259r vurulmas\u0131na, su h\u00f6vz\u0259l\u0259rimizin z\u0259h\u0259rl\u0259nm\u0259sin\u0259 \u00e7al\u0131\u015f\u0131r.<\/p>\n<p>M\u0259lum oldu\u011fu kimi, i\u015f\u011faldan azad olunmu\u015f \u0259razil\u0259rd\u0259 13\u00a0\u00e7ay var ki, onlardan d\u00f6rd\u00fc Erm\u0259nistan \u0259razisind\u0259n ax\u0131b ke\u00e7ir. Bunlar\u0131n aras\u0131nda \u0259n \u00e7ox \u00e7irkl\u0259nm\u0259y\u0259 m\u0259ruz qalan, uzunlu\u011fu 83 km t\u0259\u015fkil ed\u0259n v\u0259 46 km Erm\u0259nistan \u0259razisind\u0259n ke\u00e7\u0259n Ox\u00e7u\u00e7ayd\u0131r. Bu \u00e7ay\u0131n h\u0259ddind\u0259n art\u0131q \u00e7irkl\u0259nm\u0259sin\u0259 g\u00f6r\u0259 Z\u0259nq\u0259zur Qacaran mis-molibden kombinat\u0131 v\u0259 Qafan filiz safla\u015fd\u0131rma kombinat\u0131\u00a0birba\u015fa m\u0259suliyy\u0259t day\u0131\u015f\u0131rlar. Onlar\u0131n f\u0259aliyy\u0259ti n\u0259tic\u0259sind\u0259 meydana q\u0259l\u0259n \u00e7irkab sular\u0131n\u0131n t\u0259mizl\u0259nm\u0259d\u0259n \u00e7aya ax\u0131d\u0131lmas\u0131 b\u00fct\u00f6vl\u00fckd\u0259 regionun ekoloji t\u0259hl\u00fck\u0259sizliyin\u0259 ciddi t\u0259hdid yarad\u0131r.\u00a0H\u0259m\u00e7inin n\u0259z\u0259r\u0259 almaq laz\u0131md\u0131r ki, Ox\u00e7u\u00e7ay\u0131n ekosisteminin z\u0259h\u0259rl\u0259\u0131nm\u0259si eyni zamanda insan h\u0259yat\u0131 v\u0259 sa\u011flaml\u0131\u011f\u0131 \u00fc\u00e7\u00fcn b\u00f6y\u00fck t\u0259hl\u00fck\u0259 m\u0259nb\u0259yidir. M\u0259s\u0259l\u0259nin \u0259n m\u00fch\u00fcm aspektl\u0259rind\u0259n biri ondan ibar\u0259tdir ki, K\u00fcr v\u0259 Araz \u00e7aylar\u0131 vasit\u0259si il\u0259 \u00e7irkab sular\u0131 X\u0259z\u0259r d\u0259nizin\u0259 ax\u0131r, bu is\u0259 m\u00f6vcud problemin beyn\u0259lmil\u0259l s\u0259viyy\u0259y\u0259 \u00e7atmas\u0131ndan x\u0259b\u0259r verir. Ba\u015fqa s\u00f6zl\u0259rl\u0259, x\u0259z\u0259ryan\u0131 d\u00f6vl\u0259tl\u0259r \u00fc\u00e7\u00fcn ciddi ekoloji t\u0259hl\u00fck\u0259 yaran\u0131r. Qeyd etm\u0259k laz\u0131md\u0131r ki, Az\u0259rbaycan, Rusiya Federasiyas\u0131, Qazaxstan, T\u00fcrkm\u0259nistan \u201cS\u0259rh\u0259dd\u0259n ke\u00e7\u0259n su ax\u0131nlar\u0131n\u0131n v\u0259 beyn\u0259lxalq g\u00f6ll\u0259rin m\u00fchafiz\u0259si v\u0259 istifad\u0259si haqq\u0131nda&#8221; 17 mart 1992-ci il tarixli BMT Konvensiyas\u0131n\u0131n i\u015ftirak\u00e7\u0131lar\u0131d\u0131rlar v\u0259 su h\u00f6vz\u0259l\u0259rinin m\u00fchafiz\u0259si il\u0259 ba\u011fl\u0131 beyn\u0259lxalq-h\u00fcquqi \u00f6hd\u0259likl\u0259r da\u015f\u0131y\u0131rlar. H\u0259m\u00e7inin be\u015f x\u0259z\u0259ryan\u0131 \u00f6lk\u0259 \u201cX\u0259z\u0259r d\u0259nizinin h\u00fcquqi statusu haqq\u0131nda\u201d 2018-ci il avqustun 12-d\u0259 Aktau \u015f\u0259h\u0259rind\u0259 imzalanm\u0131\u015f Konvensiyan\u0131n i\u015ftirak\u00e7\u0131lar\u0131d\u0131rlar v\u0259 X\u0259z\u0259r d\u0259nizinin qorunub saxlanmas\u0131 onlar \u00fc\u00e7\u00fcn \u0259sas prioritetl\u0259rd\u0259n biridir.<\/p>\n<p>Erm\u0259nistan t\u0259r\u0259find\u0259n q\u0259sd\u0259n Az\u0259rbaycan Respublikas\u0131n\u0131n su h\u00f6vz\u0259l\u0259rinin \u00e7irkl\u0259ndirilm\u0259si m\u0259nfur qon\u015fular\u0131m\u0131z\u0131n d\u00fc\u015fm\u0259n\u00e7iliyinin de fakto n\u00f6vb\u0259ti t\u0259zah\u00fcr\u00fcd\u00fcr. \u018fg\u0259r identifikasiya olunan milli, irqi, dini v\u0259 etnik qruplar\u0131n qism\u0259n v\u0259 ya b\u00fct\u00f6vl\u00fckd\u0259 m\u0259hv edilm\u0259si soyq\u0131r\u0131m cinay\u0259ti kimi tan\u0131n\u0131rsa, \u00f6lk\u0259mizin v\u0259 \u00fcmumilikd\u0259 reqionun ekosistemin\u0259 qar\u015f\u0131 y\u00f6n\u0259l\u0259n h\u0259r\u0259k\u0259tl\u0259r beyn\u0259lxalq m\u00fcst\u0259vid\u0259 \u201cekosid\u201d kimi t\u00f6vsif olunan cinay\u0259t t\u0259rkibli \u0259m\u0259ll\u0259ri ehtiva edir v\u0259 Erm\u0259nistan\u0131n beyn\u0259lxalq m\u0259suliyy\u0259ti m\u0259s\u0259l\u0259sini aktualla\u015fd\u0131r\u0131r.<\/p>\n<div id=\"AdviadNativeVideo0\" class=\"AdviadNativeVideo\"><\/div>\n<p><strong>Nizami S\u0259f\u0259rov,<\/strong><\/p>\n<p><strong>Milli M\u0259clisin H\u00fcquq siyas\u0259ti v\u0259 d\u00f6vl\u0259t quruculu\u011fu komit\u0259sinin \u00fczv\u00fc,<\/strong><\/p>\n<p><strong>h\u00fcquq elml\u0259ri doktoru<\/strong><\/p>\n","protected":false},"excerpt":{"rendered":"<p>Otuz il\u0259 yax\u0131n bir m\u00fcdd\u0259td\u0259 Az\u0259rbaycana qar\u015f\u0131 soyq\u0131r\u0131m, insanl\u0131q \u0259leyhin\u0259 cinay\u0259tl\u0259r, m\u00fcharib\u0259 cinay\u0259tl\u0259ri t\u00f6r\u0259tmi\u015f v\u0259 d\u00f6y\u00fc\u015f meydan\u0131nda h\u0259rbi kollapsa u\u011frayan Erm\u0259nistan, \u00f6lk\u0259mizin ekoloji sistemin\u0259 geni\u015fmiqyasl\u0131 z\u0259r\u0259r vurulmas\u0131na, su h\u00f6vz\u0259l\u0259rimizin z\u0259h\u0259rl\u0259nm\u0259sin\u0259 \u00e7al\u0131\u015f\u0131r. M\u0259lum oldu\u011fu kimi, i\u015f\u011faldan azad olunmu\u015f \u0259razil\u0259rd\u0259 13\u00a0\u00e7ay var ki, onlardan d\u00f6rd\u00fc Erm\u0259nistan \u0259razisind\u0259n ax\u0131b ke\u00e7ir. Bunlar\u0131n aras\u0131nda \u0259n \u00e7ox \u00e7irkl\u0259nm\u0259y\u0259 m\u0259ruz qalan, uzunlu\u011fu 83 km t\u0259\u015fkil ed\u0259n v\u0259 46 km Erm\u0259nistan \u0259razisind\u0259n ke\u00e7\u0259n Ox\u00e7u\u00e7ayd\u0131r. Bu \u00e7ay\u0131n h\u0259ddind\u0259n art\u0131q \u00e7irkl\u0259nm\u0259sin\u0259 g\u00f6r\u0259 Z\u0259nq\u0259zur Qacaran mis-molibden kombinat\u0131 v\u0259 Qafan filiz safla\u015fd\u0131rma kombinat\u0131\u00a0birba\u015fa m\u0259suliyy\u0259t day\u0131\u015f\u0131rlar. Onlar\u0131n f\u0259aliyy\u0259ti n\u0259tic\u0259sind\u0259 meydana q\u0259l\u0259n \u00e7irkab sular\u0131n\u0131n&hellip;<\/p>\n","protected":false},"author":2,"featured_media":353413,"comment_status":"closed","ping_status":"closed","sticky":false,"template":"","format":"standard","meta":{"om_disable_all_campaigns":false,"_monsterinsights_skip_tracking":false,"_monsterinsights_sitenote_active":false,"_monsterinsights_sitenote_note":"","_monsterinsights_sitenote_category":0},"categories":[26],"tags":[],"aioseo_notices":[],"gutentor_comment":0,"rttpg_featured_image_url":{"full":["https:\/\/arantv.az\/wp-content\/uploads\/2021\/07\/Nizami-SE_fE_rov.jpg",526,465,false],"landscape":["https:\/\/arantv.az\/wp-content\/uploads\/2021\/07\/Nizami-SE_fE_rov.jpg",526,465,false],"portraits":["https:\/\/arantv.az\/wp-content\/uploads\/2021\/07\/Nizami-SE_fE_rov.jpg",526,465,false],"thumbnail":["https:\/\/arantv.az\/wp-content\/uploads\/2021\/07\/Nizami-SE_fE_rov-500x280.jpg",500,280,true],"medium":["https:\/\/arantv.az\/wp-content\/uploads\/2021\/07\/Nizami-SE_fE_rov-413x365.jpg",413,365,true],"large":["https:\/\/arantv.az\/wp-content\/uploads\/2021\/07\/Nizami-SE_fE_rov.jpg",526,465,false],"1536x1536":["https:\/\/arantv.az\/wp-content\/uploads\/2021\/07\/Nizami-SE_fE_rov.jpg",526,465,false],"2048x2048":["https:\/\/arantv.az\/wp-content\/uploads\/2021\/07\/Nizami-SE_fE_rov.jpg",526,465,false],"post-thumbnail":["https:\/\/arantv.az\/wp-content\/uploads\/2021\/07\/Nizami-SE_fE_rov-240x172.jpg",240,172,true],"advps-thumb-one":["https:\/\/arantv.az\/wp-content\/uploads\/2021\/07\/Nizami-SE_fE_rov.jpg",526,465,false]},"rttpg_author":{"display_name":"V\u00fcsal Rafiqo\u011flu","author_link":"https:\/\/arantv.az\/?author=2"},"rttpg_comment":0,"rttpg_category":"<a href=\"https:\/\/arantv.az\/?cat=26\" rel=\"category\">Sosial<\/a>","rttpg_excerpt":"Otuz il\u0259 yax\u0131n bir m\u00fcdd\u0259td\u0259 Az\u0259rbaycana qar\u015f\u0131 soyq\u0131r\u0131m, insanl\u0131q \u0259leyhin\u0259 cinay\u0259tl\u0259r, m\u00fcharib\u0259 cinay\u0259tl\u0259ri t\u00f6r\u0259tmi\u015f v\u0259 d\u00f6y\u00fc\u015f meydan\u0131nda h\u0259rbi kollapsa u\u011frayan Erm\u0259nistan, \u00f6lk\u0259mizin ekoloji sistemin\u0259 geni\u015fmiqyasl\u0131 z\u0259r\u0259r vurulmas\u0131na, su h\u00f6vz\u0259l\u0259rimizin z\u0259h\u0259rl\u0259nm\u0259sin\u0259 \u00e7al\u0131\u015f\u0131r. M\u0259lum oldu\u011fu kimi, i\u015f\u011faldan azad olunmu\u015f \u0259razil\u0259rd\u0259 13\u00a0\u00e7ay var ki, onlardan d\u00f6rd\u00fc Erm\u0259nistan \u0259razisind\u0259n ax\u0131b ke\u00e7ir. Bunlar\u0131n aras\u0131nda \u0259n \u00e7ox \u00e7irkl\u0259nm\u0259y\u0259 m\u0259ruz qalan, uzunlu\u011fu&hellip;","_links":{"self":[{"href":"https:\/\/arantv.az\/index.php?rest_route=\/wp\/v2\/posts\/353412"}],"collection":[{"href":"https:\/\/arantv.az\/index.php?rest_route=\/wp\/v2\/posts"}],"about":[{"href":"https:\/\/arantv.az\/index.php?rest_route=\/wp\/v2\/types\/post"}],"author":[{"embeddable":true,"href":"https:\/\/arantv.az\/index.php?rest_route=\/wp\/v2\/users\/2"}],"replies":[{"embeddable":true,"href":"https:\/\/arantv.az\/index.php?rest_route=%2Fwp%2Fv2%2Fcomments&post=353412"}],"version-history":[{"count":0,"href":"https:\/\/arantv.az\/index.php?rest_route=\/wp\/v2\/posts\/353412\/revisions"}],"wp:featuredmedia":[{"embeddable":true,"href":"https:\/\/arantv.az\/index.php?rest_route=\/wp\/v2\/media\/353413"}],"wp:attachment":[{"href":"https:\/\/arantv.az\/index.php?rest_route=%2Fwp%2Fv2%2Fmedia&parent=353412"}],"wp:term":[{"taxonomy":"category","embeddable":true,"href":"https:\/\/arantv.az\/index.php?rest_route=%2Fwp%2Fv2%2Fcategories&post=353412"},{"taxonomy":"post_tag","embeddable":true,"href":"https:\/\/arantv.az\/index.php?rest_route=%2Fwp%2Fv2%2Ftags&post=353412"}],"curies":[{"name":"wp","href":"https:\/\/api.w.org\/{rel}","templated":true}]}}