{"id":354573,"date":"2021-07-06T13:59:25","date_gmt":"2021-07-06T10:59:25","guid":{"rendered":"http:\/\/arantv.az\/?p=354573"},"modified":"2021-07-06T13:59:25","modified_gmt":"2021-07-06T10:59:25","slug":"hulusi-akar-kabil-aeroportunda-turkiy%c9%99nin-t%c9%99hluk%c9%99sizliyinin-t%c9%99minati-il%c9%99-bagli-q%c9%99rar-yoxdur","status":"publish","type":"post","link":"https:\/\/arantv.az\/?p=354573","title":{"rendered":"Hulusi Akar: \u201cKabil aeroportunda T\u00fcrkiy\u0259nin t\u0259hl\u00fck\u0259sizliyinin t\u0259minat\u0131 il\u0259 ba\u011fl\u0131 q\u0259rar yoxdur\u201d"},"content":{"rendered":"<p>&#8220;Kabild\u0259 H\u0259mid K\u0259rzai Beyn\u0259lxalq Hava Liman\u0131n\u0131n istifad\u0259si v\u0259 t\u0259hl\u00fck\u0259sizliyinin t\u0259mini il\u0259 ba\u011fl\u0131 q\u0259rar yoxdur, haz\u0131rda dan\u0131\u015f\u0131qlar davam edir&#8221;.<\/p>\n<p><strong>ARANTV.AZ<\/strong>\u00a0 APA-ya istinad\u0259n bildirir ki, bu bar\u0259d\u0259 T\u00fcrkiy\u0259nin milli m\u00fcdafi\u0259 naziri Hulusi Akar bildirib.<\/p>\n<p>\u018ffqan\u0131stan\u0131 &#8220;Asiyan\u0131n \u00fcr\u0259yi&#8221; v\u0259 \u0259h\u0259miyy\u0259tli bir \u00f6lk\u0259 olaraq d\u0259y\u0259rl\u0259ndir\u0259n nazir deyib ki, T\u00fcrkiy\u0259 ordusu 6 ildir NATO-nun &#8220;Q\u0259tiyy\u0259tli d\u0259st\u0259k&#8221; missiyas\u0131 \u00e7\u0259r\u00e7iv\u0259sind\u0259 H\u0259mid K\u0259rzai Beyn\u0259lxalq Hava Liman\u0131nda f\u0259aliyy\u0259t g\u00f6st\u0259rir: &#8220;T\u00fcrkiy\u0259 Silahl\u0131 Q\u00fcvv\u0259l\u0259ri haz\u0131rda v\u0259zif\u0259sin\u0259 Kabil T\u0259lim-T\u0259dris D\u0259st\u0259k M\u0259sl\u0259h\u0259t Komandanl\u0131\u011f\u0131 s\u0259viyy\u0259sind\u0259 icras\u0131na davam edir&#8221;.<\/p>\n<p>Qeyd ed\u0259k ki, ke\u00e7\u0259n ay\u0131n 24-d\u0259 AB\u015e M\u00fcdafi\u0259 Nazirliyinin (Pentaqon) n\u00fcmay\u0259nd\u0259 hey\u0259ti Kabild\u0259 H\u0259mid K\u0259rzai Beyn\u0259lxalq Hava Liman\u0131n\u0131n t\u0259hl\u00fck\u0259sizliyinin t\u0259min edilm\u0259sind\u0259 T\u00fcrkiy\u0259nin rolu m\u00fczakir\u0259 etm\u0259kl\u0259 ba\u011fl\u0131 T\u00fcrkiy\u0259d\u0259 s\u0259f\u0259rd\u0259 olub.<\/p>\n","protected":false},"excerpt":{"rendered":"<p>&#8220;Kabild\u0259 H\u0259mid K\u0259rzai Beyn\u0259lxalq Hava Liman\u0131n\u0131n istifad\u0259si v\u0259 t\u0259hl\u00fck\u0259sizliyinin t\u0259mini il\u0259 ba\u011fl\u0131 q\u0259rar yoxdur, haz\u0131rda dan\u0131\u015f\u0131qlar davam edir&#8221;. ARANTV.AZ\u00a0 APA-ya istinad\u0259n bildirir ki, bu bar\u0259d\u0259 T\u00fcrkiy\u0259nin milli m\u00fcdafi\u0259 naziri Hulusi Akar bildirib. \u018ffqan\u0131stan\u0131 &#8220;Asiyan\u0131n \u00fcr\u0259yi&#8221; v\u0259 \u0259h\u0259miyy\u0259tli bir \u00f6lk\u0259 olaraq d\u0259y\u0259rl\u0259ndir\u0259n nazir deyib ki, T\u00fcrkiy\u0259 ordusu 6 ildir NATO-nun &#8220;Q\u0259tiyy\u0259tli d\u0259st\u0259k&#8221; missiyas\u0131 \u00e7\u0259r\u00e7iv\u0259sind\u0259 H\u0259mid K\u0259rzai Beyn\u0259lxalq Hava Liman\u0131nda f\u0259aliyy\u0259t g\u00f6st\u0259rir: &#8220;T\u00fcrkiy\u0259 Silahl\u0131 Q\u00fcvv\u0259l\u0259ri haz\u0131rda v\u0259zif\u0259sin\u0259 Kabil T\u0259lim-T\u0259dris D\u0259st\u0259k M\u0259sl\u0259h\u0259t Komandanl\u0131\u011f\u0131 s\u0259viyy\u0259sind\u0259 icras\u0131na davam edir&#8221;. Qeyd ed\u0259k ki, ke\u00e7\u0259n ay\u0131n 24-d\u0259 AB\u015e M\u00fcdafi\u0259 Nazirliyinin (Pentaqon) n\u00fcmay\u0259nd\u0259 hey\u0259ti Kabild\u0259 H\u0259mid K\u0259rzai Beyn\u0259lxalq&hellip;<\/p>\n","protected":false},"author":2,"featured_media":354574,"comment_status":"closed","ping_status":"closed","sticky":false,"template":"","format":"standard","meta":{"om_disable_all_campaigns":false,"_monsterinsights_skip_tracking":false,"_monsterinsights_sitenote_active":false,"_monsterinsights_sitenote_note":"","_monsterinsights_sitenote_category":0},"categories":[7],"tags":[],"aioseo_notices":[],"gutentor_comment":0,"rttpg_featured_image_url":{"full":["https:\/\/arantv.az\/wp-content\/uploads\/2021\/07\/962831.jpg",800,600,false],"landscape":["https:\/\/arantv.az\/wp-content\/uploads\/2021\/07\/962831.jpg",800,600,false],"portraits":["https:\/\/arantv.az\/wp-content\/uploads\/2021\/07\/962831.jpg",800,600,false],"thumbnail":["https:\/\/arantv.az\/wp-content\/uploads\/2021\/07\/962831-500x280.jpg",500,280,true],"medium":["https:\/\/arantv.az\/wp-content\/uploads\/2021\/07\/962831-487x365.jpg",487,365,true],"large":["https:\/\/arantv.az\/wp-content\/uploads\/2021\/07\/962831.jpg",640,480,false],"1536x1536":["https:\/\/arantv.az\/wp-content\/uploads\/2021\/07\/962831.jpg",800,600,false],"2048x2048":["https:\/\/arantv.az\/wp-content\/uploads\/2021\/07\/962831.jpg",800,600,false],"post-thumbnail":["https:\/\/arantv.az\/wp-content\/uploads\/2021\/07\/962831-240x172.jpg",240,172,true],"advps-thumb-one":["https:\/\/arantv.az\/wp-content\/uploads\/2021\/07\/962831.jpg",800,600,false]},"rttpg_author":{"display_name":"V\u00fcsal Rafiqo\u011flu","author_link":"https:\/\/arantv.az\/?author=2"},"rttpg_comment":0,"rttpg_category":"<a href=\"https:\/\/arantv.az\/?cat=7\" rel=\"category\">D\u00fcnya<\/a>","rttpg_excerpt":"&#8220;Kabild\u0259 H\u0259mid K\u0259rzai Beyn\u0259lxalq Hava Liman\u0131n\u0131n istifad\u0259si v\u0259 t\u0259hl\u00fck\u0259sizliyinin t\u0259mini il\u0259 ba\u011fl\u0131 q\u0259rar yoxdur, haz\u0131rda dan\u0131\u015f\u0131qlar davam edir&#8221;. ARANTV.AZ\u00a0 APA-ya istinad\u0259n bildirir ki, bu bar\u0259d\u0259 T\u00fcrkiy\u0259nin milli m\u00fcdafi\u0259 naziri Hulusi Akar bildirib. \u018ffqan\u0131stan\u0131 &#8220;Asiyan\u0131n \u00fcr\u0259yi&#8221; v\u0259 \u0259h\u0259miyy\u0259tli bir \u00f6lk\u0259 olaraq d\u0259y\u0259rl\u0259ndir\u0259n nazir deyib ki, T\u00fcrkiy\u0259 ordusu 6 ildir NATO-nun &#8220;Q\u0259tiyy\u0259tli d\u0259st\u0259k&#8221; missiyas\u0131 \u00e7\u0259r\u00e7iv\u0259sind\u0259 H\u0259mid K\u0259rzai&hellip;","_links":{"self":[{"href":"https:\/\/arantv.az\/index.php?rest_route=\/wp\/v2\/posts\/354573"}],"collection":[{"href":"https:\/\/arantv.az\/index.php?rest_route=\/wp\/v2\/posts"}],"about":[{"href":"https:\/\/arantv.az\/index.php?rest_route=\/wp\/v2\/types\/post"}],"author":[{"embeddable":true,"href":"https:\/\/arantv.az\/index.php?rest_route=\/wp\/v2\/users\/2"}],"replies":[{"embeddable":true,"href":"https:\/\/arantv.az\/index.php?rest_route=%2Fwp%2Fv2%2Fcomments&post=354573"}],"version-history":[{"count":0,"href":"https:\/\/arantv.az\/index.php?rest_route=\/wp\/v2\/posts\/354573\/revisions"}],"wp:featuredmedia":[{"embeddable":true,"href":"https:\/\/arantv.az\/index.php?rest_route=\/wp\/v2\/media\/354574"}],"wp:attachment":[{"href":"https:\/\/arantv.az\/index.php?rest_route=%2Fwp%2Fv2%2Fmedia&parent=354573"}],"wp:term":[{"taxonomy":"category","embeddable":true,"href":"https:\/\/arantv.az\/index.php?rest_route=%2Fwp%2Fv2%2Fcategories&post=354573"},{"taxonomy":"post_tag","embeddable":true,"href":"https:\/\/arantv.az\/index.php?rest_route=%2Fwp%2Fv2%2Ftags&post=354573"}],"curies":[{"name":"wp","href":"https:\/\/api.w.org\/{rel}","templated":true}]}}