{"id":354576,"date":"2021-07-06T14:00:35","date_gmt":"2021-07-06T11:00:35","guid":{"rendered":"http:\/\/arantv.az\/?p=354576"},"modified":"2021-07-06T14:00:35","modified_gmt":"2021-07-06T11:00:35","slug":"dunyanin-%c9%99n-enli-kuc%c9%99l%c9%99rind%c9%99n-ikisi-agdamda-olacaq-prezidentinin-xususi-numay%c9%99nd%c9%99si","status":"publish","type":"post","link":"https:\/\/arantv.az\/?p=354576","title":{"rendered":"D\u00fcnyan\u0131n \u0259n enli k\u00fc\u00e7\u0259l\u0259rind\u0259n ikisi A\u011fdamda olacaq &#8211; Prezidentinin x\u00fcsusi n\u00fcmay\u0259nd\u0259si"},"content":{"rendered":"<p><strong>D\u00fcnyan\u0131n \u0259n enli k\u00fc\u00e7\u0259l\u0259rind\u0259n ikisi A\u011fdamda olacaq.<\/strong><\/p>\n<p><strong>ARANTV.AZ<\/strong>\u00a0 <a href=\"https:\/\/az.trend.az\/\" target=\"_blank\" rel=\"noopener\">Trend<\/a>-\u0259 istinad\u0259n bildirir ki,\u00a0bu bar\u0259d\u0259 Az\u0259rbaycan Prezidentinin x\u00fcsusi n\u00fcmay\u0259nd\u0259si Emin H\u00fcseynov A\u011fdam \u015f\u0259h\u0259rinin infrastrukturu bar\u0259d\u0259 m\u0259lumat ver\u0259rk\u0259n deyib.<\/p>\n<p>Onun s\u00f6zl\u0259rin\u0259 g\u00f6r\u0259, bu yollardan birinin eni 60, dig\u0259ri 55 metr olacaq.<\/p>\n<p>&#8220;D\u00fcnyan\u0131n bel\u0259 enli k\u00fc\u00e7\u0259l\u0259rind\u0259n biri Lissabon \u015f\u0259h\u0259rind\u0259dir. A\u011fdamda da 2 bel\u0259 k\u00fc\u00e7\u0259 olacaq. H\u0259min yollar piyada, velosiped, tramvay yolu, a\u011fac zola\u011f\u0131, parkinq \u00fc\u00e7\u00fcn yer v\u0259 avtomobil zolaqlar\u0131ndan ibar\u0259t olacaq. Bu, kifay\u0259t q\u0259d\u0259r geni\u015fliyin olmas\u0131na xidm\u0259t ed\u0259c\u0259k ki, he\u00e7 bir t\u0131xac yaranmas\u0131n&#8221;.<\/p>\n<p>\u015e\u0259h\u0259rd\u0259 m\u0259kt\u0259b, x\u0259st\u0259xana v\u0259 dig\u0259r ictimai binalar\u0131n tikinti planlar\u0131ndan da s\u00f6z a\u00e7an Emin H\u00fcseynov bu binalar\u0131n \u015f\u0259h\u0259rin ist\u0259nil\u0259n yerind\u0259 ya\u015fayan v\u0259t\u0259nda\u015f \u00fc\u00e7\u00fcn maksimum 500 metrlik m\u0259saf\u0259d\u0259 in\u015fa edil\u0259c\u0259yini bildirib.<\/p>\n","protected":false},"excerpt":{"rendered":"<p>D\u00fcnyan\u0131n \u0259n enli k\u00fc\u00e7\u0259l\u0259rind\u0259n ikisi A\u011fdamda olacaq. ARANTV.AZ\u00a0 Trend-\u0259 istinad\u0259n bildirir ki,\u00a0bu bar\u0259d\u0259 Az\u0259rbaycan Prezidentinin x\u00fcsusi n\u00fcmay\u0259nd\u0259si Emin H\u00fcseynov A\u011fdam \u015f\u0259h\u0259rinin infrastrukturu bar\u0259d\u0259 m\u0259lumat ver\u0259rk\u0259n deyib. Onun s\u00f6zl\u0259rin\u0259 g\u00f6r\u0259, bu yollardan birinin eni 60, dig\u0259ri 55 metr olacaq. &#8220;D\u00fcnyan\u0131n bel\u0259 enli k\u00fc\u00e7\u0259l\u0259rind\u0259n biri Lissabon \u015f\u0259h\u0259rind\u0259dir. A\u011fdamda da 2 bel\u0259 k\u00fc\u00e7\u0259 olacaq. H\u0259min yollar piyada, velosiped, tramvay yolu, a\u011fac zola\u011f\u0131, parkinq \u00fc\u00e7\u00fcn yer v\u0259 avtomobil zolaqlar\u0131ndan ibar\u0259t olacaq. Bu, kifay\u0259t q\u0259d\u0259r geni\u015fliyin olmas\u0131na xidm\u0259t ed\u0259c\u0259k ki, he\u00e7 bir t\u0131xac yaranmas\u0131n&#8221;. \u015e\u0259h\u0259rd\u0259 m\u0259kt\u0259b, x\u0259st\u0259xana v\u0259 dig\u0259r ictimai binalar\u0131n tikinti planlar\u0131ndan da s\u00f6z&hellip;<\/p>\n","protected":false},"author":2,"featured_media":354577,"comment_status":"closed","ping_status":"closed","sticky":false,"template":"","format":"standard","meta":{"om_disable_all_campaigns":false,"_monsterinsights_skip_tracking":false,"_monsterinsights_sitenote_active":false,"_monsterinsights_sitenote_note":"","_monsterinsights_sitenote_category":0},"categories":[4],"tags":[],"aioseo_notices":[],"gutentor_comment":0,"rttpg_featured_image_url":{"full":["https:\/\/arantv.az\/wp-content\/uploads\/2021\/07\/962836.jpg",800,600,false],"landscape":["https:\/\/arantv.az\/wp-content\/uploads\/2021\/07\/962836.jpg",800,600,false],"portraits":["https:\/\/arantv.az\/wp-content\/uploads\/2021\/07\/962836.jpg",800,600,false],"thumbnail":["https:\/\/arantv.az\/wp-content\/uploads\/2021\/07\/962836-500x280.jpg",500,280,true],"medium":["https:\/\/arantv.az\/wp-content\/uploads\/2021\/07\/962836-487x365.jpg",487,365,true],"large":["https:\/\/arantv.az\/wp-content\/uploads\/2021\/07\/962836.jpg",640,480,false],"1536x1536":["https:\/\/arantv.az\/wp-content\/uploads\/2021\/07\/962836.jpg",800,600,false],"2048x2048":["https:\/\/arantv.az\/wp-content\/uploads\/2021\/07\/962836.jpg",800,600,false],"post-thumbnail":["https:\/\/arantv.az\/wp-content\/uploads\/2021\/07\/962836-240x172.jpg",240,172,true],"advps-thumb-one":["https:\/\/arantv.az\/wp-content\/uploads\/2021\/07\/962836.jpg",800,600,false]},"rttpg_author":{"display_name":"V\u00fcsal Rafiqo\u011flu","author_link":"https:\/\/arantv.az\/?author=2"},"rttpg_comment":0,"rttpg_category":"<a href=\"https:\/\/arantv.az\/?cat=4\" rel=\"category\">Siyas\u0259t<\/a>","rttpg_excerpt":"D\u00fcnyan\u0131n \u0259n enli k\u00fc\u00e7\u0259l\u0259rind\u0259n ikisi A\u011fdamda olacaq. ARANTV.AZ\u00a0 Trend-\u0259 istinad\u0259n bildirir ki,\u00a0bu bar\u0259d\u0259 Az\u0259rbaycan Prezidentinin x\u00fcsusi n\u00fcmay\u0259nd\u0259si Emin H\u00fcseynov A\u011fdam \u015f\u0259h\u0259rinin infrastrukturu bar\u0259d\u0259 m\u0259lumat ver\u0259rk\u0259n deyib. Onun s\u00f6zl\u0259rin\u0259 g\u00f6r\u0259, bu yollardan birinin eni 60, dig\u0259ri 55 metr olacaq. &#8220;D\u00fcnyan\u0131n bel\u0259 enli k\u00fc\u00e7\u0259l\u0259rind\u0259n biri Lissabon \u015f\u0259h\u0259rind\u0259dir. A\u011fdamda da 2 bel\u0259 k\u00fc\u00e7\u0259 olacaq. H\u0259min yollar piyada, velosiped,&hellip;","_links":{"self":[{"href":"https:\/\/arantv.az\/index.php?rest_route=\/wp\/v2\/posts\/354576"}],"collection":[{"href":"https:\/\/arantv.az\/index.php?rest_route=\/wp\/v2\/posts"}],"about":[{"href":"https:\/\/arantv.az\/index.php?rest_route=\/wp\/v2\/types\/post"}],"author":[{"embeddable":true,"href":"https:\/\/arantv.az\/index.php?rest_route=\/wp\/v2\/users\/2"}],"replies":[{"embeddable":true,"href":"https:\/\/arantv.az\/index.php?rest_route=%2Fwp%2Fv2%2Fcomments&post=354576"}],"version-history":[{"count":0,"href":"https:\/\/arantv.az\/index.php?rest_route=\/wp\/v2\/posts\/354576\/revisions"}],"wp:featuredmedia":[{"embeddable":true,"href":"https:\/\/arantv.az\/index.php?rest_route=\/wp\/v2\/media\/354577"}],"wp:attachment":[{"href":"https:\/\/arantv.az\/index.php?rest_route=%2Fwp%2Fv2%2Fmedia&parent=354576"}],"wp:term":[{"taxonomy":"category","embeddable":true,"href":"https:\/\/arantv.az\/index.php?rest_route=%2Fwp%2Fv2%2Fcategories&post=354576"},{"taxonomy":"post_tag","embeddable":true,"href":"https:\/\/arantv.az\/index.php?rest_route=%2Fwp%2Fv2%2Ftags&post=354576"}],"curies":[{"name":"wp","href":"https:\/\/api.w.org\/{rel}","templated":true}]}}