{"id":354784,"date":"2021-07-07T07:50:36","date_gmt":"2021-07-07T04:50:36","guid":{"rendered":"http:\/\/arantv.az\/?p=354784"},"modified":"2021-07-07T07:50:36","modified_gmt":"2021-07-07T04:50:36","slug":"uzunmudd%c9%99tli-sulhun-t%c9%99min-edilm%c9%99si-gunumuzun-%c9%99sas-cagirislarindandir","status":"publish","type":"post","link":"https:\/\/arantv.az\/?p=354784","title":{"rendered":"Uzunm\u00fcdd\u0259tli s\u00fclh\u00fcn t\u0259min edilm\u0259si g\u00fcn\u00fcm\u00fcz\u00fcn \u0259sas \u00e7a\u011f\u0131r\u0131\u015flar\u0131ndand\u0131r"},"content":{"rendered":"<p><em><strong>Erm\u0259nistan\u0131n A\u011fdam rayonunun ard\u0131nca F\u00fczuli v\u0259 Z\u0259ngilan rayonlar\u0131n\u0131n\u00a0 mina x\u0259rit\u0259l\u0259rini Az\u0259rbaycana t\u0259qdim etm\u0259si\u00a0 \u00f6z\u00fcnd\u0259 bel\u0259 bir \u00e7a\u011f\u0131r\u0131\u015f\u0131 \u00a0ehtiva edir ki, i\u015f\u011fal\u00e7\u0131 d\u00f6vl\u0259t d\u00fc\u015fd\u00fcy\u00fc a\u011f\u0131r v\u0259ziyy\u0259td\u0259n\u00a0 \u00a0ortaq g\u0259l\u0259c\u0259yi birg\u0259 formala\u015fd\u0131rmaq f\u00fcrs\u0259tind\u0259n\u00a0 istifad\u0259 etm\u0259kl\u0259 xilas ola bil\u0259r<\/strong><\/em><\/p>\n<p>Haz\u0131rda regionda sabitliyin v\u0259 t\u0259hl\u00fck\u0259sizliyin m\u00f6hk\u0259ml\u0259ndirilm\u0259si, b\u00fct\u00fcn iqtisadi v\u0259 n\u0259qliyyat \u0259laq\u0259l\u0259rinin b\u0259rpas\u0131, el\u0259c\u0259 d\u0259 region d\u00f6vl\u0259tl\u0259ri aras\u0131nda m\u00fcnasib\u0259tl\u0259rin normalla\u015fd\u0131r\u0131lmas\u0131 v\u0259 uzunm\u00fcdd\u0259tli s\u00fclh\u00fcn t\u0259min edilm\u0259si g\u00fcn\u00fcm\u00fcz\u00fcn \u0259sas \u00e7a\u011f\u0131r\u0131\u015flar\u0131ndand\u0131r. \u00a0Qaraba\u011fda T\u00fcrkiy\u0259-Rusiya Birg\u0259 M\u0259rk\u0259zinin f\u0259aliyy\u0259ti regionda s\u00fclh\u00fcn b\u0259rq\u0259rar olunmas\u0131n\u0131n t\u0259sirli mexanizmi kimi diqq\u0259t \u00e7\u0259kir.<\/p>\n<p>Daim \u00e7\u0131x\u0131\u015flar\u0131nda Az\u0259rbaycan\u0131n yeni reall\u0131qlar yaratd\u0131\u011f\u0131n\u0131 bildir\u0259n Prezident \u0130lham \u018fliyev vur\u011fulay\u0131r ki, bu reall\u0131qla Erm\u0259nistan v\u0259 eyni zamanda, b\u00fct\u00fcn ba\u015fqa \u00f6lk\u0259l\u0259r bar\u0131\u015fmal\u0131d\u0131rlar, hesabla\u015fmal\u0131d\u0131rlar. Erm\u0259nistan\u0131n qar\u015f\u0131s\u0131nda indi bir ne\u00e7\u0259 se\u00e7im var v\u0259 onlar\u0131n aras\u0131nda\u00a0 \u0259n m\u0259qbul se\u00e7im 10 noyabr B\u0259yanat\u0131n\u0131n m\u00fcdd\u0259alar\u0131n\u0131 icra etm\u0259kdir. \u018fks t\u0259qdird\u0259 onlar \u00fc\u00e7\u00fcn daha da b\u00f6y\u00fck probleml\u0259r yarana bil\u0259r. D\u00f6vl\u0259timizin ba\u015f\u00e7\u0131s\u0131 \u0130lham \u018fliyev \u00abErm\u0259nistan d\u00f6vl\u0259tind\u0259 b\u00f6hran h\u00f6km s\u00fcr\u00fcr. Erm\u0259nistan \u00f6z\u00fcn\u00fc regionda h\u0259yata ke\u00e7iril\u0259n b\u00fct\u00fcn layih\u0259l\u0259rd\u0259n m\u0259hrum edib. \u0130kinci Qaraba\u011f m\u00fcharib\u0259si n\u0259tic\u0259sind\u0259 Az\u0259rbaycan Erm\u0259nistan\u0131n i\u015f\u011fal etdiyi torpaqlar\u0131 azad edib. 2020-ci il noyabr\u0131n 10-da imzalanm\u0131\u015f \u00fc\u00e7t\u0259r\u0259fli b\u0259yanatdan sonra regionda yeni reall\u0131q yaran\u0131b\u00bb s\u00f6yl\u0259y\u0259r\u0259k bu m\u0259qam\u0131 x\u00fcsusi qeyd edir ki, \u00a0Az\u0259rbaycan C\u0259nubi Qafqaz\u0131n lider \u00f6lk\u0259l\u0259rind\u0259n biri kimi h\u0259min b\u0259yanat \u00e7\u0259r\u00e7iv\u0259sind\u0259 region \u00f6lk\u0259l\u0259rinin \u0259m\u0259kda\u015fl\u0131\u011f\u0131 \u00fc\u00e7\u00fcn bir \u00e7ox m\u00fch\u00fcm t\u0259klif v\u0259 t\u0259\u015f\u0259bb\u00fcsl\u0259r ir\u0259li s\u00fcr\u00fcb. Bunlara n\u0259qliyyat v\u0259 kommunikasiyalar\u0131n a\u00e7\u0131lmas\u0131, dig\u0259r \u0259m\u0259kda\u015fl\u0131q imkanlar\u0131 daxildir: \u00abBiz qon\u015fular kimi yana\u015f\u0131 ya\u015famal\u0131y\u0131q. \u018flb\u0259tt\u0259, bu, asan olmayacaq. Bu g\u00fcn siyas\u0259t\u00e7il\u0259rin rolu s\u00fclh v\u0259 sabitliyin yaln\u0131z \u0259m\u0259kda\u015fl\u0131q v\u0259 t\u0259maslar vasit\u0259sil\u0259 m\u00fcmk\u00fcn oldu\u011funu insanlara izah etm\u0259k olmal\u0131d\u0131r\u00bb Bu mesajlar 15 iyun-Milli Qurtulu\u015f G\u00fcn\u00fcnd\u0259 \u015eu\u015fadan da s\u0259sl\u0259ndirildi ki, \u00a0b\u00f6lg\u0259d\u0259 t\u0259siri olan h\u0259r k\u0259si h\u0259qiq\u0259tl\u0259ri g\u00f6rm\u0259y\u0259, Az\u0259rbaycan xalq\u0131n\u0131n Z\u0259f\u0259rini q\u0259bul etm\u0259y\u0259 v\u0259 g\u0259l\u0259c\u0259y\u0259 baxma\u011fa d\u0259v\u0259t ed\u0259n T\u00fcrkiy\u0259 Prezidenti R\u0259c\u0259b Tayyib \u018frdo\u011fan vur\u011fulam\u0131\u015fd\u0131r ki,\u00a0 at\u0259\u015fk\u0259s raz\u0131la\u015fmas\u0131ndan sonra art\u0131q b\u00f6lg\u0259d\u0259 b\u00fct\u00fcn t\u0259r\u0259fl\u0259r \u00fc\u00e7\u00fcn yeni \u0259m\u0259kda\u015fl\u0131q imkanlar\u0131 yaran\u0131b: \u00abAz\u0259rbaycanl\u0131 qarda\u015flar\u0131m\u0131n bu m\u0259s\u0259l\u0259d\u0259 son d\u0259r\u0259c\u0259 ist\u0259kli olmalar\u0131n\u0131n \u0259n yax\u0131n \u015fahidiyik.\u00bb O da bildirilmi\u015fdir ki, Erm\u0259nistan\u0131n ona xo\u015f niyy\u0259tl\u0259 uzad\u0131lan h\u0259mr\u0259ylik \u0259lini tutmas\u0131, ortaq g\u0259l\u0259c\u0259yi birlikd\u0259 formala\u015fd\u0131rmaq f\u00fcrs\u0259tind\u0259n yax\u015f\u0131 istifad\u0259 etm\u0259si \u0259sasd\u0131r. Rusiya, T\u00fcrkiy\u0259, Az\u0259rbaycan, Erm\u0259nistan, G\u00fcrc\u00fcstan v\u0259 \u0130ran\u0131n t\u0259msil olunaca\u011f\u0131 alt\u0131l\u0131 platforma \u00a0ist\u0259yir ki, \u00a0b\u00f6lg\u0259 rahatl\u0131qla, s\u00fclh i\u00e7ind\u0259 ya\u015fanan bir b\u00f6lg\u0259 olsun.<\/p>\n<p>Bunun \u00fc\u00e7\u00fcn \u00a0b\u00f6lg\u0259d\u0259ki yeni reall\u0131\u011fa fayda verm\u0259k ist\u0259y\u0259n h\u0259r k\u0259s nifr\u0259t v\u0259 t\u0259hrik siyas\u0259tind\u0259n \u0259l \u00e7\u0259km\u0259li,\u00a0 s\u00fclh v\u0259 \u0259m\u0259kda\u015fl\u0131\u011fa \u00f6z t\u00f6hf\u0259sini verm\u0259lidir.\u00a0\u00a0 Tarixi Z\u0259f\u0259rimizd\u0259n sonra\u00a0 yeni\u00a0 m\u0259rh\u0259l\u0259y\u0259-i\u015f\u011faldan azad edilmi\u015f \u0259razil\u0259rimizd\u0259 b\u0259rpa v\u0259 quruculuq i\u015fl\u0259rin\u0259 start verilib. Bu i\u015fl\u0259rin s\u00fcr\u0259ti\u00a0 h\u0259r zaman\u00a0 qeyd edildiyi kimi, \u0259razil\u0259rimizin minalardan t\u0259mizl\u0259nm\u0259sind\u0259n as\u0131l\u0131d\u0131r. T\u0259\u0259ss\u00fcfl\u0259r olsun ki, 10 noyabr 2020-ci il tarixli \u00fc\u00e7t\u0259r\u0259fli B\u0259yanat\u0131n imzalanmas\u0131ndan 7 ay ke\u00e7s\u0259 \u00a0d\u0259 m\u0259\u011flub\u00a0 Erm\u0259nistan\u00a0 beyn\u0259lxalq konvensiyalar\u0131n t\u0259l\u0259bl\u0259rini kobud \u015f\u0259kild\u0259 pozaraq minalanm\u0131\u015f sah\u0259l\u0259rin x\u0259rit\u0259l\u0259rini Az\u0259rbaycana verm\u0259k ist\u0259mirdi. Az\u0259rbaycan d\u00f6vl\u0259ti 10 noyabr B\u0259yanat\u0131n\u0131n imzalanmas\u0131ndan d\u0259rhal sonra\u00a0 m\u00fct\u0259madi olaraq bununla ba\u011fl\u0131\u00a0 s\u0259rt m\u00f6vqeyini ortaya qoyaraq beyn\u0259lxalq birliy\u0259 \u00e7a\u011f\u0131r\u0131\u015f edir, Erm\u0259nistandan bu x\u0259rit\u0259l\u0259rin al\u0131nmas\u0131n\u0131 bir t\u0259l\u0259b kimi ir\u0259li s\u00fcr\u00fcr. Erm\u0259nistan hakimiyy\u0259tinin onlarda mina x\u0259rit\u0259l\u0259rinin olmamas\u0131 il\u0259 ba\u011fl\u0131 iddialar\u0131n\u0131n \u0259sass\u0131z oldu\u011fu a\u00e7\u0131qland\u0131. Bel\u0259 ki, \u00a0\u00a0Erm\u0259nistan iyunun 12-d\u0259\u00a0 A\u011fdam, iyulun 3-d\u0259 is\u0259 F\u00fczuli v\u0259 Z\u0259ngilan rayonlar\u0131n\u0131n\u00a0 mina \u00a0x\u0259rit\u0259l\u0259rini Az\u0259rbaycan t\u0259r\u0259fin\u0259 t\u0259qdim etm\u0259si art\u0131q t\u0259cav\u00fczkar d\u00f6vl\u0259tin 44 g\u00fcnl\u00fck \u0130kinci Qaraba\u011f m\u00fcharib\u0259sinin yaratd\u0131\u011f\u0131 yeni\u00a0 reall\u0131qlarla bar\u0131\u015fmas\u0131n\u0131n t\u0259sdiqidir. Bu, eyni zamanda, Az\u0259rbaycan diplomatiyas\u0131n\u0131n u\u011furudur. V\u0259t\u0259n m\u00fcharib\u0259sind\u0259 tarixi q\u0259l\u0259b\u0259si il\u0259 \u0259dal\u0259tin v\u0259 beyn\u0259lxalq h\u00fcququn m\u00f6vcudlu\u011funu d\u00fcnyaya b\u0259yan ed\u0259n Az\u0259rbaycan zaman-zaman qar\u015f\u0131ya qodyu\u011fu b\u00fct\u00fcn h\u0259d\u0259fl\u0259r\u0259 nail olur. Mina x\u0259rit\u0259l\u0259rinin Az\u0259rbaycana qaytar\u0131lmas\u0131\u00a0\u00a0 insan itkisinin qar\u015f\u0131s\u0131n\u0131 al\u0131nmas\u0131, B\u00f6y\u00fck Qay\u0131d\u0131\u015f proqram\u0131n\u0131n icras\u0131n\u0131n s\u00fcr\u0259tl\u0259nm\u0259si dem\u0259kdir. Mina x\u0259rit\u0259l\u0259rinin Az\u0259rbaycan verilm\u0259si, eyni zamanda, b\u00f6y\u00fck maliyy\u0259 itkisinin qar\u015f\u0131s\u0131n\u0131n al\u0131nmas\u0131d\u0131r. Az\u0259rbaycan b\u00fct\u00fcn hallarda\u00a0 d\u00fcnyaya s\u00fcbut edir ki,\u00a0 h\u0259qiq\u0259tl\u0259r\u0259 real g\u00f6zl\u0259 baxd\u0131qda\u00a0 davaml\u0131 inki\u015faf\u0131n \u0259sas\u0131 olan s\u00fclh\u00fcn, t\u0259hl\u00fck\u0259sizliyin m\u00f6hk\u0259ml\u0259ndirilm\u0259sin\u0259 t\u00f6hf\u0259l\u0259r verm\u0259k m\u00fcmk\u00fcnd\u00fcr. Eyni zamanda, beyn\u0259lxalq m\u00fcnasib\u0259tl\u0259rd\u0259 g\u00fcc amilinin d\u0259 rolunu n\u0259z\u0259r\u0259 alsaq, Az\u0259rbaycan\u0131n b\u00fct\u00fcn sah\u0259l\u0259rd\u0259 davam\u0131l inki\u015faf\u0131, t\u0259cr\u00fcb\u0259sinin n\u00fcmun\u0259viliyi g\u00f6z\u00a0 \u00f6n\u00fcnd\u0259dir. D\u00fcnyaya\u00a0 s\u0259s salan \u00a0\u015eu\u015fa B\u0259yannam\u0259si d\u0259 \u00a0postm\u00fcharib\u0259 d\u00f6vr\u00fcn\u00fcn reall\u0131qlar\u0131n\u0131 \u00f6z\u00fcnd\u0259 ehtiva etm\u00e7kl\u0259 yana\u015f\u0131,\u00a0 regional \u0259m\u0259kda\u015fl\u0131\u011f\u0131n co\u011frafiyas\u0131n\u0131n geni\u015fl\u0259ndirilm\u0259si fonunda s\u00fclh\u0259, t\u0259hl\u00fck\u0259sizliy\u0259 d\u0259st\u0259y\u0259 geni\u015f yol a\u00e7acaq.<\/p>\n","protected":false},"excerpt":{"rendered":"<p>Erm\u0259nistan\u0131n A\u011fdam rayonunun ard\u0131nca F\u00fczuli v\u0259 Z\u0259ngilan rayonlar\u0131n\u0131n\u00a0 mina x\u0259rit\u0259l\u0259rini Az\u0259rbaycana t\u0259qdim etm\u0259si\u00a0 \u00f6z\u00fcnd\u0259 bel\u0259 bir \u00e7a\u011f\u0131r\u0131\u015f\u0131 \u00a0ehtiva edir ki, i\u015f\u011fal\u00e7\u0131 d\u00f6vl\u0259t d\u00fc\u015fd\u00fcy\u00fc a\u011f\u0131r v\u0259ziyy\u0259td\u0259n\u00a0 \u00a0ortaq g\u0259l\u0259c\u0259yi birg\u0259 formala\u015fd\u0131rmaq f\u00fcrs\u0259tind\u0259n\u00a0 istifad\u0259 etm\u0259kl\u0259 xilas ola bil\u0259r Haz\u0131rda regionda sabitliyin v\u0259 t\u0259hl\u00fck\u0259sizliyin m\u00f6hk\u0259ml\u0259ndirilm\u0259si, b\u00fct\u00fcn iqtisadi v\u0259 n\u0259qliyyat \u0259laq\u0259l\u0259rinin b\u0259rpas\u0131, el\u0259c\u0259 d\u0259 region d\u00f6vl\u0259tl\u0259ri aras\u0131nda m\u00fcnasib\u0259tl\u0259rin normalla\u015fd\u0131r\u0131lmas\u0131 v\u0259 uzunm\u00fcdd\u0259tli s\u00fclh\u00fcn t\u0259min edilm\u0259si g\u00fcn\u00fcm\u00fcz\u00fcn \u0259sas \u00e7a\u011f\u0131r\u0131\u015flar\u0131ndand\u0131r. \u00a0Qaraba\u011fda T\u00fcrkiy\u0259-Rusiya Birg\u0259 M\u0259rk\u0259zinin f\u0259aliyy\u0259ti regionda s\u00fclh\u00fcn b\u0259rq\u0259rar olunmas\u0131n\u0131n t\u0259sirli mexanizmi kimi diqq\u0259t \u00e7\u0259kir. Daim \u00e7\u0131x\u0131\u015flar\u0131nda Az\u0259rbaycan\u0131n yeni reall\u0131qlar yaratd\u0131\u011f\u0131n\u0131 bildir\u0259n Prezident \u0130lham \u018fliyev vur\u011fulay\u0131r ki, bu reall\u0131qla&hellip;<\/p>\n","protected":false},"author":2,"featured_media":354785,"comment_status":"closed","ping_status":"closed","sticky":false,"template":"","format":"standard","meta":{"om_disable_all_campaigns":false,"_monsterinsights_skip_tracking":false,"_monsterinsights_sitenote_active":false,"_monsterinsights_sitenote_note":"","_monsterinsights_sitenote_category":0},"categories":[19],"tags":[],"aioseo_notices":[],"gutentor_comment":0,"rttpg_featured_image_url":{"full":["https:\/\/arantv.az\/wp-content\/uploads\/2021\/07\/1868f17c160602692280291171110028109.jpg",975,540,false],"landscape":["https:\/\/arantv.az\/wp-content\/uploads\/2021\/07\/1868f17c160602692280291171110028109.jpg",975,540,false],"portraits":["https:\/\/arantv.az\/wp-content\/uploads\/2021\/07\/1868f17c160602692280291171110028109.jpg",975,540,false],"thumbnail":["https:\/\/arantv.az\/wp-content\/uploads\/2021\/07\/1868f17c160602692280291171110028109-500x280.jpg",500,280,true],"medium":["https:\/\/arantv.az\/wp-content\/uploads\/2021\/07\/1868f17c160602692280291171110028109-660x365.jpg",660,365,true],"large":["https:\/\/arantv.az\/wp-content\/uploads\/2021\/07\/1868f17c160602692280291171110028109-840x465.jpg",640,354,true],"1536x1536":["https:\/\/arantv.az\/wp-content\/uploads\/2021\/07\/1868f17c160602692280291171110028109.jpg",975,540,false],"2048x2048":["https:\/\/arantv.az\/wp-content\/uploads\/2021\/07\/1868f17c160602692280291171110028109.jpg",975,540,false],"post-thumbnail":["https:\/\/arantv.az\/wp-content\/uploads\/2021\/07\/1868f17c160602692280291171110028109-240x172.jpg",240,172,true],"advps-thumb-one":["https:\/\/arantv.az\/wp-content\/uploads\/2021\/07\/1868f17c160602692280291171110028109.jpg",975,540,false]},"rttpg_author":{"display_name":"V\u00fcsal Rafiqo\u011flu","author_link":"https:\/\/arantv.az\/?author=2"},"rttpg_comment":0,"rttpg_category":"<a href=\"https:\/\/arantv.az\/?cat=19\" rel=\"category\">G\u00fcnd\u0259m<\/a>","rttpg_excerpt":"Erm\u0259nistan\u0131n A\u011fdam rayonunun ard\u0131nca F\u00fczuli v\u0259 Z\u0259ngilan rayonlar\u0131n\u0131n\u00a0 mina x\u0259rit\u0259l\u0259rini Az\u0259rbaycana t\u0259qdim etm\u0259si\u00a0 \u00f6z\u00fcnd\u0259 bel\u0259 bir \u00e7a\u011f\u0131r\u0131\u015f\u0131 \u00a0ehtiva edir ki, i\u015f\u011fal\u00e7\u0131 d\u00f6vl\u0259t d\u00fc\u015fd\u00fcy\u00fc a\u011f\u0131r v\u0259ziyy\u0259td\u0259n\u00a0 \u00a0ortaq g\u0259l\u0259c\u0259yi birg\u0259 formala\u015fd\u0131rmaq f\u00fcrs\u0259tind\u0259n\u00a0 istifad\u0259 etm\u0259kl\u0259 xilas ola bil\u0259r Haz\u0131rda regionda sabitliyin v\u0259 t\u0259hl\u00fck\u0259sizliyin m\u00f6hk\u0259ml\u0259ndirilm\u0259si, b\u00fct\u00fcn iqtisadi v\u0259 n\u0259qliyyat \u0259laq\u0259l\u0259rinin b\u0259rpas\u0131, el\u0259c\u0259 d\u0259 region d\u00f6vl\u0259tl\u0259ri aras\u0131nda m\u00fcnasib\u0259tl\u0259rin normalla\u015fd\u0131r\u0131lmas\u0131 v\u0259&hellip;","_links":{"self":[{"href":"https:\/\/arantv.az\/index.php?rest_route=\/wp\/v2\/posts\/354784"}],"collection":[{"href":"https:\/\/arantv.az\/index.php?rest_route=\/wp\/v2\/posts"}],"about":[{"href":"https:\/\/arantv.az\/index.php?rest_route=\/wp\/v2\/types\/post"}],"author":[{"embeddable":true,"href":"https:\/\/arantv.az\/index.php?rest_route=\/wp\/v2\/users\/2"}],"replies":[{"embeddable":true,"href":"https:\/\/arantv.az\/index.php?rest_route=%2Fwp%2Fv2%2Fcomments&post=354784"}],"version-history":[{"count":0,"href":"https:\/\/arantv.az\/index.php?rest_route=\/wp\/v2\/posts\/354784\/revisions"}],"wp:featuredmedia":[{"embeddable":true,"href":"https:\/\/arantv.az\/index.php?rest_route=\/wp\/v2\/media\/354785"}],"wp:attachment":[{"href":"https:\/\/arantv.az\/index.php?rest_route=%2Fwp%2Fv2%2Fmedia&parent=354784"}],"wp:term":[{"taxonomy":"category","embeddable":true,"href":"https:\/\/arantv.az\/index.php?rest_route=%2Fwp%2Fv2%2Fcategories&post=354784"},{"taxonomy":"post_tag","embeddable":true,"href":"https:\/\/arantv.az\/index.php?rest_route=%2Fwp%2Fv2%2Ftags&post=354784"}],"curies":[{"name":"wp","href":"https:\/\/api.w.org\/{rel}","templated":true}]}}