{"id":354787,"date":"2021-07-07T07:51:22","date_gmt":"2021-07-07T04:51:22","guid":{"rendered":"http:\/\/arantv.az\/?p=354787"},"modified":"2021-07-07T07:51:22","modified_gmt":"2021-07-07T04:51:22","slug":"erm%c9%99nistana-t%c9%99zyiq-n%c9%99tic%c9%99-verir-mi","status":"publish","type":"post","link":"https:\/\/arantv.az\/?p=354787","title":{"rendered":"Erm\u0259nistana t\u0259zyiq n\u0259tic\u0259 verir mi?"},"content":{"rendered":"<p><strong><em>Mina x\u0259rit\u0259l\u0259rinin verilm\u0259si, \u0130nsan H\u00fcquqlar\u0131 \u00fczr\u0259 Avropa M\u0259hk\u0259m\u0259sinin Az\u0259rbaycan\u0131n erm\u0259ni terroristl\u0259rini m\u00fchakim\u0259 haqq\u0131n\u0131 tan\u0131mas\u0131 Prezident \u0130lham \u018fliyevin q\u0259tiyy\u0259tli irad\u0259sinin, bu istiqam\u0259td\u0259 atd\u0131\u011f\u0131 m\u0259qs\u0259dy\u00f6nl\u00fc add\u0131mlar\u0131n m\u0259ntiqi n\u0259tic\u0259si, n\u00f6vb\u0259ti diplomatik q\u0259l\u0259b\u0259sidir<\/em><\/strong><\/p>\n<p>Az\u0259rbaycan tarixi torpaqlar\u0131n\u0131 Erm\u0259nistan\u0131n i\u015f\u011fal\u0131ndan azad etdikd\u0259n sonra erm\u0259nil\u0259rin b\u00f6y\u00fck bir \u0259razid\u0259 basd\u0131rd\u0131\u011f\u0131 mina problemi il\u0259 qar\u015f\u0131la\u015fd\u0131. T\u0259biidir ki, rayon v\u0259 k\u0259ndl\u0259r minalardan t\u0259mizl\u0259nm\u0259yinc\u0259 insanlar\u0131n \u00f6z evl\u0259rin\u0259 qay\u0131tmas\u0131 m\u00fcmk\u00fcn deyil. Ona g\u00f6r\u0259 d\u0259, Az\u0259rbaycan Prezidenti \u0130lham \u018fliyevin d\u0259f\u0259l\u0259rl\u0259 qeyd etdiyi kimi, ilk m\u0259rh\u0259l\u0259d\u0259 minalar t\u0259mizl\u0259nm\u0259lidir. Az\u0259rbaycan\u0131n \u018frazil\u0259rin Minalardan T\u0259mizl\u0259nm\u0259si \u00fczr\u0259 Milli Agentliyi art\u0131q xeyli vaxtd\u0131r ki, bu i\u015fl\u0259rl\u0259 m\u0259\u015f\u011fuldur. Amma erm\u0259ni t\u0259r\u0259fi mina x\u0259rit\u0259l\u0259rini Az\u0259rbaycana t\u0259hvil vers\u0259ydi, bu proses daha inten\u00adsiv v\u0259 daha t\u0259hl\u00fck\u0259siz ba\u015fa \u00e7atd\u0131r\u0131la bil\u0259rdi. Erm\u0259ni t\u0259r\u0259fi is\u0259 uzun m\u00fcdd\u0259t bundan imtina edirdi.<\/p>\n<p>N\u0259hay\u0259t, \u00f6t\u0259n ay AB\u015e d\u00f6vl\u0259t katibinin k\u00f6m\u0259k\u00e7isi v\u0259zif\u0259sini icra ed\u0259n Filip Riker Az\u0259rbaycan, Erm\u0259nistan v\u0259 G\u00fcrc\u00fcsta\u00adna s\u0259f\u0259r edib dan\u0131\u015f\u0131qlar apard\u0131qdan v\u0259 G\u00fcrc\u00fcstan\u0131n Ba\u015f naziri \u0130rakli Qariba\u015f\u00advilinin vasit\u0259\u00e7ilik missiyas\u0131n\u0131 \u00fcz\u0259rin\u0259 g\u00f6t\u00fcrm\u0259sind\u0259n sonra Erm\u0259nistan A\u011fdam \u0259razisind\u0259 basd\u0131r\u0131lm\u0131\u015f 97 min mina x\u0259rit\u0259sini Az\u0259rbaycana verm\u0259y\u0259 raz\u0131la\u015fd\u0131. Az\u0259rbaycan is\u0259 humanist jest g\u00f6st\u0259r\u0259r\u0259k, 15 erm\u0259nini \u00f6lk\u0259sin\u0259 qayta\u00adrd\u0131.<\/p>\n<p>Bu g\u00fcnl\u0259rd\u0259 is\u0259 Rusiya Federasiyas\u0131n\u0131n t\u0259\u015f\u0259bb\u00fcs\u00fc il\u0259 Erm\u0259nistan i\u015f\u011fal d\u00f6vr\u00fcnd\u0259 F\u00fczuli v\u0259 Z\u0259ngilan rayonlar\u0131nda basd\u0131rd\u0131\u011f\u0131 t\u0259qrib\u0259n 92 min tank v\u0259 piyada \u0259leyhin\u0259 minalara dair x\u0259rit\u0259l\u0259ri Az\u0259rbaycan t\u0259r\u0259fin\u0259 t\u0259qdim etdi. Bununla Erm\u0259nistan ikinci d\u0259f\u0259 Az\u0259rbaycan t\u0259r\u0259fin\u0259 minalarla ba\u011fl\u0131 x\u0259rit\u0259ni t\u0259qdim edir.<\/p>\n<p><strong>Az\u0259rbaycan ziddiyy\u0259tin \u0259m\u0259kda\u015fl\u0131\u011fa \u00e7evrilm\u0259sind\u0259 maraql\u0131d\u0131r<\/strong><\/p>\n<p>Sirr deyil ki, Az\u0259rbaycan iki d\u00f6vl\u0259t aras\u0131nda etimad yaradacaq n\u00f6vb\u0259ti add\u0131mlar da atma\u011fa haz\u0131r oldu\u011funu d\u0259f\u0259l\u0259rl\u0259 b\u0259yan edib. Az\u0259rbaycan h\u0259m\u00e7inin iki \u00f6lk\u0259 aras\u0131nda diplomatik \u0259laq\u0259l\u0259rin inki\u015faf etdirilm\u0259sind\u0259, ziddiyy\u0259tin \u0259m\u0259kda\u015fl\u0131\u011fa \u00e7evrilm\u0259sind\u0259 maraql\u0131 oldu\u011funu bildirib. Yerevan Bak\u0131ya mina x\u0259rit\u0259l\u0259rinin c\u00fczi hiss\u0259sini verdiyini Erm\u0259nistan\u0131n ba\u015f naziri v\u0259zif\u0259sini icra ed\u0259n Nikol Pa\u015finyan \u00f6z\u00fc d\u0259 etiraf edir. Amma bunun \u00f6z\u00fc bel\u0259, ir\u0259lil\u0259yi\u015fdir. \u00c7\u00fcnki son zamanlarad\u0259k Yerevan bu add\u0131m\u0131 atmaqdan boyun qa\u00e7\u0131r\u0131r, bunu &#8220;saxta g\u00fcnd\u0259m m\u00f6vzusu&#8221; adland\u0131r\u0131rd\u0131.<\/p>\n<p>Bu g\u00fcn Qaraba\u011fda n\u0259 q\u0259d\u0259r minan\u0131n basd\u0131r\u0131ld\u0131\u011f\u0131 m\u0259lum deyil. Yaln\u0131z onu dey\u0259 bil\u0259rik ki, Qaraba\u011f d\u00fcnyada \u0259n \u00e7ox minan\u0131n basd\u0131r\u0131ld\u0131\u011f\u0131 b\u00f6lg\u0259dir. Erm\u0259nistanla Az\u0259rbaycan aras\u0131nda 1990-c\u0131 ill\u0259rd\u0259 ba\u015f vermi\u015f Birinci Qaraba\u011f m\u00fcharib\u0259si n\u0259tic\u0259sind\u0259 yaranm\u0131\u015f t\u0259mas x\u0259ttinin bir zamanlar Erm\u0259nistan\u0131n i\u015f\u011fal\u0131 alt\u0131nda olmu\u015f hiss\u0259sind\u0259 1,5 milyard kvadratmetr \u0259raziy\u0259 partlay\u0131c\u0131 madd\u0259l\u0259r basd\u0131r\u0131l\u0131b. Odur ki, Qaraba\u011f \u015eimali v\u0259 C\u0259nubi Koreya aras\u0131ndak\u0131 demilitarizasiya zonas\u0131ndan daha &#8220;\u00e7irkli&#8221; b\u00f6lg\u0259dir.<\/p>\n<p>Az\u0259rbaycanl\u0131lar\u0131n \u00f6z torpaqlar\u0131n\u0131 ziyar\u0259t etm\u0259k imkan\u0131 qazanmalar\u0131ndan bu yana yerli mediada m\u00fct\u0259madi olaraq insan faci\u0259l\u0259ri haqda x\u0259b\u0259rl\u0259r yay\u0131l\u0131r. T\u0259r\u0259fl\u0259r aras\u0131nda \u00fc\u00e7t\u0259r\u0259fli b\u0259yannam\u0259nin imzalanmas\u0131ndan ke\u00e7\u0259n d\u00f6vrd\u0259 b\u00f6lg\u0259d\u0259 144 m\u00fclki \u015f\u0259xs h\u0259yat\u0131n\u0131 itirib. Onlar\u0131n \u0259ks\u0259riyy\u0259ti h\u0259sr\u0259t qald\u0131qlar\u0131 30 ildir do\u011fma ev-e\u015fikl\u0259rinin v\u0259ziyy\u0259tini g\u00f6rm\u0259k arzusu il\u0259 al\u0131\u015f\u0131b-yanan az\u0259rbaycanl\u0131 m\u0259cburi k\u00f6\u00e7k\u00fcnl\u0259rdir. Bu yax\u0131nlarda iki az\u0259rbaycanl\u0131 jurnalist d\u0259 y\u00fck ma\u015f\u0131n\u0131n\u0131n minaya d\u00fc\u015fm\u0259si n\u0259tic\u0259sind\u0259 h\u0259yat\u0131n\u0131 itirdi. Erm\u0259nistan ordusu h\u0259min minalar\u0131 oraya b\u00f6lg\u0259ni t\u0259rk ed\u0259n zaman basd\u0131r\u0131bm\u0131\u015f. Bel\u0259 insidentl\u0259r s\u00fclh\u0259 \u0259n ciddi \u0259ng\u0259ldir.<\/p>\n<p><strong>Qay\u0131d\u0131\u015f v\u0259 b\u0259rpa prosesind\u0259 zaman itkisinin qar\u015f\u0131s\u0131 al\u0131nacaq<\/strong><\/p>\n<p>Qeyd ed\u0259k ki, mina x\u0259rit\u0259l\u0259rinin olmamas\u0131 A\u011fdam, F\u00fczuli v\u0259 Z\u0259ngilan rayonlar\u0131n\u0131n \u0259razisinin minalardan t\u0259mizl\u0259nm\u0259si prosesini ill\u0259rl\u0259 uzada bil\u0259rdi ki, bu da Az\u0259rbaycan b\u00fcdc\u0259sin\u0259 \u0259lav\u0259 olaraq on milyonlarla manata ba\u015fa g\u0259l\u0259c\u0259kdi. Bununla paralel olaraq he\u00e7 \u015f\u00fcbh\u0259siz ki,\u00a0\u00f6lk\u0259mizin y\u00fczl\u0259rl\u0259 v\u0259t\u0259nda\u015f\u0131 h\u0259lak ola bil\u0259rdi. T\u0259bii ki, bunun da n\u0259tic\u0259sind\u0259 b\u0259rpa i\u015fl\u0259rini s\u00fcr\u0259tl\u0259 aparmaq v\u0259 \u0259halinin bu torpaqlara qay\u0131tmas\u0131n\u0131 t\u0259min etm\u0259k xeyli zaman itkisi il\u0259 n\u0259tic\u0259l\u0259n\u0259c\u0259kdi. Amma Az\u0259rbaycan\u0131n Erm\u0259nistana bel\u0259 bir \u015fans, bel\u0259 bir imkan verm\u0259k fikri yoxdur.<\/p>\n<p>Az\u0259rbaycan art\u0131q Prezident \u0130lham \u018fliyevin prinsipial m\u00f6vqeyinin, m\u00fck\u0259mm\u0259l diplomatik bacar\u0131\u011f\u0131n\u0131n b\u0259hr\u0259sini g\u00f6r\u00fcr. \u00d6lk\u0259 ba\u015f\u00e7\u0131s\u0131n\u0131n iyunun 12-d\u0259 bir s\u0131ra d\u00f6vl\u0259tl\u0259rin\u00a0yeni t\u0259yin olunmu\u015f qeyri-rezident s\u0259firl\u0259rinin etimadnam\u0259l\u0259rini q\u0259bul ed\u0259rk\u0259n s\u00f6yl\u0259diyi &#8220;Biz erm\u0259nil\u0259rin basd\u0131rd\u0131\u011f\u0131 minalar haqq\u0131nda m\u00fc\u0259yy\u0259n informasiyan\u0131n al\u0131nmas\u0131na yax\u0131nla\u015f\u0131r\u0131q&#8221; fikirl\u0259ri bir daha t\u0259sdiq edir ki, b\u00fct\u00fcn prosesl\u0259r d\u00f6vl\u0259t\u00a0ba\u015f\u00e7\u0131s\u0131n\u0131n \u015f\u0259xsi n\u0259zar\u0259ti alt\u0131ndad\u0131r. S\u0259firl\u0259rl\u0259 g\u00f6r\u00fc\u015f\u00fc zaman\u0131\u00a0Az\u0259rbaycan Prezidenti &#8220;Erm\u0259nistan biz\u0259 b\u00fct\u00fcn minalar\u0131n, basd\u0131rd\u0131qlar\u0131 b\u00fct\u00fcn y\u00fcz minl\u0259rl\u0259 minalar\u0131n x\u0259rit\u0259sini verm\u0259lidir&#8221; a\u00e7\u0131qlamas\u0131 is\u0259 postkonflikt d\u00f6vr\u00fcnd\u0259 xarici siyas\u0259tinin prioritet istiqam\u0259tini q\u0259ti \u015f\u0259kild\u0259 b\u0259yan etmi\u015f oldu. Bundan \u0259lav\u0259, Az\u0259rbaycan ilk mina x\u0259rit\u0259sinin t\u0259hvil verilm\u0259sin\u0259 nail olmaqla beyn\u0259lxalq al\u0259min minalar m\u00f6vzusuna diqq\u0259tini art\u0131rm\u0131\u015f oldu. Bundan sonra Erm\u0259nistan &#8220;bizd\u0259 minalanm\u0131\u015f \u0259razil\u0259rin x\u0259rit\u0259l\u0259ri yoxdur&#8221; yalan\u0131n\u0131 t\u0259krarlaya bilm\u0259y\u0259c\u0259k. Bunun\u00a0informasiya m\u00fcharib\u0259sind\u0259 xeyrimiz\u0259 i\u015fl\u0259y\u0259c\u0259yi \u015f\u00fcbh\u0259 do\u011furmur. Ancaq t\u0259bii ki, Erm\u0259nistan h\u0259rbi-siyasi r\u0259hb\u0259rliyi bir x\u0259rit\u0259 il\u0259 i\u015fini bitmi\u015f saya bilm\u0259z, b\u00fct\u00fcn x\u0259rit\u0259l\u0259r Az\u0259rbaycana\u00a0t\u0259hvil verilm\u0259lidir.<\/p>\n<p>G\u00f6r\u00fcnd\u00fcy\u00fc kimi, minalar m\u0259s\u0259l\u0259sind\u0259 Erm\u0259nistana t\u0259zyiq n\u0259tic\u0259 verir. Mina x\u0259rit\u0259l\u0259rinin verilm\u0259si,\u00a0 \u0130nsan H\u00fcquqlar\u0131 \u00fczr\u0259 Avropa M\u0259hk\u0259m\u0259sinin Az\u0259rbaycan\u0131n erm\u0259ni terroristl\u0259ri m\u00fchakim\u0259 haqq\u0131n\u0131 tan\u0131mas\u0131 Prezident \u0130lham \u018fliyevin q\u0259tiyy\u0259tli irad\u0259sinin, bu istiqam\u0259td\u0259 atd\u0131\u011f\u0131 m\u0259qs\u0259dy\u00f6nl\u00fc add\u0131mlar\u0131n m\u0259ntiqi n\u0259tic\u0259si, n\u00f6vb\u0259ti parlaq diplomatik q\u0259l\u0259b\u0259sidir. Bu, on minl\u0259rl\u0259 v\u0259t\u0259nda\u015f\u0131m\u0131z\u0131n h\u0259yat\u0131n\u0131 v\u0259 sa\u011flaml\u0131\u011f\u0131n\u0131 t\u0259hl\u00fck\u0259l\u0259rd\u0259n xilas ed\u0259c\u0259k, i\u015f\u011faldan azad olunmu\u015f \u0259razil\u0259rin b\u0259rpas\u0131 v\u0259 m\u0259cburi k\u00f6\u00e7k\u00fcnl\u0259rin qay\u0131d\u0131\u015f\u0131 prosesini s\u00fcr\u0259tl\u0259ndirm\u0259y\u0259 imkan ver\u0259c\u0259k.<\/p>\n","protected":false},"excerpt":{"rendered":"<p>Mina x\u0259rit\u0259l\u0259rinin verilm\u0259si, \u0130nsan H\u00fcquqlar\u0131 \u00fczr\u0259 Avropa M\u0259hk\u0259m\u0259sinin Az\u0259rbaycan\u0131n erm\u0259ni terroristl\u0259rini m\u00fchakim\u0259 haqq\u0131n\u0131 tan\u0131mas\u0131 Prezident \u0130lham \u018fliyevin q\u0259tiyy\u0259tli irad\u0259sinin, bu istiqam\u0259td\u0259 atd\u0131\u011f\u0131 m\u0259qs\u0259dy\u00f6nl\u00fc add\u0131mlar\u0131n m\u0259ntiqi n\u0259tic\u0259si, n\u00f6vb\u0259ti diplomatik q\u0259l\u0259b\u0259sidir Az\u0259rbaycan tarixi torpaqlar\u0131n\u0131 Erm\u0259nistan\u0131n i\u015f\u011fal\u0131ndan azad etdikd\u0259n sonra erm\u0259nil\u0259rin b\u00f6y\u00fck bir \u0259razid\u0259 basd\u0131rd\u0131\u011f\u0131 mina problemi il\u0259 qar\u015f\u0131la\u015fd\u0131. T\u0259biidir ki, rayon v\u0259 k\u0259ndl\u0259r minalardan t\u0259mizl\u0259nm\u0259yinc\u0259 insanlar\u0131n \u00f6z evl\u0259rin\u0259 qay\u0131tmas\u0131 m\u00fcmk\u00fcn deyil. Ona g\u00f6r\u0259 d\u0259, Az\u0259rbaycan Prezidenti \u0130lham \u018fliyevin d\u0259f\u0259l\u0259rl\u0259 qeyd etdiyi kimi, ilk m\u0259rh\u0259l\u0259d\u0259 minalar t\u0259mizl\u0259nm\u0259lidir. Az\u0259rbaycan\u0131n \u018frazil\u0259rin Minalardan T\u0259mizl\u0259nm\u0259si \u00fczr\u0259 Milli Agentliyi art\u0131q xeyli vaxtd\u0131r ki, bu i\u015fl\u0259rl\u0259 m\u0259\u015f\u011fuldur. Amma erm\u0259ni&hellip;<\/p>\n","protected":false},"author":2,"featured_media":354788,"comment_status":"closed","ping_status":"closed","sticky":false,"template":"","format":"standard","meta":{"om_disable_all_campaigns":false,"_monsterinsights_skip_tracking":false,"_monsterinsights_sitenote_active":false,"_monsterinsights_sitenote_note":"","_monsterinsights_sitenote_category":0},"categories":[19],"tags":[],"aioseo_notices":[],"gutentor_comment":0,"rttpg_featured_image_url":{"full":["https:\/\/arantv.az\/wp-content\/uploads\/2021\/07\/2ec0274c160275071231145116910458730.jpg",975,540,false],"landscape":["https:\/\/arantv.az\/wp-content\/uploads\/2021\/07\/2ec0274c160275071231145116910458730.jpg",975,540,false],"portraits":["https:\/\/arantv.az\/wp-content\/uploads\/2021\/07\/2ec0274c160275071231145116910458730.jpg",975,540,false],"thumbnail":["https:\/\/arantv.az\/wp-content\/uploads\/2021\/07\/2ec0274c160275071231145116910458730-500x280.jpg",500,280,true],"medium":["https:\/\/arantv.az\/wp-content\/uploads\/2021\/07\/2ec0274c160275071231145116910458730-660x365.jpg",660,365,true],"large":["https:\/\/arantv.az\/wp-content\/uploads\/2021\/07\/2ec0274c160275071231145116910458730-840x465.jpg",640,354,true],"1536x1536":["https:\/\/arantv.az\/wp-content\/uploads\/2021\/07\/2ec0274c160275071231145116910458730.jpg",975,540,false],"2048x2048":["https:\/\/arantv.az\/wp-content\/uploads\/2021\/07\/2ec0274c160275071231145116910458730.jpg",975,540,false],"post-thumbnail":["https:\/\/arantv.az\/wp-content\/uploads\/2021\/07\/2ec0274c160275071231145116910458730-240x172.jpg",240,172,true],"advps-thumb-one":["https:\/\/arantv.az\/wp-content\/uploads\/2021\/07\/2ec0274c160275071231145116910458730.jpg",975,540,false]},"rttpg_author":{"display_name":"V\u00fcsal Rafiqo\u011flu","author_link":"https:\/\/arantv.az\/?author=2"},"rttpg_comment":0,"rttpg_category":"<a href=\"https:\/\/arantv.az\/?cat=19\" rel=\"category\">G\u00fcnd\u0259m<\/a>","rttpg_excerpt":"Mina x\u0259rit\u0259l\u0259rinin verilm\u0259si, \u0130nsan H\u00fcquqlar\u0131 \u00fczr\u0259 Avropa M\u0259hk\u0259m\u0259sinin Az\u0259rbaycan\u0131n erm\u0259ni terroristl\u0259rini m\u00fchakim\u0259 haqq\u0131n\u0131 tan\u0131mas\u0131 Prezident \u0130lham \u018fliyevin q\u0259tiyy\u0259tli irad\u0259sinin, bu istiqam\u0259td\u0259 atd\u0131\u011f\u0131 m\u0259qs\u0259dy\u00f6nl\u00fc add\u0131mlar\u0131n m\u0259ntiqi n\u0259tic\u0259si, n\u00f6vb\u0259ti diplomatik q\u0259l\u0259b\u0259sidir Az\u0259rbaycan tarixi torpaqlar\u0131n\u0131 Erm\u0259nistan\u0131n i\u015f\u011fal\u0131ndan azad etdikd\u0259n sonra erm\u0259nil\u0259rin b\u00f6y\u00fck bir \u0259razid\u0259 basd\u0131rd\u0131\u011f\u0131 mina problemi il\u0259 qar\u015f\u0131la\u015fd\u0131. T\u0259biidir ki, rayon v\u0259 k\u0259ndl\u0259r minalardan t\u0259mizl\u0259nm\u0259yinc\u0259 insanlar\u0131n \u00f6z&hellip;","_links":{"self":[{"href":"https:\/\/arantv.az\/index.php?rest_route=\/wp\/v2\/posts\/354787"}],"collection":[{"href":"https:\/\/arantv.az\/index.php?rest_route=\/wp\/v2\/posts"}],"about":[{"href":"https:\/\/arantv.az\/index.php?rest_route=\/wp\/v2\/types\/post"}],"author":[{"embeddable":true,"href":"https:\/\/arantv.az\/index.php?rest_route=\/wp\/v2\/users\/2"}],"replies":[{"embeddable":true,"href":"https:\/\/arantv.az\/index.php?rest_route=%2Fwp%2Fv2%2Fcomments&post=354787"}],"version-history":[{"count":0,"href":"https:\/\/arantv.az\/index.php?rest_route=\/wp\/v2\/posts\/354787\/revisions"}],"wp:featuredmedia":[{"embeddable":true,"href":"https:\/\/arantv.az\/index.php?rest_route=\/wp\/v2\/media\/354788"}],"wp:attachment":[{"href":"https:\/\/arantv.az\/index.php?rest_route=%2Fwp%2Fv2%2Fmedia&parent=354787"}],"wp:term":[{"taxonomy":"category","embeddable":true,"href":"https:\/\/arantv.az\/index.php?rest_route=%2Fwp%2Fv2%2Fcategories&post=354787"},{"taxonomy":"post_tag","embeddable":true,"href":"https:\/\/arantv.az\/index.php?rest_route=%2Fwp%2Fv2%2Ftags&post=354787"}],"curies":[{"name":"wp","href":"https:\/\/api.w.org\/{rel}","templated":true}]}}