{"id":354796,"date":"2021-07-07T07:59:16","date_gmt":"2021-07-07T04:59:16","guid":{"rendered":"http:\/\/arantv.az\/?p=354796"},"modified":"2021-07-07T07:59:16","modified_gmt":"2021-07-07T04:59:16","slug":"media-haqqinda-yeni-qanunun-%c9%99h%c9%99miyy%c9%99ti-n%c9%99dir-video","status":"publish","type":"post","link":"https:\/\/arantv.az\/?p=354796","title":{"rendered":"&#8220;Media haqq\u0131nda&#8221; yeni qanunun \u0259h\u0259miyy\u0259ti n\u0259dir? &#8211; V\u0130DEO"},"content":{"rendered":"<p>&#8220;Media haqq\u0131nda&#8221; qanun median\u0131n inki\u015faf\u0131nda yeni imkanlar dem\u0259kdir. Bu imkanlardan istifad\u0259 etm\u0259k is\u0259 media subyektl\u0259rinin v\u0259 jurnalistl\u0259rin \u00fcz\u0259rin\u0259 d\u00fc\u015f\u0259n v\u0259zif\u0259dir&#8221;.<\/p>\n<p><strong>ARANTV.AZ<\/strong> <a title=\"xeberler son xeberler 2021\" href=\"https:\/\/big.az\/\" target=\"_blank\" rel=\"noopener\">x\u0259b\u0259r<\/a>\u00a0verir ki, bunu Median\u0131n \u0130nki\u015faf\u0131 Agentliyinin \u015f\u00f6b\u0259 m\u00fcdiri Natiq M\u0259mm\u0259dli &#8220;Real \u0130ntervyu&#8221;ya bildirib.<\/p>\n<div id=\"AdviadNativeVideo0\" class=\"AdviadNativeVideo\"><\/div>\n<p>N.M\u0259mm\u0259dli &#8220;Media haqq\u0131nda&#8221; qanunun \u0259h\u0259miyy\u0259tind\u0259n dan\u0131\u015f\u0131b.<\/p>\n<p>O ADA Universitetind\u0259 seminar\u0131n davam etdiyini bildirilib. Bu platformada Az\u0259rbaycan\u0131n 70-d\u0259n \u00e7ox media menecerinin t\u0259msil olundu\u011funu deyib.<\/p>\n<p>O, \u0259lav\u0259 olaraq qeyd edib ki, \u0259vv\u0259ll\u0259r K\u0130V haqq\u0131nda Qanun var idi v\u0259 haz\u0131rda da q\u00fcvv\u0259d\u0259dir. H\u0259m\u00e7inin, Milli Teleradio Yay\u0131m\u0131 haqq\u0131nda Qanun var. \u0130ndi bu iki qanun birl\u0259\u015fdiril\u0259r\u0259k &#8220;Media haqq\u0131nda&#8221; Qanun adlanacaq.<\/p>\n<p>Burada h\u0259m \u00e7ap medias\u0131n\u0131n (q\u0259zetl\u0259r, jurnallar), h\u0259m onlayn media, h\u0259m d\u0259 informasiya agentlikl\u0259rinin f\u0259aliyy\u0259ti v\u0259 audiovizual median\u0131n t\u0259rkib hiss\u0259si kimi radio v\u0259 televiziyalar\u0131n f\u0259aliyy\u0259ti tam \u0259hat\u0259 olunacaq, onlar\u0131n f\u0259aliyy\u0259t sxemini m\u00fc\u0259yy\u0259nl\u0259\u015fdir\u0259n bir qanun olacaq:<\/p>\n<p>&#8220;Bu qanunda Az\u0259rbaycanda h\u0259r hans\u0131 ifad\u0259 azadl\u0131\u011f\u0131na qar\u015f\u0131 m\u00fcdd\u0259alar \u00f6z \u0259ksini tapmay\u0131b. \u018fksin\u0259, bu qanunun q\u0259bulundan sonra media islahatlar\u0131n\u0131n daha dinamik n\u0259tic\u0259l\u0259rini g\u00f6r\u0259c\u0259k, ifad\u0259 azadl\u0131\u011f\u0131n\u0131n daha da m\u00f6hk\u0259ml\u0259nm\u0259sinin \u015fahidi olaca\u011f\u0131q&#8221;.<\/p>\n<p>N.M\u0259mm\u0259dli media sah\u0259sind\u0259ki n\u00f6qsanlardan da dan\u0131\u015f\u0131b:<\/p>\n<p>&#8220;Media sah\u0259sind\u0259 n\u00f6qsanlar \u00e7ox\u0259hat\u0259li bir m\u0259s\u0259l\u0259dir. U\u011furlar\u0131m\u0131za arxay\u0131n olmuruq v\u0259 s\u0259hvl\u0259rimizd\u0259n n\u0259tic\u0259 \u00e7\u0131xar\u0131r\u0131q. Az\u0259rbaycan medias\u0131 \u00e7ox r\u0259nglidir&#8221; &#8211; dey\u0259 o bildirib.<\/p>\n<div class=\"embed-responsive embed-responsive-16by9\"><iframe loading=\"lazy\" id=\"nmqembedid\" class=\"embed-responsive-item\" title=\"video player\" src=\"https:\/\/izle.az\/embed\/qyyxTfTJNXa1KMgz8MoHAA~~\" width=\"600\" height=\"340\" frameborder=\"0\" scrolling=\"no\" allowfullscreen=\"allowfullscreen\" data-mce-fragment=\"1\"><\/iframe><\/div>\n","protected":false},"excerpt":{"rendered":"<p>&#8220;Media haqq\u0131nda&#8221; qanun median\u0131n inki\u015faf\u0131nda yeni imkanlar dem\u0259kdir. Bu imkanlardan istifad\u0259 etm\u0259k is\u0259 media subyektl\u0259rinin v\u0259 jurnalistl\u0259rin \u00fcz\u0259rin\u0259 d\u00fc\u015f\u0259n v\u0259zif\u0259dir&#8221;. ARANTV.AZ x\u0259b\u0259r\u00a0verir ki, bunu Median\u0131n \u0130nki\u015faf\u0131 Agentliyinin \u015f\u00f6b\u0259 m\u00fcdiri Natiq M\u0259mm\u0259dli &#8220;Real \u0130ntervyu&#8221;ya bildirib. N.M\u0259mm\u0259dli &#8220;Media haqq\u0131nda&#8221; qanunun \u0259h\u0259miyy\u0259tind\u0259n dan\u0131\u015f\u0131b. O ADA Universitetind\u0259 seminar\u0131n davam etdiyini bildirilib. Bu platformada Az\u0259rbaycan\u0131n 70-d\u0259n \u00e7ox media menecerinin t\u0259msil olundu\u011funu deyib. O, \u0259lav\u0259 olaraq qeyd edib ki, \u0259vv\u0259ll\u0259r K\u0130V haqq\u0131nda Qanun var idi v\u0259 haz\u0131rda da q\u00fcvv\u0259d\u0259dir. H\u0259m\u00e7inin, Milli Teleradio Yay\u0131m\u0131 haqq\u0131nda Qanun var. \u0130ndi bu iki qanun birl\u0259\u015fdiril\u0259r\u0259k &#8220;Media haqq\u0131nda&#8221; Qanun adlanacaq. Burada&hellip;<\/p>\n","protected":false},"author":2,"featured_media":354797,"comment_status":"closed","ping_status":"closed","sticky":false,"template":"","format":"standard","meta":{"om_disable_all_campaigns":false,"_monsterinsights_skip_tracking":false,"_monsterinsights_sitenote_active":false,"_monsterinsights_sitenote_note":"","_monsterinsights_sitenote_category":0},"categories":[26],"tags":[],"aioseo_notices":[],"gutentor_comment":0,"rttpg_featured_image_url":{"full":["https:\/\/arantv.az\/wp-content\/uploads\/2021\/07\/media_71625598623.jpg",650,405,false],"landscape":["https:\/\/arantv.az\/wp-content\/uploads\/2021\/07\/media_71625598623.jpg",650,405,false],"portraits":["https:\/\/arantv.az\/wp-content\/uploads\/2021\/07\/media_71625598623.jpg",650,405,false],"thumbnail":["https:\/\/arantv.az\/wp-content\/uploads\/2021\/07\/media_71625598623-500x280.jpg",500,280,true],"medium":["https:\/\/arantv.az\/wp-content\/uploads\/2021\/07\/media_71625598623-586x365.jpg",586,365,true],"large":["https:\/\/arantv.az\/wp-content\/uploads\/2021\/07\/media_71625598623.jpg",640,399,false],"1536x1536":["https:\/\/arantv.az\/wp-content\/uploads\/2021\/07\/media_71625598623.jpg",650,405,false],"2048x2048":["https:\/\/arantv.az\/wp-content\/uploads\/2021\/07\/media_71625598623.jpg",650,405,false],"post-thumbnail":["https:\/\/arantv.az\/wp-content\/uploads\/2021\/07\/media_71625598623-240x172.jpg",240,172,true],"advps-thumb-one":["https:\/\/arantv.az\/wp-content\/uploads\/2021\/07\/media_71625598623.jpg",650,405,false]},"rttpg_author":{"display_name":"V\u00fcsal Rafiqo\u011flu","author_link":"https:\/\/arantv.az\/?author=2"},"rttpg_comment":0,"rttpg_category":"<a href=\"https:\/\/arantv.az\/?cat=26\" rel=\"category\">Sosial<\/a>","rttpg_excerpt":"&#8220;Media haqq\u0131nda&#8221; qanun median\u0131n inki\u015faf\u0131nda yeni imkanlar dem\u0259kdir. Bu imkanlardan istifad\u0259 etm\u0259k is\u0259 media subyektl\u0259rinin v\u0259 jurnalistl\u0259rin \u00fcz\u0259rin\u0259 d\u00fc\u015f\u0259n v\u0259zif\u0259dir&#8221;. ARANTV.AZ x\u0259b\u0259r\u00a0verir ki, bunu Median\u0131n \u0130nki\u015faf\u0131 Agentliyinin \u015f\u00f6b\u0259 m\u00fcdiri Natiq M\u0259mm\u0259dli &#8220;Real \u0130ntervyu&#8221;ya bildirib. N.M\u0259mm\u0259dli &#8220;Media haqq\u0131nda&#8221; qanunun \u0259h\u0259miyy\u0259tind\u0259n dan\u0131\u015f\u0131b. O ADA Universitetind\u0259 seminar\u0131n davam etdiyini bildirilib. Bu platformada Az\u0259rbaycan\u0131n 70-d\u0259n \u00e7ox media menecerinin t\u0259msil&hellip;","_links":{"self":[{"href":"https:\/\/arantv.az\/index.php?rest_route=\/wp\/v2\/posts\/354796"}],"collection":[{"href":"https:\/\/arantv.az\/index.php?rest_route=\/wp\/v2\/posts"}],"about":[{"href":"https:\/\/arantv.az\/index.php?rest_route=\/wp\/v2\/types\/post"}],"author":[{"embeddable":true,"href":"https:\/\/arantv.az\/index.php?rest_route=\/wp\/v2\/users\/2"}],"replies":[{"embeddable":true,"href":"https:\/\/arantv.az\/index.php?rest_route=%2Fwp%2Fv2%2Fcomments&post=354796"}],"version-history":[{"count":0,"href":"https:\/\/arantv.az\/index.php?rest_route=\/wp\/v2\/posts\/354796\/revisions"}],"wp:featuredmedia":[{"embeddable":true,"href":"https:\/\/arantv.az\/index.php?rest_route=\/wp\/v2\/media\/354797"}],"wp:attachment":[{"href":"https:\/\/arantv.az\/index.php?rest_route=%2Fwp%2Fv2%2Fmedia&parent=354796"}],"wp:term":[{"taxonomy":"category","embeddable":true,"href":"https:\/\/arantv.az\/index.php?rest_route=%2Fwp%2Fv2%2Fcategories&post=354796"},{"taxonomy":"post_tag","embeddable":true,"href":"https:\/\/arantv.az\/index.php?rest_route=%2Fwp%2Fv2%2Ftags&post=354796"}],"curies":[{"name":"wp","href":"https:\/\/api.w.org\/{rel}","templated":true}]}}