{"id":354805,"date":"2021-07-07T08:05:17","date_gmt":"2021-07-07T05:05:17","guid":{"rendered":"http:\/\/arantv.az\/?p=354805"},"modified":"2021-07-07T08:05:17","modified_gmt":"2021-07-07T05:05:17","slug":"bakida-s%c9%99rnisin-avtobusu-q%c9%99zaya-ugrayib-3-n%c9%99f%c9%99r-x%c9%99sar%c9%99t-alib","status":"publish","type":"post","link":"https:\/\/arantv.az\/?p=354805","title":{"rendered":"Bak\u0131da s\u0259rni\u015fin avtobusu q\u0259zaya u\u011fray\u0131b, 3 n\u0259f\u0259r x\u0259sar\u0259t al\u0131b"},"content":{"rendered":"<p>Bak\u0131n\u0131n Sabun\u00e7u rayonunda avtobus y\u00fck avtomobili il\u0259 toqqu\u015fub.<\/p>\n<p><strong>ARANTV.AZ<\/strong> APA-ya istinad\u0259n bildirir ki, yol q\u0259zas\u0131 Pir\u015fa\u011f\u0131 q\u0259s\u0259b\u0259si \u0259razisind\u0259 ba\u015f verib.<\/p>\n<p>173 n\u00f6mr\u0259li mar\u015frut x\u0259tti \u00fczr\u0259 h\u0259r\u0259k\u0259t ed\u0259n s\u0259rni\u015fin avtobusu &#8220;Ford&#8221; markal\u0131 y\u00fck avtomobili il\u0259 toqqu\u015fub. Q\u0259za n\u0259tic\u0259sind\u0259 y\u00fck avtomobilind\u0259 olan 1994-c\u00fc il t\u0259v\u0259ll\u00fcdl\u00fc M\u0259mm\u0259dov V\u00fcqar As\u0259f o\u011flu, 1986-c\u0131 il t\u0259v\u0259ll\u00fcdl\u00fc Qas\u0131mov Rahil Al\u0131ca o\u011flu v\u0259 1999-cu il t\u0259v\u0259ll\u00fcdl\u00fc Quliyev \u015eahin Rasim o\u011flu a\u011f\u0131r b\u0259d\u0259n x\u0259sar\u0259tl\u0259ri alaraq 3 sayl\u0131 \u015f\u0259h\u0259r x\u0259st\u0259xanas\u0131na yerl\u0259\u015fdirilib.<\/p>\n<p>Faktla ba\u011fl\u0131 Sabun\u00e7u Rayon Polis \u0130dar\u0259sind\u0259 ara\u015fd\u0131rma apar\u0131l\u0131r.<\/p>\n","protected":false},"excerpt":{"rendered":"<p>Bak\u0131n\u0131n Sabun\u00e7u rayonunda avtobus y\u00fck avtomobili il\u0259 toqqu\u015fub. ARANTV.AZ APA-ya istinad\u0259n bildirir ki, yol q\u0259zas\u0131 Pir\u015fa\u011f\u0131 q\u0259s\u0259b\u0259si \u0259razisind\u0259 ba\u015f verib. 173 n\u00f6mr\u0259li mar\u015frut x\u0259tti \u00fczr\u0259 h\u0259r\u0259k\u0259t ed\u0259n s\u0259rni\u015fin avtobusu &#8220;Ford&#8221; markal\u0131 y\u00fck avtomobili il\u0259 toqqu\u015fub. Q\u0259za n\u0259tic\u0259sind\u0259 y\u00fck avtomobilind\u0259 olan 1994-c\u00fc il t\u0259v\u0259ll\u00fcdl\u00fc M\u0259mm\u0259dov V\u00fcqar As\u0259f o\u011flu, 1986-c\u0131 il t\u0259v\u0259ll\u00fcdl\u00fc Qas\u0131mov Rahil Al\u0131ca o\u011flu v\u0259 1999-cu il t\u0259v\u0259ll\u00fcdl\u00fc Quliyev \u015eahin Rasim o\u011flu a\u011f\u0131r b\u0259d\u0259n x\u0259sar\u0259tl\u0259ri alaraq 3 sayl\u0131 \u015f\u0259h\u0259r x\u0259st\u0259xanas\u0131na yerl\u0259\u015fdirilib. Faktla ba\u011fl\u0131 Sabun\u00e7u Rayon Polis \u0130dar\u0259sind\u0259 ara\u015fd\u0131rma apar\u0131l\u0131r.<\/p>\n","protected":false},"author":2,"featured_media":354806,"comment_status":"closed","ping_status":"closed","sticky":false,"template":"","format":"standard","meta":{"om_disable_all_campaigns":false,"_monsterinsights_skip_tracking":false,"_monsterinsights_sitenote_active":false,"_monsterinsights_sitenote_note":"","_monsterinsights_sitenote_category":0},"categories":[5],"tags":[],"aioseo_notices":[],"gutentor_comment":0,"rttpg_featured_image_url":{"full":["https:\/\/arantv.az\/wp-content\/uploads\/2021\/07\/avtobus_2893885.jpg",800,600,false],"landscape":["https:\/\/arantv.az\/wp-content\/uploads\/2021\/07\/avtobus_2893885.jpg",800,600,false],"portraits":["https:\/\/arantv.az\/wp-content\/uploads\/2021\/07\/avtobus_2893885.jpg",800,600,false],"thumbnail":["https:\/\/arantv.az\/wp-content\/uploads\/2021\/07\/avtobus_2893885-500x280.jpg",500,280,true],"medium":["https:\/\/arantv.az\/wp-content\/uploads\/2021\/07\/avtobus_2893885-487x365.jpg",487,365,true],"large":["https:\/\/arantv.az\/wp-content\/uploads\/2021\/07\/avtobus_2893885.jpg",640,480,false],"1536x1536":["https:\/\/arantv.az\/wp-content\/uploads\/2021\/07\/avtobus_2893885.jpg",800,600,false],"2048x2048":["https:\/\/arantv.az\/wp-content\/uploads\/2021\/07\/avtobus_2893885.jpg",800,600,false],"post-thumbnail":["https:\/\/arantv.az\/wp-content\/uploads\/2021\/07\/avtobus_2893885-240x172.jpg",240,172,true],"advps-thumb-one":["https:\/\/arantv.az\/wp-content\/uploads\/2021\/07\/avtobus_2893885.jpg",800,600,false]},"rttpg_author":{"display_name":"V\u00fcsal Rafiqo\u011flu","author_link":"https:\/\/arantv.az\/?author=2"},"rttpg_comment":0,"rttpg_category":"<a href=\"https:\/\/arantv.az\/?cat=5\" rel=\"category\">Hadis\u0259<\/a>","rttpg_excerpt":"Bak\u0131n\u0131n Sabun\u00e7u rayonunda avtobus y\u00fck avtomobili il\u0259 toqqu\u015fub. ARANTV.AZ APA-ya istinad\u0259n bildirir ki, yol q\u0259zas\u0131 Pir\u015fa\u011f\u0131 q\u0259s\u0259b\u0259si \u0259razisind\u0259 ba\u015f verib. 173 n\u00f6mr\u0259li mar\u015frut x\u0259tti \u00fczr\u0259 h\u0259r\u0259k\u0259t ed\u0259n s\u0259rni\u015fin avtobusu &#8220;Ford&#8221; markal\u0131 y\u00fck avtomobili il\u0259 toqqu\u015fub. Q\u0259za n\u0259tic\u0259sind\u0259 y\u00fck avtomobilind\u0259 olan 1994-c\u00fc il t\u0259v\u0259ll\u00fcdl\u00fc M\u0259mm\u0259dov V\u00fcqar As\u0259f o\u011flu, 1986-c\u0131 il t\u0259v\u0259ll\u00fcdl\u00fc Qas\u0131mov Rahil Al\u0131ca o\u011flu v\u0259&hellip;","_links":{"self":[{"href":"https:\/\/arantv.az\/index.php?rest_route=\/wp\/v2\/posts\/354805"}],"collection":[{"href":"https:\/\/arantv.az\/index.php?rest_route=\/wp\/v2\/posts"}],"about":[{"href":"https:\/\/arantv.az\/index.php?rest_route=\/wp\/v2\/types\/post"}],"author":[{"embeddable":true,"href":"https:\/\/arantv.az\/index.php?rest_route=\/wp\/v2\/users\/2"}],"replies":[{"embeddable":true,"href":"https:\/\/arantv.az\/index.php?rest_route=%2Fwp%2Fv2%2Fcomments&post=354805"}],"version-history":[{"count":0,"href":"https:\/\/arantv.az\/index.php?rest_route=\/wp\/v2\/posts\/354805\/revisions"}],"wp:featuredmedia":[{"embeddable":true,"href":"https:\/\/arantv.az\/index.php?rest_route=\/wp\/v2\/media\/354806"}],"wp:attachment":[{"href":"https:\/\/arantv.az\/index.php?rest_route=%2Fwp%2Fv2%2Fmedia&parent=354805"}],"wp:term":[{"taxonomy":"category","embeddable":true,"href":"https:\/\/arantv.az\/index.php?rest_route=%2Fwp%2Fv2%2Fcategories&post=354805"},{"taxonomy":"post_tag","embeddable":true,"href":"https:\/\/arantv.az\/index.php?rest_route=%2Fwp%2Fv2%2Ftags&post=354805"}],"curies":[{"name":"wp","href":"https:\/\/api.w.org\/{rel}","templated":true}]}}