{"id":354817,"date":"2021-07-07T08:28:20","date_gmt":"2021-07-07T05:28:20","guid":{"rendered":"http:\/\/arantv.az\/?p=354817"},"modified":"2021-07-07T08:28:20","modified_gmt":"2021-07-07T05:28:20","slug":"yaponiyada-leysan-yagislari-140-min%c9%99-yaxin-insan","status":"publish","type":"post","link":"https:\/\/arantv.az\/?p=354817","title":{"rendered":"Yaponiyada leysan ya\u011f\u0131\u015flar\u0131: 140 min\u0259 yax\u0131n insan&#8230;"},"content":{"rendered":"<p><strong>Yaponiyan\u0131n q\u0259rbind\u0259 yerl\u0259\u015f\u0259n \u015eimane prefekturas\u0131 hakimiyy\u0259ti s\u00fcr\u00fc\u015fm\u0259 t\u0259hl\u00fck\u0259si s\u0259b\u0259bind\u0259n t\u0259xmin\u0259n 140 min yerli sakinin t\u0259xliyy\u0259 edilm\u0259si \u0259mrini verib.<\/strong><\/p>\n<p><strong>ARANTV.AZ\u00a0<\/strong> <a href=\"https:\/\/az.trend.az\/\" target=\"_blank\" rel=\"noopener\">Trend<\/a>-\u0259 istinad\u0259n bildirir ki,\u00a0bu bar\u0259d\u0259 NHK televiziya kanal\u0131 bildirib.<\/p>\n<p>M\u0259lumata \u0259sas\u0259n, s\u00fcr\u00fc\u015fm\u0259 t\u0259hl\u00fck\u0259si b\u00f6lg\u0259d\u0259 ba\u015flayan leysan ya\u011f\u0131\u015flarla ba\u011fl\u0131d\u0131r.<\/p>\n<p>Qeyd olunur ki, bu g\u00fcn \u015eimane prefekturas\u0131n\u0131n \u015fimal\u0131ndak\u0131 \u0130zumo \u015f\u0259h\u0259rind\u0259 bir saat \u0259rzind\u0259 t\u0259xmin\u0259n 75 mm ya\u011f\u0131nt\u0131 d\u00fc\u015f\u00fcb.<\/p>\n","protected":false},"excerpt":{"rendered":"<p>Yaponiyan\u0131n q\u0259rbind\u0259 yerl\u0259\u015f\u0259n \u015eimane prefekturas\u0131 hakimiyy\u0259ti s\u00fcr\u00fc\u015fm\u0259 t\u0259hl\u00fck\u0259si s\u0259b\u0259bind\u0259n t\u0259xmin\u0259n 140 min yerli sakinin t\u0259xliyy\u0259 edilm\u0259si \u0259mrini verib. ARANTV.AZ\u00a0 Trend-\u0259 istinad\u0259n bildirir ki,\u00a0bu bar\u0259d\u0259 NHK televiziya kanal\u0131 bildirib. M\u0259lumata \u0259sas\u0259n, s\u00fcr\u00fc\u015fm\u0259 t\u0259hl\u00fck\u0259si b\u00f6lg\u0259d\u0259 ba\u015flayan leysan ya\u011f\u0131\u015flarla ba\u011fl\u0131d\u0131r. Qeyd olunur ki, bu g\u00fcn \u015eimane prefekturas\u0131n\u0131n \u015fimal\u0131ndak\u0131 \u0130zumo \u015f\u0259h\u0259rind\u0259 bir saat \u0259rzind\u0259 t\u0259xmin\u0259n 75 mm ya\u011f\u0131nt\u0131 d\u00fc\u015f\u00fcb.<\/p>\n","protected":false},"author":2,"featured_media":354818,"comment_status":"closed","ping_status":"closed","sticky":false,"template":"","format":"standard","meta":{"om_disable_all_campaigns":false,"_monsterinsights_skip_tracking":false,"_monsterinsights_sitenote_active":false,"_monsterinsights_sitenote_note":"","_monsterinsights_sitenote_category":0},"categories":[7],"tags":[],"aioseo_notices":[],"gutentor_comment":0,"rttpg_featured_image_url":{"full":["https:\/\/arantv.az\/wp-content\/uploads\/2021\/07\/962965.jpg",900,600,false],"landscape":["https:\/\/arantv.az\/wp-content\/uploads\/2021\/07\/962965.jpg",900,600,false],"portraits":["https:\/\/arantv.az\/wp-content\/uploads\/2021\/07\/962965.jpg",900,600,false],"thumbnail":["https:\/\/arantv.az\/wp-content\/uploads\/2021\/07\/962965-500x280.jpg",500,280,true],"medium":["https:\/\/arantv.az\/wp-content\/uploads\/2021\/07\/962965-548x365.jpg",548,365,true],"large":["https:\/\/arantv.az\/wp-content\/uploads\/2021\/07\/962965-840x560.jpg",640,427,true],"1536x1536":["https:\/\/arantv.az\/wp-content\/uploads\/2021\/07\/962965.jpg",900,600,false],"2048x2048":["https:\/\/arantv.az\/wp-content\/uploads\/2021\/07\/962965.jpg",900,600,false],"post-thumbnail":["https:\/\/arantv.az\/wp-content\/uploads\/2021\/07\/962965-240x172.jpg",240,172,true],"advps-thumb-one":["https:\/\/arantv.az\/wp-content\/uploads\/2021\/07\/962965.jpg",900,600,false]},"rttpg_author":{"display_name":"V\u00fcsal Rafiqo\u011flu","author_link":"https:\/\/arantv.az\/?author=2"},"rttpg_comment":0,"rttpg_category":"<a href=\"https:\/\/arantv.az\/?cat=7\" rel=\"category\">D\u00fcnya<\/a>","rttpg_excerpt":"Yaponiyan\u0131n q\u0259rbind\u0259 yerl\u0259\u015f\u0259n \u015eimane prefekturas\u0131 hakimiyy\u0259ti s\u00fcr\u00fc\u015fm\u0259 t\u0259hl\u00fck\u0259si s\u0259b\u0259bind\u0259n t\u0259xmin\u0259n 140 min yerli sakinin t\u0259xliyy\u0259 edilm\u0259si \u0259mrini verib. ARANTV.AZ\u00a0 Trend-\u0259 istinad\u0259n bildirir ki,\u00a0bu bar\u0259d\u0259 NHK televiziya kanal\u0131 bildirib. M\u0259lumata \u0259sas\u0259n, s\u00fcr\u00fc\u015fm\u0259 t\u0259hl\u00fck\u0259si b\u00f6lg\u0259d\u0259 ba\u015flayan leysan ya\u011f\u0131\u015flarla ba\u011fl\u0131d\u0131r. Qeyd olunur ki, bu g\u00fcn \u015eimane prefekturas\u0131n\u0131n \u015fimal\u0131ndak\u0131 \u0130zumo \u015f\u0259h\u0259rind\u0259 bir saat \u0259rzind\u0259 t\u0259xmin\u0259n 75 mm ya\u011f\u0131nt\u0131 d\u00fc\u015f\u00fcb.","_links":{"self":[{"href":"https:\/\/arantv.az\/index.php?rest_route=\/wp\/v2\/posts\/354817"}],"collection":[{"href":"https:\/\/arantv.az\/index.php?rest_route=\/wp\/v2\/posts"}],"about":[{"href":"https:\/\/arantv.az\/index.php?rest_route=\/wp\/v2\/types\/post"}],"author":[{"embeddable":true,"href":"https:\/\/arantv.az\/index.php?rest_route=\/wp\/v2\/users\/2"}],"replies":[{"embeddable":true,"href":"https:\/\/arantv.az\/index.php?rest_route=%2Fwp%2Fv2%2Fcomments&post=354817"}],"version-history":[{"count":0,"href":"https:\/\/arantv.az\/index.php?rest_route=\/wp\/v2\/posts\/354817\/revisions"}],"wp:featuredmedia":[{"embeddable":true,"href":"https:\/\/arantv.az\/index.php?rest_route=\/wp\/v2\/media\/354818"}],"wp:attachment":[{"href":"https:\/\/arantv.az\/index.php?rest_route=%2Fwp%2Fv2%2Fmedia&parent=354817"}],"wp:term":[{"taxonomy":"category","embeddable":true,"href":"https:\/\/arantv.az\/index.php?rest_route=%2Fwp%2Fv2%2Fcategories&post=354817"},{"taxonomy":"post_tag","embeddable":true,"href":"https:\/\/arantv.az\/index.php?rest_route=%2Fwp%2Fv2%2Ftags&post=354817"}],"curies":[{"name":"wp","href":"https:\/\/api.w.org\/{rel}","templated":true}]}}