{"id":354831,"date":"2021-07-07T09:01:19","date_gmt":"2021-07-07T06:01:19","guid":{"rendered":"http:\/\/arantv.az\/?p=354831"},"modified":"2021-07-07T09:01:19","modified_gmt":"2021-07-07T06:01:19","slug":"rusiyada-t%c9%99yyar%c9%99-q%c9%99zasinda-ol%c9%99nl%c9%99rd%c9%99n-doqquzunun-c%c9%99s%c9%99di-tapilib-foto-video","status":"publish","type":"post","link":"https:\/\/arantv.az\/?p=354831","title":{"rendered":"Rusiyada t\u0259yyar\u0259 q\u0259zas\u0131nda \u00f6l\u0259nl\u0259rd\u0259n doqquzunun c\u0259s\u0259di tap\u0131l\u0131b &#8211; FOTO\/V\u0130DEO"},"content":{"rendered":"<p>Kam\u00e7atkada s\u0259rni\u015fin t\u0259yyar\u0259sinin q\u0259zaya u\u011framas\u0131 n\u0259tic\u0259sind\u0259 \u00f6l\u0259nl\u0259rd\u0259n doqquzunun c\u0259s\u0259di tap\u0131l\u0131b.<\/p>\n<p>Bu bar\u0259d\u0259 TASS t\u0259cili yard\u0131m xidm\u0259tin\u0259 istinad\u0259n m\u0259lumat verib.<\/p>\n<p>Bildirilib ki, \u00f6l\u0259nl\u0259rin \u015f\u0259xsiyy\u0259tini m\u00fc\u0259yy\u0259nl\u0259\u015fdirm\u0259k \u00fc\u00e7\u00fcn genetik m\u00fcayin\u0259y\u0259 ehtiyac olacaq.<\/p>\n<p>Haz\u0131rda axtar\u0131\u015f i\u015fl\u0259ri davam edir.<\/p>\n<p>O da vur\u011fulan\u0131b ki, xilasedicil\u0259r v\u0259 k\u00f6n\u00fcll\u00fcl\u0259r c\u0259s\u0259dl\u0259ri d\u0259nizd\u0259 qabarma ba\u015flayana kimi axtaracaqlar.<\/p>\n<div><iframe loading=\"lazy\" src=\"https:\/\/player.baku.tv\/embed\/40823\" width=\"560\" height=\"315\" frameborder=\"0\" allowfullscreen=\"allowfullscreen\" data-mce-fragment=\"1\"><\/iframe><\/div>\n<p>\u201cHaz\u0131rda \u00e7\u0259kilm\u0259dir, biz\u00a0c\u0259s\u0259dl\u0259rin d\u0259niz\u0259 s\u00fcr\u00fckl\u0259n\u0259c\u0259yind\u0259n narahat\u0131q. Buna g\u00f6r\u0259 axtar\u0131\u015fa dal\u011f\u0131c xidm\u0259tinin c\u0259lb edilm\u0259si q\u0259rara al\u0131n\u0131b\u201d, &#8211; dey\u0259 diyar h\u00f6kum\u0259tinin s\u0259dr m\u00fcavini Serqey Mironov bildirib.<\/p>\n<p>M\u0259lumata g\u00f6r\u0259, t\u0259yyar\u0259nin qal\u0131qlar\u0131n\u0131 v\u0259 \u00f6l\u0259nl\u0259rin c\u0259s\u0259dl\u0259rinin axtar\u0131lmas\u0131 \u00fc\u00e7\u00fcn q\u0259za yerin\u0259 iki\u00a0helikopter g\u00f6nd\u0259rilib. \u018flav\u0259 olaraq axtar\u0131\u015fda quru xilasetm\u0259 q\u00fcvv\u0259l\u0259ri v\u0259 k\u00f6n\u00fcll\u00fcl\u0259r i\u015ftirak edir.<\/p>\n<p>Xat\u0131rladaq ki, iyulun 6-da Rusiyada An-26 s\u0259rni\u015fin t\u0259yyar\u0259si\u00a0<strong><a href=\"https:\/\/oxu.az\/world\/509472\" target=\"_blank\" rel=\"noopener\">q\u0259zaya u\u011fray\u0131b<\/a><\/strong>. Hava g\u0259misinin\u00a0qal\u0131qlar\u0131 Palan q\u0259s\u0259b\u0259si \u0259razisind\u0259 tap\u0131l\u0131b. T\u0259yyar\u0259d\u0259ki 22 s\u0259rni\u015fin v\u0259 alt\u0131 hey\u0259t \u00fczv\u00fc aras\u0131nda sa\u011f qalan olmad\u0131\u011f\u0131 bildirilir. Faci\u0259 il\u0259 \u0259laq\u0259dar Kam\u00e7atkada \u00fc\u00e7 g\u00fcnl\u00fck mat\u0259m elan edilib.<\/p>\n<p>&nbsp;<\/p>\n<div class=\"gallery\">\n<div class=\"gallery-i\"><img src=\"https:\/\/cdn.oxu.az\/uploads\/W1siZiIsIjIwMjEvMDcvMDcvMDkvMzUvMjMvN2FhMjNmM2MtNjhiOC00ZTY1LTg0ZjktMDRmMTUxMjA2ZWJhL3Bob3RvXzIwMjEtMDctMDdfMDEtNDctMjUuanBnIl0sWyJwIiwiZW5jb2RlIiwianBnIiwiLXF1YWxpdHkgODAiXSxbInAiLCJ0aHVtYiIsIjU5MHg1OTBcdTAwM2UiXV0?sha=2c270130485377d9\" alt=\"\" \/><\/p>\n<div class=\"gallery-i-caption\"><\/div>\n<\/div>\n<div class=\"gallery-i\"><img src=\"https:\/\/cdn.oxu.az\/uploads\/W1siZiIsIjIwMjEvMDcvMDcvMDkvMzUvMjMvN2Q5ZmNhMDMtNzVlNC00YjZkLTlhYzktNzY2ZjI3ODhhNjUxL3Bob3RvXzIwMjEtMDctMDdfMDEtNDctMjYuanBnIl0sWyJwIiwiZW5jb2RlIiwianBnIiwiLXF1YWxpdHkgODAiXSxbInAiLCJ0aHVtYiIsIjU5MHg1OTBcdTAwM2UiXV0?sha=8409f8b031f95217\" alt=\"\" \/><\/p>\n<div class=\"gallery-i-caption\"><\/div>\n<\/div>\n<div class=\"gallery-i\"><img src=\"https:\/\/cdn.oxu.az\/uploads\/W1siZiIsIjIwMjEvMDcvMDcvMDkvMzUvMjMvZTI3MmY5ZDQtOWQ3My00NmZlLWJiODEtYTAxNDNkYmFiZWViLzc1NjI1NjMyNDE1NzI3Ni5qcGciXSxbInAiLCJlbmNvZGUiLCJqcGciLCItcXVhbGl0eSA4MCJdLFsicCIsInRodW1iIiwiNTkweDU5MFx1MDAzZSJdXQ?sha=d7fd32c9214cbd4c\" alt=\"\" \/><\/div>\n<\/div>\n","protected":false},"excerpt":{"rendered":"<p>Kam\u00e7atkada s\u0259rni\u015fin t\u0259yyar\u0259sinin q\u0259zaya u\u011framas\u0131 n\u0259tic\u0259sind\u0259 \u00f6l\u0259nl\u0259rd\u0259n doqquzunun c\u0259s\u0259di tap\u0131l\u0131b. Bu bar\u0259d\u0259 TASS t\u0259cili yard\u0131m xidm\u0259tin\u0259 istinad\u0259n m\u0259lumat verib. Bildirilib ki, \u00f6l\u0259nl\u0259rin \u015f\u0259xsiyy\u0259tini m\u00fc\u0259yy\u0259nl\u0259\u015fdirm\u0259k \u00fc\u00e7\u00fcn genetik m\u00fcayin\u0259y\u0259 ehtiyac olacaq. Haz\u0131rda axtar\u0131\u015f i\u015fl\u0259ri davam edir. O da vur\u011fulan\u0131b ki, xilasedicil\u0259r v\u0259 k\u00f6n\u00fcll\u00fcl\u0259r c\u0259s\u0259dl\u0259ri d\u0259nizd\u0259 qabarma ba\u015flayana kimi axtaracaqlar. \u201cHaz\u0131rda \u00e7\u0259kilm\u0259dir, biz\u00a0c\u0259s\u0259dl\u0259rin d\u0259niz\u0259 s\u00fcr\u00fckl\u0259n\u0259c\u0259yind\u0259n narahat\u0131q. Buna g\u00f6r\u0259 axtar\u0131\u015fa dal\u011f\u0131c xidm\u0259tinin c\u0259lb edilm\u0259si q\u0259rara al\u0131n\u0131b\u201d, &#8211; dey\u0259 diyar h\u00f6kum\u0259tinin s\u0259dr m\u00fcavini Serqey Mironov bildirib. M\u0259lumata g\u00f6r\u0259, t\u0259yyar\u0259nin qal\u0131qlar\u0131n\u0131 v\u0259 \u00f6l\u0259nl\u0259rin c\u0259s\u0259dl\u0259rinin axtar\u0131lmas\u0131 \u00fc\u00e7\u00fcn q\u0259za yerin\u0259 iki\u00a0helikopter g\u00f6nd\u0259rilib. \u018flav\u0259 olaraq axtar\u0131\u015fda quru xilasetm\u0259 q\u00fcvv\u0259l\u0259ri&hellip;<\/p>\n","protected":false},"author":2,"featured_media":354832,"comment_status":"closed","ping_status":"closed","sticky":false,"template":"","format":"standard","meta":{"om_disable_all_campaigns":false,"_monsterinsights_skip_tracking":false,"_monsterinsights_sitenote_active":false,"_monsterinsights_sitenote_note":"","_monsterinsights_sitenote_category":0},"categories":[7],"tags":[],"aioseo_notices":[],"gutentor_comment":0,"rttpg_featured_image_url":{"full":["https:\/\/arantv.az\/wp-content\/uploads\/2021\/07\/page.jpg",620,434,false],"landscape":["https:\/\/arantv.az\/wp-content\/uploads\/2021\/07\/page.jpg",620,434,false],"portraits":["https:\/\/arantv.az\/wp-content\/uploads\/2021\/07\/page.jpg",620,434,false],"thumbnail":["https:\/\/arantv.az\/wp-content\/uploads\/2021\/07\/page-500x280.jpg",500,280,true],"medium":["https:\/\/arantv.az\/wp-content\/uploads\/2021\/07\/page-521x365.jpg",521,365,true],"large":["https:\/\/arantv.az\/wp-content\/uploads\/2021\/07\/page.jpg",620,434,false],"1536x1536":["https:\/\/arantv.az\/wp-content\/uploads\/2021\/07\/page.jpg",620,434,false],"2048x2048":["https:\/\/arantv.az\/wp-content\/uploads\/2021\/07\/page.jpg",620,434,false],"post-thumbnail":["https:\/\/arantv.az\/wp-content\/uploads\/2021\/07\/page-240x172.jpg",240,172,true],"advps-thumb-one":["https:\/\/arantv.az\/wp-content\/uploads\/2021\/07\/page.jpg",620,434,false]},"rttpg_author":{"display_name":"V\u00fcsal Rafiqo\u011flu","author_link":"https:\/\/arantv.az\/?author=2"},"rttpg_comment":0,"rttpg_category":"<a href=\"https:\/\/arantv.az\/?cat=7\" rel=\"category\">D\u00fcnya<\/a>","rttpg_excerpt":"Kam\u00e7atkada s\u0259rni\u015fin t\u0259yyar\u0259sinin q\u0259zaya u\u011framas\u0131 n\u0259tic\u0259sind\u0259 \u00f6l\u0259nl\u0259rd\u0259n doqquzunun c\u0259s\u0259di tap\u0131l\u0131b. Bu bar\u0259d\u0259 TASS t\u0259cili yard\u0131m xidm\u0259tin\u0259 istinad\u0259n m\u0259lumat verib. Bildirilib ki, \u00f6l\u0259nl\u0259rin \u015f\u0259xsiyy\u0259tini m\u00fc\u0259yy\u0259nl\u0259\u015fdirm\u0259k \u00fc\u00e7\u00fcn genetik m\u00fcayin\u0259y\u0259 ehtiyac olacaq. Haz\u0131rda axtar\u0131\u015f i\u015fl\u0259ri davam edir. O da vur\u011fulan\u0131b ki, xilasedicil\u0259r v\u0259 k\u00f6n\u00fcll\u00fcl\u0259r c\u0259s\u0259dl\u0259ri d\u0259nizd\u0259 qabarma ba\u015flayana kimi axtaracaqlar. \u201cHaz\u0131rda \u00e7\u0259kilm\u0259dir, biz\u00a0c\u0259s\u0259dl\u0259rin d\u0259niz\u0259 s\u00fcr\u00fckl\u0259n\u0259c\u0259yind\u0259n narahat\u0131q. Buna g\u00f6r\u0259&hellip;","_links":{"self":[{"href":"https:\/\/arantv.az\/index.php?rest_route=\/wp\/v2\/posts\/354831"}],"collection":[{"href":"https:\/\/arantv.az\/index.php?rest_route=\/wp\/v2\/posts"}],"about":[{"href":"https:\/\/arantv.az\/index.php?rest_route=\/wp\/v2\/types\/post"}],"author":[{"embeddable":true,"href":"https:\/\/arantv.az\/index.php?rest_route=\/wp\/v2\/users\/2"}],"replies":[{"embeddable":true,"href":"https:\/\/arantv.az\/index.php?rest_route=%2Fwp%2Fv2%2Fcomments&post=354831"}],"version-history":[{"count":0,"href":"https:\/\/arantv.az\/index.php?rest_route=\/wp\/v2\/posts\/354831\/revisions"}],"wp:featuredmedia":[{"embeddable":true,"href":"https:\/\/arantv.az\/index.php?rest_route=\/wp\/v2\/media\/354832"}],"wp:attachment":[{"href":"https:\/\/arantv.az\/index.php?rest_route=%2Fwp%2Fv2%2Fmedia&parent=354831"}],"wp:term":[{"taxonomy":"category","embeddable":true,"href":"https:\/\/arantv.az\/index.php?rest_route=%2Fwp%2Fv2%2Fcategories&post=354831"},{"taxonomy":"post_tag","embeddable":true,"href":"https:\/\/arantv.az\/index.php?rest_route=%2Fwp%2Fv2%2Ftags&post=354831"}],"curies":[{"name":"wp","href":"https:\/\/api.w.org\/{rel}","templated":true}]}}