{"id":354840,"date":"2021-07-07T09:09:08","date_gmt":"2021-07-07T06:09:08","guid":{"rendered":"http:\/\/arantv.az\/?p=354840"},"modified":"2021-07-07T09:09:08","modified_gmt":"2021-07-07T06:09:08","slug":"mal-qara-arasinda-olumcul-x%c9%99st%c9%99lik-yayildi-video","status":"publish","type":"post","link":"https:\/\/arantv.az\/?p=354840","title":{"rendered":"Mal-qara aras\u0131nda \u00f6l\u00fcmc\u00fcl x\u0259st\u0259lik yay\u0131ld\u0131 &#8211; V\u0130DEO"},"content":{"rendered":"<div class=\"post_content page_margin_top_section clearfix\">\n<div class=\"content_box\">\n<div class=\"text\">\n<p><strong>Az\u0259rbaycanda mal-qara t\u0259s\u0259rr\u00fcfatlar\u0131nda 10-15 ild\u0259n bir yay\u0131lan, m\u00fcalic\u0259si m\u00fcmk\u00fcn olmayan \u00f6l\u00fcmc\u00fcl x\u0259st\u0259lik yay\u0131l\u0131b.<\/strong><\/p>\n<p><b>ARANTV.AZ <\/b>Report-a<strong>\u00a0<\/strong>istinad\u0259n x\u0259b\u0259r verir ki, bu x\u0259st\u0259lik A\u011fcab\u0259dinin K\u0259hrizli k\u0259ndind\u0259 Bakir Q\u0259hr\u0259manova m\u0259xsus f\u0259rdi t\u0259s\u0259rr\u00fcfatda sah\u0259 baytar h\u0259kimi t\u0259r\u0259find\u0259n a\u015fkar edilib.<\/p>\n<p>Sah\u0259 baytar h\u0259kimi \u0130lham Zeynalov bildirib ki, bu x\u0259st\u0259lik \u00f6l\u00fcmc\u00fcl v\u0259 nadir x\u0259st\u0259likdir:<\/p>\n<p>\u201cBu h\u0259r il yay\u0131lan x\u0259st\u0259lik deyil. Bu x\u0259st\u0259lik 10-15 ild\u0259n bir t\u0259k-t\u0259k t\u0259s\u0259rr\u00fcfatda yay\u0131l\u0131r. \u018fsas\u0259n mal bazar\u0131nda v\u0259 mal-qara i\u00e7\u0259risin\u0259 yeni heyvanlar g\u0259tirildikd\u0259, h\u0259m\u00e7inin heyvanlarda olan g\u0259n\u0259l\u0259rd\u0259n yarana bilir&#8221;.<\/p>\n<p>Sahibkar Bakir Q\u0259hr\u0259manov bildirib ki, x\u0259st\u0259lik a\u015fkar olunandan bu g\u00fcn\u0259 q\u0259d\u0259r bir ne\u00e7\u0259 t\u0259s\u0259rr\u00fcfatda xeyli iribuynuzlu v\u0259 x\u0131rdabuynuzlu heyvan t\u0259l\u0259f olub:<\/p>\n<p>&#8220;Sah\u0259 baytarlar\u0131 ev\u0259 q\u0259d\u0259r g\u0259lib mal-qaraya bax\u0131rlar, m\u00fcalic\u0259 edirl\u0259r, vaksin v\u0259 peyv\u0259nd vururlar. H\u0259kiml\u0259r \u0259ziyy\u0259t \u00e7\u0259kirl\u0259r, ancaq g\u00f6rd\u00fckl\u0259ri i\u015fl\u0259rin bir xeyri yoxdur. Heyvanlar\u0131n t\u0259l\u0259f olmas\u0131n\u0131n qar\u015f\u0131s\u0131n\u0131n al\u0131nmas\u0131 \u00fc\u00e7\u00fcn h\u0259kiml\u0259rin g\u00f6rd\u00fcy\u00fc t\u0259dbirl\u0259r n\u0259tic\u0259siz qal\u0131b. X\u0259st\u0259liy\u0259 yoluxduqdan sonra bir ne\u00e7\u0259 g\u00fcn \u0259rzind\u0259 s\u0259kkiz ba\u015f iribuynuzlu, iki ba\u015f is\u0259 x\u0131rdabuynuzlu heyvan t\u0259l\u0259f olub. G\u0259lirl\u0259r, \u0259ziyy\u0259t \u00e7\u0259kirl\u0259r, m\u00fcalic\u0259 el\u0259yirl\u0259r, amma y\u0259qin ki, onun d\u0259rdini d\u0259qiq tapsayd\u0131lar, 8 ba\u015f heyvan\u0131m \u00f6lm\u0259zdi&#8221;.<\/p>\n<p>Sahibkar Allahverdi Q\u0259hr\u0259manov is\u0259 deyib ki, heyvanlar t\u0259l\u0259f olmam\u0131\u015fdan \u0259vv\u0259l g\u00f6zl\u0259ri v\u0259 ayaqlar\u0131 tutulur:<\/p>\n<p>&#8220;El\u0259 bir x\u0259st\u0259likdir ki, yoluxdusa, m\u00fctl\u0259q heyvan \u00f6l\u00fcr. He\u00e7 bir m\u00fcalic\u0259 bu x\u0259st\u0259liy\u0259 yoluxan heyvan\u0131 t\u0259l\u0259f olmaqdan xilas ed\u0259 bilmir&#8221;.<\/p>\n<p>Nadir hallarda rast g\u0259lin\u0259n bu x\u0259st\u0259lik, m\u00fct\u0259x\u0259ssil\u0259rin bildirdiyin\u0259 g\u00f6r\u0259, yoluxucu deyil. T\u0259mas zaman\u0131 n\u0259 heyvana, n\u0259 d\u0259 insana ke\u00e7ici x\u00fcsusiyy\u0259ti var. X\u0259st\u0259liyin yay\u0131lma qorxusu olmasa da, a\u015fkarland\u0131\u011f\u0131 t\u0259s\u0259rr\u00fcfatda olan heyvanlar\u0131n m\u0259hvolma t\u0259hl\u00fck\u0259si b\u00f6y\u00fckd\u00fcr.<\/p>\n<p>Sah\u0259 baytar h\u0259kimi \u0130.Zeynalovun s\u00f6zl\u0259rin\u0259 g\u00f6r\u0259, bu x\u0259st\u0259liyin he\u00e7 bir qabalay\u0131c\u0131 t\u0259dbiri, m\u00fcalic\u0259si v\u0259 peyv\u0259ndi yoxdur:<\/p>\n<p>&#8220;Bu t\u0259s\u0259rr\u00fcfatda ba\u015f ver\u0259n x\u0259st\u0259lik \u201cYaman xataral isitm\u0259dir\u201d. Heyvanlar\u0131n bu x\u0259st\u0259liy\u0259 yoluxmamas\u0131 \u00fc\u00e7\u00fcn ilk n\u00f6vb\u0259d\u0259 mal-qaran\u0131n t\u0259mizliyin\u0259, qidalanmas\u0131na diqq\u0259t yetirib, yax\u015f\u0131 \u00f6r\u00fc\u015fd\u0259 g\u0259r\u0259k otarasan. Mal-qaran\u0131 m\u00fct\u0259madi \u00e7imizdirm\u0259k v\u0259 g\u0259n\u0259l\u0259rd\u0259n t\u0259mizl\u0259m\u0259k laz\u0131md\u0131r. Bu x\u0259st\u0259liy\u0259 yoluxan mal-qaralar\u0131n 95%-i t\u0259l\u0259f olur, 5%-inin is\u0259 g\u00f6zl\u0259ri v\u0259 ya ayaqlar\u0131 tutulur. Bunun tam m\u00fcalic\u0259si yoxdur&#8221;.<\/p>\n<p>Rayon baytarl\u0131q idar\u0259sind\u0259n bildirilib ki, v\u0259t\u0259nda\u015f\u0131n t\u0259s\u0259rr\u00fcfat\u0131nda ba\u015f ver\u0259n t\u0259l\u0259fat bar\u0259d\u0259 aidiyy\u0259ti qurumlar m\u0259lumatland\u0131r\u0131l\u0131b. T\u0259l\u0259f olan heyvanlardan n\u00fcmun\u0259l\u0259r g\u00f6t\u00fcr\u00fcl\u0259r\u0259k laboratoriyaya g\u00f6nd\u0259rilib. \u018fld\u0259 olunan n\u0259tic\u0259l\u0259r is\u0259 x\u0259st\u0259liyin m\u00fcalic\u0259sinin m\u00fcmk\u00fcn olmad\u0131\u011f\u0131n\u0131 dem\u0259y\u0259 \u0259sas verir.<\/p>\n<p><iframe loading=\"lazy\" title=\"YouTube video player\" src=\"https:\/\/www.youtube.com\/embed\/Nqfk2yJF7-A\" width=\"560\" height=\"315\" frameborder=\"0\" allowfullscreen=\"allowfullscreen\" data-mce-fragment=\"1\"><\/iframe><\/p>\n<\/div>\n<\/div>\n<\/div>\n<div class=\"social_like\">\n<div>\n<div class=\"fb-like fb_iframe_widget\" data-href=\"\" data-layout=\"button_count\" data-action=\"recommend\" data-size=\"small\" data-show-faces=\"false\" data-share=\"false\"><\/div>\n<\/div>\n<\/div>\n","protected":false},"excerpt":{"rendered":"<p>Az\u0259rbaycanda mal-qara t\u0259s\u0259rr\u00fcfatlar\u0131nda 10-15 ild\u0259n bir yay\u0131lan, m\u00fcalic\u0259si m\u00fcmk\u00fcn olmayan \u00f6l\u00fcmc\u00fcl x\u0259st\u0259lik yay\u0131l\u0131b. ARANTV.AZ Report-a\u00a0istinad\u0259n x\u0259b\u0259r verir ki, bu x\u0259st\u0259lik A\u011fcab\u0259dinin K\u0259hrizli k\u0259ndind\u0259 Bakir Q\u0259hr\u0259manova m\u0259xsus f\u0259rdi t\u0259s\u0259rr\u00fcfatda sah\u0259 baytar h\u0259kimi t\u0259r\u0259find\u0259n a\u015fkar edilib. Sah\u0259 baytar h\u0259kimi \u0130lham Zeynalov bildirib ki, bu x\u0259st\u0259lik \u00f6l\u00fcmc\u00fcl v\u0259 nadir x\u0259st\u0259likdir: \u201cBu h\u0259r il yay\u0131lan x\u0259st\u0259lik deyil. Bu x\u0259st\u0259lik 10-15 ild\u0259n bir t\u0259k-t\u0259k t\u0259s\u0259rr\u00fcfatda yay\u0131l\u0131r. \u018fsas\u0259n mal bazar\u0131nda v\u0259 mal-qara i\u00e7\u0259risin\u0259 yeni heyvanlar g\u0259tirildikd\u0259, h\u0259m\u00e7inin heyvanlarda olan g\u0259n\u0259l\u0259rd\u0259n yarana bilir&#8221;. Sahibkar Bakir Q\u0259hr\u0259manov bildirib ki, x\u0259st\u0259lik a\u015fkar olunandan bu g\u00fcn\u0259 q\u0259d\u0259r bir ne\u00e7\u0259 t\u0259s\u0259rr\u00fcfatda&hellip;<\/p>\n","protected":false},"author":2,"featured_media":354841,"comment_status":"closed","ping_status":"closed","sticky":false,"template":"","format":"standard","meta":{"om_disable_all_campaigns":false,"_monsterinsights_skip_tracking":false,"_monsterinsights_sitenote_active":false,"_monsterinsights_sitenote_note":"","_monsterinsights_sitenote_category":0},"categories":[5],"tags":[],"aioseo_notices":[],"gutentor_comment":0,"rttpg_featured_image_url":{"full":["https:\/\/arantv.az\/wp-content\/uploads\/2021\/07\/mal-qara.jpg",800,450,false],"landscape":["https:\/\/arantv.az\/wp-content\/uploads\/2021\/07\/mal-qara.jpg",800,450,false],"portraits":["https:\/\/arantv.az\/wp-content\/uploads\/2021\/07\/mal-qara.jpg",800,450,false],"thumbnail":["https:\/\/arantv.az\/wp-content\/uploads\/2021\/07\/mal-qara-500x280.jpg",500,280,true],"medium":["https:\/\/arantv.az\/wp-content\/uploads\/2021\/07\/mal-qara-649x365.jpg",649,365,true],"large":["https:\/\/arantv.az\/wp-content\/uploads\/2021\/07\/mal-qara.jpg",640,360,false],"1536x1536":["https:\/\/arantv.az\/wp-content\/uploads\/2021\/07\/mal-qara.jpg",800,450,false],"2048x2048":["https:\/\/arantv.az\/wp-content\/uploads\/2021\/07\/mal-qara.jpg",800,450,false],"post-thumbnail":["https:\/\/arantv.az\/wp-content\/uploads\/2021\/07\/mal-qara-240x172.jpg",240,172,true],"advps-thumb-one":["https:\/\/arantv.az\/wp-content\/uploads\/2021\/07\/mal-qara.jpg",800,450,false]},"rttpg_author":{"display_name":"V\u00fcsal Rafiqo\u011flu","author_link":"https:\/\/arantv.az\/?author=2"},"rttpg_comment":0,"rttpg_category":"<a href=\"https:\/\/arantv.az\/?cat=5\" rel=\"category\">Hadis\u0259<\/a>","rttpg_excerpt":"Az\u0259rbaycanda mal-qara t\u0259s\u0259rr\u00fcfatlar\u0131nda 10-15 ild\u0259n bir yay\u0131lan, m\u00fcalic\u0259si m\u00fcmk\u00fcn olmayan \u00f6l\u00fcmc\u00fcl x\u0259st\u0259lik yay\u0131l\u0131b. ARANTV.AZ Report-a\u00a0istinad\u0259n x\u0259b\u0259r verir ki, bu x\u0259st\u0259lik A\u011fcab\u0259dinin K\u0259hrizli k\u0259ndind\u0259 Bakir Q\u0259hr\u0259manova m\u0259xsus f\u0259rdi t\u0259s\u0259rr\u00fcfatda sah\u0259 baytar h\u0259kimi t\u0259r\u0259find\u0259n a\u015fkar edilib. Sah\u0259 baytar h\u0259kimi \u0130lham Zeynalov bildirib ki, bu x\u0259st\u0259lik \u00f6l\u00fcmc\u00fcl v\u0259 nadir x\u0259st\u0259likdir: \u201cBu h\u0259r il yay\u0131lan x\u0259st\u0259lik deyil. Bu x\u0259st\u0259lik&hellip;","_links":{"self":[{"href":"https:\/\/arantv.az\/index.php?rest_route=\/wp\/v2\/posts\/354840"}],"collection":[{"href":"https:\/\/arantv.az\/index.php?rest_route=\/wp\/v2\/posts"}],"about":[{"href":"https:\/\/arantv.az\/index.php?rest_route=\/wp\/v2\/types\/post"}],"author":[{"embeddable":true,"href":"https:\/\/arantv.az\/index.php?rest_route=\/wp\/v2\/users\/2"}],"replies":[{"embeddable":true,"href":"https:\/\/arantv.az\/index.php?rest_route=%2Fwp%2Fv2%2Fcomments&post=354840"}],"version-history":[{"count":0,"href":"https:\/\/arantv.az\/index.php?rest_route=\/wp\/v2\/posts\/354840\/revisions"}],"wp:featuredmedia":[{"embeddable":true,"href":"https:\/\/arantv.az\/index.php?rest_route=\/wp\/v2\/media\/354841"}],"wp:attachment":[{"href":"https:\/\/arantv.az\/index.php?rest_route=%2Fwp%2Fv2%2Fmedia&parent=354840"}],"wp:term":[{"taxonomy":"category","embeddable":true,"href":"https:\/\/arantv.az\/index.php?rest_route=%2Fwp%2Fv2%2Fcategories&post=354840"},{"taxonomy":"post_tag","embeddable":true,"href":"https:\/\/arantv.az\/index.php?rest_route=%2Fwp%2Fv2%2Ftags&post=354840"}],"curies":[{"name":"wp","href":"https:\/\/api.w.org\/{rel}","templated":true}]}}