{"id":354849,"date":"2021-07-07T09:29:06","date_gmt":"2021-07-07T06:29:06","guid":{"rendered":"http:\/\/arantv.az\/?p=354849"},"modified":"2021-07-07T09:29:06","modified_gmt":"2021-07-07T06:29:06","slug":"%c9%99rdogan-az%c9%99rbaycana-yardimla-bagli-vacib-sazisi-t%c9%99sdiql%c9%99di","status":"publish","type":"post","link":"https:\/\/arantv.az\/?p=354849","title":{"rendered":"\u018frdo\u011fan Az\u0259rbaycana yard\u0131mla ba\u011fl\u0131 vacib sazi\u015fi T\u018fSD\u0130QL\u018fD\u0130"},"content":{"rendered":"<p>T\u00fcrkiy\u0259 Prezidenti R\u0259c\u0259b Tayyib \u018frdo\u011fan Ankara il\u0259 Bak\u0131 aras\u0131nda s\u0259hiyy\u0259 sah\u0259sind\u0259 yard\u0131m g\u00f6st\u0259rilm\u0259sin\u0259 dair anla\u015fma sazi\u015fini t\u0259sdiql\u0259yib.<\/p>\n<p>Bu bar\u0259d\u0259 \u201c<a href=\"https:\/\/www.resmigazete.gov.tr\/eskiler\/2021\/07\/20210707-3.pdf\" target=\"_blank\" rel=\"noopener\">Resmi Gazete<\/a>\u201dd\u0259 x\u0259b\u0259r verilib.<\/p>\n<p>\u201cT\u00fcrkiy\u0259 h\u00f6kum\u0259ti il\u0259 Az\u0259rbaycan h\u00f6kum\u0259ti aras\u0131nda s\u0259hiyy\u0259 sah\u0259sind\u0259 yard\u0131m g\u00f6st\u0259rilm\u0259sin\u0259 dair anla\u015fma\u201d Sazi\u015fi 28.03.2002 tarixli v\u0259 4749 sayl\u0131 Qanunun 9-cu madd\u0259sin\u0259 uy\u011fun olaraq t\u0259sdiql\u0259nib\u201d, &#8211; dey\u0259 m\u0259lumatda bildirilir.<\/p>\n<div id=\"AdviadNativeVideo0\" class=\"AdviadNativeVideo\"><\/div>\n<p>Q\u0259rarda deyilir ki, T\u00fcrkiy\u0259 t\u0259r\u0259fi Az\u0259rbaycan t\u0259r\u0259fin\u0259 dostluq v\u0259 xo\u015f niyy\u0259t jesti kimi 100\u00a0000 qutu \u201cFavipiravir\u201d preparat\u0131 g\u00f6nd\u0259r\u0259c\u0259k.<\/p>\n<p>Yard\u0131m kimi veril\u0259n bu d\u0259rman Az\u0259rbaycana aid olacaq v\u0259 s\u0259hiyy\u0259 xidm\u0259tl\u0259rinin g\u00f6st\u0259rilm\u0259sind\u0259 istifad\u0259 edil\u0259c\u0259k. Preparatlar daha sonra t\u0259r\u0259fl\u0259r aras\u0131nda t\u0259yin edil\u0259c\u0259k metodla t\u0259slim edil\u0259c\u0259k.<\/p>\n<p>S\u0259n\u0259d 2021-ci ilin mart\u0131n 31-d\u0259 imzalan\u0131b v\u0259 h\u0259min g\u00fcnd\u0259n q\u00fcvv\u0259y\u0259 minmi\u015f hesab olunur.<\/p>\n<p>Sazi\u015fi T\u00fcrkiy\u0259 h\u00f6kum\u0259ti ad\u0131ndan s\u0259hiyy\u0259 nazirinin m\u00fcavini Halil Eldemir, Az\u0259rbaycan h\u00f6kum\u0259ti ad\u0131ndan is\u0259 \u00f6lk\u0259mizin T\u00fcrkiy\u0259d\u0259ki s\u0259firi X\u0259z\u0259r \u0130brahim imzalay\u0131b.<\/p>\n","protected":false},"excerpt":{"rendered":"<p>T\u00fcrkiy\u0259 Prezidenti R\u0259c\u0259b Tayyib \u018frdo\u011fan Ankara il\u0259 Bak\u0131 aras\u0131nda s\u0259hiyy\u0259 sah\u0259sind\u0259 yard\u0131m g\u00f6st\u0259rilm\u0259sin\u0259 dair anla\u015fma sazi\u015fini t\u0259sdiql\u0259yib. Bu bar\u0259d\u0259 \u201cResmi Gazete\u201dd\u0259 x\u0259b\u0259r verilib. \u201cT\u00fcrkiy\u0259 h\u00f6kum\u0259ti il\u0259 Az\u0259rbaycan h\u00f6kum\u0259ti aras\u0131nda s\u0259hiyy\u0259 sah\u0259sind\u0259 yard\u0131m g\u00f6st\u0259rilm\u0259sin\u0259 dair anla\u015fma\u201d Sazi\u015fi 28.03.2002 tarixli v\u0259 4749 sayl\u0131 Qanunun 9-cu madd\u0259sin\u0259 uy\u011fun olaraq t\u0259sdiql\u0259nib\u201d, &#8211; dey\u0259 m\u0259lumatda bildirilir. Q\u0259rarda deyilir ki, T\u00fcrkiy\u0259 t\u0259r\u0259fi Az\u0259rbaycan t\u0259r\u0259fin\u0259 dostluq v\u0259 xo\u015f niyy\u0259t jesti kimi 100\u00a0000 qutu \u201cFavipiravir\u201d preparat\u0131 g\u00f6nd\u0259r\u0259c\u0259k. Yard\u0131m kimi veril\u0259n bu d\u0259rman Az\u0259rbaycana aid olacaq v\u0259 s\u0259hiyy\u0259 xidm\u0259tl\u0259rinin g\u00f6st\u0259rilm\u0259sind\u0259 istifad\u0259 edil\u0259c\u0259k. Preparatlar daha sonra t\u0259r\u0259fl\u0259r aras\u0131nda t\u0259yin edil\u0259c\u0259k&hellip;<\/p>\n","protected":false},"author":2,"featured_media":354850,"comment_status":"closed","ping_status":"closed","sticky":false,"template":"","format":"standard","meta":{"om_disable_all_campaigns":false,"_monsterinsights_skip_tracking":false,"_monsterinsights_sitenote_active":false,"_monsterinsights_sitenote_note":"","_monsterinsights_sitenote_category":0},"categories":[7],"tags":[],"aioseo_notices":[],"gutentor_comment":0,"rttpg_featured_image_url":{"full":["https:\/\/arantv.az\/wp-content\/uploads\/2021\/07\/60c3493645def60c3493645df01623410998bb7bb42dee2fa486fe44736dd471859f.jpg",620,413,false],"landscape":["https:\/\/arantv.az\/wp-content\/uploads\/2021\/07\/60c3493645def60c3493645df01623410998bb7bb42dee2fa486fe44736dd471859f.jpg",620,413,false],"portraits":["https:\/\/arantv.az\/wp-content\/uploads\/2021\/07\/60c3493645def60c3493645df01623410998bb7bb42dee2fa486fe44736dd471859f.jpg",620,413,false],"thumbnail":["https:\/\/arantv.az\/wp-content\/uploads\/2021\/07\/60c3493645def60c3493645df01623410998bb7bb42dee2fa486fe44736dd471859f-500x280.jpg",500,280,true],"medium":["https:\/\/arantv.az\/wp-content\/uploads\/2021\/07\/60c3493645def60c3493645df01623410998bb7bb42dee2fa486fe44736dd471859f-548x365.jpg",548,365,true],"large":["https:\/\/arantv.az\/wp-content\/uploads\/2021\/07\/60c3493645def60c3493645df01623410998bb7bb42dee2fa486fe44736dd471859f.jpg",620,413,false],"1536x1536":["https:\/\/arantv.az\/wp-content\/uploads\/2021\/07\/60c3493645def60c3493645df01623410998bb7bb42dee2fa486fe44736dd471859f.jpg",620,413,false],"2048x2048":["https:\/\/arantv.az\/wp-content\/uploads\/2021\/07\/60c3493645def60c3493645df01623410998bb7bb42dee2fa486fe44736dd471859f.jpg",620,413,false],"post-thumbnail":["https:\/\/arantv.az\/wp-content\/uploads\/2021\/07\/60c3493645def60c3493645df01623410998bb7bb42dee2fa486fe44736dd471859f-240x172.jpg",240,172,true],"advps-thumb-one":["https:\/\/arantv.az\/wp-content\/uploads\/2021\/07\/60c3493645def60c3493645df01623410998bb7bb42dee2fa486fe44736dd471859f.jpg",620,413,false]},"rttpg_author":{"display_name":"V\u00fcsal Rafiqo\u011flu","author_link":"https:\/\/arantv.az\/?author=2"},"rttpg_comment":0,"rttpg_category":"<a href=\"https:\/\/arantv.az\/?cat=7\" rel=\"category\">D\u00fcnya<\/a>","rttpg_excerpt":"T\u00fcrkiy\u0259 Prezidenti R\u0259c\u0259b Tayyib \u018frdo\u011fan Ankara il\u0259 Bak\u0131 aras\u0131nda s\u0259hiyy\u0259 sah\u0259sind\u0259 yard\u0131m g\u00f6st\u0259rilm\u0259sin\u0259 dair anla\u015fma sazi\u015fini t\u0259sdiql\u0259yib. Bu bar\u0259d\u0259 \u201cResmi Gazete\u201dd\u0259 x\u0259b\u0259r verilib. \u201cT\u00fcrkiy\u0259 h\u00f6kum\u0259ti il\u0259 Az\u0259rbaycan h\u00f6kum\u0259ti aras\u0131nda s\u0259hiyy\u0259 sah\u0259sind\u0259 yard\u0131m g\u00f6st\u0259rilm\u0259sin\u0259 dair anla\u015fma\u201d Sazi\u015fi 28.03.2002 tarixli v\u0259 4749 sayl\u0131 Qanunun 9-cu madd\u0259sin\u0259 uy\u011fun olaraq t\u0259sdiql\u0259nib\u201d, &#8211; dey\u0259 m\u0259lumatda bildirilir. Q\u0259rarda deyilir ki, T\u00fcrkiy\u0259&hellip;","_links":{"self":[{"href":"https:\/\/arantv.az\/index.php?rest_route=\/wp\/v2\/posts\/354849"}],"collection":[{"href":"https:\/\/arantv.az\/index.php?rest_route=\/wp\/v2\/posts"}],"about":[{"href":"https:\/\/arantv.az\/index.php?rest_route=\/wp\/v2\/types\/post"}],"author":[{"embeddable":true,"href":"https:\/\/arantv.az\/index.php?rest_route=\/wp\/v2\/users\/2"}],"replies":[{"embeddable":true,"href":"https:\/\/arantv.az\/index.php?rest_route=%2Fwp%2Fv2%2Fcomments&post=354849"}],"version-history":[{"count":0,"href":"https:\/\/arantv.az\/index.php?rest_route=\/wp\/v2\/posts\/354849\/revisions"}],"wp:featuredmedia":[{"embeddable":true,"href":"https:\/\/arantv.az\/index.php?rest_route=\/wp\/v2\/media\/354850"}],"wp:attachment":[{"href":"https:\/\/arantv.az\/index.php?rest_route=%2Fwp%2Fv2%2Fmedia&parent=354849"}],"wp:term":[{"taxonomy":"category","embeddable":true,"href":"https:\/\/arantv.az\/index.php?rest_route=%2Fwp%2Fv2%2Fcategories&post=354849"},{"taxonomy":"post_tag","embeddable":true,"href":"https:\/\/arantv.az\/index.php?rest_route=%2Fwp%2Fv2%2Ftags&post=354849"}],"curies":[{"name":"wp","href":"https:\/\/api.w.org\/{rel}","templated":true}]}}