{"id":354858,"date":"2021-07-07T10:10:53","date_gmt":"2021-07-07T07:10:53","guid":{"rendered":"http:\/\/arantv.az\/?p=354858"},"modified":"2021-07-07T10:10:53","modified_gmt":"2021-07-07T07:10:53","slug":"az%c9%99rbaycan-v%c9%99-pakistan-ktmt-d%c9%99-musahid%c9%99ci-statusu-almaq-ist%c9%99yir-sensasion-x%c9%99b%c9%99r","status":"publish","type":"post","link":"https:\/\/arantv.az\/?p=354858","title":{"rendered":"Az\u0259rbaycan v\u0259 Pakistan KTMT-d\u0259 m\u00fc\u015fahid\u0259\u00e7i statusu almaq ist\u0259yir- Sensasion x\u0259b\u0259r"},"content":{"rendered":"<p><strong>\u0130yulun 1-d\u0259 D\u00fc\u015f\u0259nb\u0259d\u0259 KTMT \u00fczv\u00fc olan \u00f6lk\u0259l\u0259rin Parlament assambleyas\u0131 \u015euras\u0131n\u0131n iclas\u0131 olub v\u0259 q\u0259rara al\u0131n\u0131b ki, bloka t\u0259r\u0259fda\u015f \u00f6lk\u0259l\u0259r institutu t\u0259sis edilsin.<\/strong><\/p>\n<p><strong>ARANTV.AZ<\/strong> virtualaz.org-a istinad\u0259n x\u0259b\u0259r verir ki, bu haqda Rusiya D\u00f6vl\u0259t Dumas\u0131n\u0131n m\u0259tbuat xidm\u0259ti bildirir. M\u0259lumata g\u00f6r\u0259, t\u0259klifi iclasda D\u00f6vl\u0259t Dumas\u0131n\u0131n spikeri Vya\u00e7eslav Volodin ir\u0259li s\u00fcr\u00fcb.<\/p>\n<p>O\u00a0deyib ki, KTMT-y\u0259 t\u0259r\u0259fda\u015f \u00f6lk\u0259l\u0259r onun strukturlar\u0131nda h\u0259lledici s\u0259s\u0259 malik olmayacaqlar, amma s\u0259n\u0259dl\u0259rin haz\u0131rlanmas\u0131nda v\u0259 kollektiv q\u0259rarlar\u0131n i\u015fl\u0259nilm\u0259sind\u0259 i\u015ftirak ed\u0259c\u0259kl\u0259r. Bu da Volodin\u0259 g\u00f6r\u0259, &#8220;bloka \u00fczv \u00f6lk\u0259l\u0259rin prinsipl\u0259rini b\u00f6l\u00fc\u015f\u0259n\u00a0 \u00f6lk\u0259l\u0259rl\u0259&#8221; qar\u015f\u0131l\u0131ql\u0131 \u0259laq\u0259l\u0259rin m\u00f6hk\u0259ml\u0259ndirilm\u0259sin\u0259 imkan ver\u0259c\u0259k.<\/p>\n<p>Volodin habel\u0259 deyib ki, KTMT il\u0259 \u0259m\u0259kda\u015fl\u0131q \u00fc\u00e7\u00fcn bir s\u0131ra d\u00f6vl\u0259tl\u0259r maraq g\u00f6st\u0259rirl\u0259r. D\u00f6vl\u0259t Dumas\u0131n\u0131n Avrasiya inteqrasiya m\u0259s\u0259l\u0259l\u0259ri \u00fczr\u0259 komit\u0259sinin r\u0259hb\u0259ri Leonid Kala\u015fnikov is\u0259 deyib ki, bu formata \u0259n \u00e7ox maraq g\u00f6st\u0259r\u0259n \u00f6lk\u0259l\u0259r Az\u0259rbaycan v\u0259 Pakistand\u0131r.<\/p>\n<p>Kala\u015fnikovun s\u00f6zl\u0259rin\u0259 g\u00f6r\u0259, &#8220;h\u0259r\u00e7\u0259nd bu haqda dan\u0131\u015fmaq q\u0259bul edilm\u0259yib&#8221;, amma bu \u00f6lk\u0259l\u0259r KTMT yan\u0131nda m\u00fc\u015fahid\u0259\u00e7i statusu almaq \u00fc\u00e7\u00fcn \u00e7oxdan \u00f6z arzular\u0131n\u0131 ifad\u0259 edibl\u0259r.<\/p>\n<p>Qeyd ed\u0259k ki, Az\u0259rbaycan\u0131n KTMT-d\u0259 m\u00fc\u015fahid\u0259\u00e7i statusu almas\u0131 m\u0259s\u0259l\u0259si \u0259vv\u0259ll\u0259r d\u0259 d\u0259f\u0259l\u0259rl\u0259 g\u00fcnd\u0259m\u0259 g\u0259lib, amma h\u0259r d\u0259f\u0259 Yerevanda deyibl\u0259r ki, onlar \u00f6z veto haqlar\u0131ndan istifad\u0259 ed\u0259c\u0259kl\u0259r.<\/p>\n","protected":false},"excerpt":{"rendered":"<p>\u0130yulun 1-d\u0259 D\u00fc\u015f\u0259nb\u0259d\u0259 KTMT \u00fczv\u00fc olan \u00f6lk\u0259l\u0259rin Parlament assambleyas\u0131 \u015euras\u0131n\u0131n iclas\u0131 olub v\u0259 q\u0259rara al\u0131n\u0131b ki, bloka t\u0259r\u0259fda\u015f \u00f6lk\u0259l\u0259r institutu t\u0259sis edilsin. ARANTV.AZ virtualaz.org-a istinad\u0259n x\u0259b\u0259r verir ki, bu haqda Rusiya D\u00f6vl\u0259t Dumas\u0131n\u0131n m\u0259tbuat xidm\u0259ti bildirir. M\u0259lumata g\u00f6r\u0259, t\u0259klifi iclasda D\u00f6vl\u0259t Dumas\u0131n\u0131n spikeri Vya\u00e7eslav Volodin ir\u0259li s\u00fcr\u00fcb. O\u00a0deyib ki, KTMT-y\u0259 t\u0259r\u0259fda\u015f \u00f6lk\u0259l\u0259r onun strukturlar\u0131nda h\u0259lledici s\u0259s\u0259 malik olmayacaqlar, amma s\u0259n\u0259dl\u0259rin haz\u0131rlanmas\u0131nda v\u0259 kollektiv q\u0259rarlar\u0131n i\u015fl\u0259nilm\u0259sind\u0259 i\u015ftirak ed\u0259c\u0259kl\u0259r. Bu da Volodin\u0259 g\u00f6r\u0259, &#8220;bloka \u00fczv \u00f6lk\u0259l\u0259rin prinsipl\u0259rini b\u00f6l\u00fc\u015f\u0259n\u00a0 \u00f6lk\u0259l\u0259rl\u0259&#8221; qar\u015f\u0131l\u0131ql\u0131 \u0259laq\u0259l\u0259rin m\u00f6hk\u0259ml\u0259ndirilm\u0259sin\u0259 imkan ver\u0259c\u0259k. Volodin habel\u0259 deyib ki, KTMT il\u0259 \u0259m\u0259kda\u015fl\u0131q \u00fc\u00e7\u00fcn&hellip;<\/p>\n","protected":false},"author":2,"featured_media":354859,"comment_status":"closed","ping_status":"closed","sticky":false,"template":"","format":"standard","meta":{"om_disable_all_campaigns":false,"_monsterinsights_skip_tracking":false,"_monsterinsights_sitenote_active":false,"_monsterinsights_sitenote_note":"","_monsterinsights_sitenote_category":0},"categories":[7],"tags":[],"aioseo_notices":[],"gutentor_comment":0,"rttpg_featured_image_url":{"full":["https:\/\/arantv.az\/wp-content\/uploads\/2021\/07\/963018.jpg",800,600,false],"landscape":["https:\/\/arantv.az\/wp-content\/uploads\/2021\/07\/963018.jpg",800,600,false],"portraits":["https:\/\/arantv.az\/wp-content\/uploads\/2021\/07\/963018.jpg",800,600,false],"thumbnail":["https:\/\/arantv.az\/wp-content\/uploads\/2021\/07\/963018-500x280.jpg",500,280,true],"medium":["https:\/\/arantv.az\/wp-content\/uploads\/2021\/07\/963018-487x365.jpg",487,365,true],"large":["https:\/\/arantv.az\/wp-content\/uploads\/2021\/07\/963018.jpg",640,480,false],"1536x1536":["https:\/\/arantv.az\/wp-content\/uploads\/2021\/07\/963018.jpg",800,600,false],"2048x2048":["https:\/\/arantv.az\/wp-content\/uploads\/2021\/07\/963018.jpg",800,600,false],"post-thumbnail":["https:\/\/arantv.az\/wp-content\/uploads\/2021\/07\/963018-240x172.jpg",240,172,true],"advps-thumb-one":["https:\/\/arantv.az\/wp-content\/uploads\/2021\/07\/963018.jpg",800,600,false]},"rttpg_author":{"display_name":"V\u00fcsal Rafiqo\u011flu","author_link":"https:\/\/arantv.az\/?author=2"},"rttpg_comment":0,"rttpg_category":"<a href=\"https:\/\/arantv.az\/?cat=7\" rel=\"category\">D\u00fcnya<\/a>","rttpg_excerpt":"\u0130yulun 1-d\u0259 D\u00fc\u015f\u0259nb\u0259d\u0259 KTMT \u00fczv\u00fc olan \u00f6lk\u0259l\u0259rin Parlament assambleyas\u0131 \u015euras\u0131n\u0131n iclas\u0131 olub v\u0259 q\u0259rara al\u0131n\u0131b ki, bloka t\u0259r\u0259fda\u015f \u00f6lk\u0259l\u0259r institutu t\u0259sis edilsin. ARANTV.AZ virtualaz.org-a istinad\u0259n x\u0259b\u0259r verir ki, bu haqda Rusiya D\u00f6vl\u0259t Dumas\u0131n\u0131n m\u0259tbuat xidm\u0259ti bildirir. M\u0259lumata g\u00f6r\u0259, t\u0259klifi iclasda D\u00f6vl\u0259t Dumas\u0131n\u0131n spikeri Vya\u00e7eslav Volodin ir\u0259li s\u00fcr\u00fcb. O\u00a0deyib ki, KTMT-y\u0259 t\u0259r\u0259fda\u015f \u00f6lk\u0259l\u0259r onun strukturlar\u0131nda h\u0259lledici&hellip;","_links":{"self":[{"href":"https:\/\/arantv.az\/index.php?rest_route=\/wp\/v2\/posts\/354858"}],"collection":[{"href":"https:\/\/arantv.az\/index.php?rest_route=\/wp\/v2\/posts"}],"about":[{"href":"https:\/\/arantv.az\/index.php?rest_route=\/wp\/v2\/types\/post"}],"author":[{"embeddable":true,"href":"https:\/\/arantv.az\/index.php?rest_route=\/wp\/v2\/users\/2"}],"replies":[{"embeddable":true,"href":"https:\/\/arantv.az\/index.php?rest_route=%2Fwp%2Fv2%2Fcomments&post=354858"}],"version-history":[{"count":0,"href":"https:\/\/arantv.az\/index.php?rest_route=\/wp\/v2\/posts\/354858\/revisions"}],"wp:featuredmedia":[{"embeddable":true,"href":"https:\/\/arantv.az\/index.php?rest_route=\/wp\/v2\/media\/354859"}],"wp:attachment":[{"href":"https:\/\/arantv.az\/index.php?rest_route=%2Fwp%2Fv2%2Fmedia&parent=354858"}],"wp:term":[{"taxonomy":"category","embeddable":true,"href":"https:\/\/arantv.az\/index.php?rest_route=%2Fwp%2Fv2%2Fcategories&post=354858"},{"taxonomy":"post_tag","embeddable":true,"href":"https:\/\/arantv.az\/index.php?rest_route=%2Fwp%2Fv2%2Ftags&post=354858"}],"curies":[{"name":"wp","href":"https:\/\/api.w.org\/{rel}","templated":true}]}}