{"id":354861,"date":"2021-07-07T10:11:40","date_gmt":"2021-07-07T07:11:40","guid":{"rendered":"http:\/\/arantv.az\/?p=354861"},"modified":"2021-07-07T10:11:40","modified_gmt":"2021-07-07T07:11:40","slug":"almaniya-erm%c9%99nistana-ekoloji-terrorun-tor%c9%99dilm%c9%99sind%c9%99-d%c9%99st%c9%99k-verir","status":"publish","type":"post","link":"https:\/\/arantv.az\/?p=354861","title":{"rendered":"&#8220;Almaniya Erm\u0259nistana ekoloji terrorun t\u00f6r\u0259dilm\u0259sind\u0259 d\u0259st\u0259k verir&#8221;"},"content":{"rendered":"<p>Erm\u0259nistan\u0131n Az\u0259rbaycana qar\u015f\u0131 t\u00f6r\u0259tdiyi ekoloji terror davam etm\u0259kd\u0259dir. Ox\u00e7u\u00e7ay\u0131n Erm\u0259nistan t\u0259r\u0259find\u0259n m\u0259d\u0259n qaz\u0131nt\u0131lar\u0131n\u0131n emal\u0131 tullant\u0131lar\u0131 il\u0259 \u00e7irkl\u0259ndirilm\u0259si n\u0259tic\u0259sind\u0259 \u00e7ay\u0131n ke\u00e7diyi \u0259razil\u0259rd\u0259ki flora v\u0259 fauna m\u0259hv olmaqdad\u0131r. Almaniya da Erm\u0259nistana ekoloji terrorun t\u00f6r\u0259dilm\u0259sin\u0259 d\u0259st\u0259k verir.<\/p>\n<p><strong>ARANTV.AZ<\/strong>\u00a0 bildirir ki, bunu <a href=\"https:\/\/az.trend.az\/\" target=\"_blank\" rel=\"noopener\">Trend<\/a>-\u0259\u00a0Milli M\u0259clisin deputat\u0131 Az\u0259r Badamov deyib.<\/p>\n<p><img src=\"https:\/\/img.milli.az\/2021\/07\/07\/963014_000.jpg\" alt=\"\" \/><\/p>\n<p>A.Badamov bildirib ki, Ox\u00e7u\u00e7ay Araza birl\u0259\u015fdiyind\u0259n v\u0259 axd\u0131\u011f\u0131 son n\u00f6qt\u0259si X\u0259z\u0259r d\u0259nizi oldu\u011fundan n\u0259tic\u0259d\u0259 z\u0259h\u0259rl\u0259nmi\u015f \u00e7ay suyu X\u0259z\u0259rin d\u0259 \u00e7irkl\u0259nm\u0259sin\u0259 s\u0259b\u0259b olur:<\/p>\n<p>&#8220;Bu, Erm\u0259nistan\u0131n Az\u0259rbaycana, h\u0259m d\u0259 qlobal t\u0259bi\u0259t\u0259 qar\u015f\u0131 t\u00f6r\u0259tdiyi ekoloji terrorun davam\u0131d\u0131r. T\u0259bii ki, X\u0259z\u0259r ancaq Az\u0259rbaycan\u0131n d\u0259nizi deyil. Bu m\u0259s\u0259l\u0259 X\u0259z\u0259ryan\u0131 \u00f6lk\u0259l\u0259ri d\u0259 narahat etm\u0259lidir v\u0259 Erm\u0259nistana bu m\u0259s\u0259l\u0259d\u0259 t\u0259zyiq g\u00f6st\u0259rm\u0259lidirl\u0259r. Ekoloji terrorun davam etdirilm\u0259sind\u0259 Erm\u0259nistanda da\u011f-m\u0259d\u0259n i\u015fl\u0259rini h\u0259yata ke\u00e7ir\u0259n Almaniyan\u0131n &#8220;CRON\u0130MET Holding GmbH&#8221; \u015firk\u0259ti d\u0259 i\u015ftirak edir. Buradan q\u0259na\u0259t\u0259 g\u0259lm\u0259k olur ki, Almaniya da Erm\u0259nistana ekoloji terrorun t\u00f6r\u0259dilm\u0259sind\u0259 d\u0259st\u0259k verir.<\/p>\n<p>Almaniyaya m\u0259s\u0259l\u0259 il\u0259 ba\u011fl\u0131 d\u0259f\u0259l\u0259rl\u0259 m\u00fcraci\u0259t ets\u0259k d\u0259, Almaniya m\u0259s\u0259l\u0259y\u0259 laqeyd qalm\u0131\u015f, bu \u00f6lk\u0259nin &#8220;Ya\u015f\u0131llar&#8221; partiyas\u0131 is\u0259 \u00fcmumiyy\u0259tl\u0259 Az\u0259rbaycana ay\u0131rmaqlar\u0131na vaxtlar\u0131n\u0131n olmad\u0131\u011f\u0131n\u0131 bildirmi\u015fdi. Almaniya Avropan\u0131n m\u0259rk\u0259zind\u0259 yerl\u0259\u015fir v\u0259 h\u0259mi\u015f\u0259 ekologiyan\u0131n qorunmas\u0131n\u0131n car\u00e7\u0131s\u0131 kimi \u00e7\u0131x\u0131\u015f edib. Bu g\u00fcn d\u0259 Almaniyada ekologiyan\u0131n qorunmas\u0131na h\u0259sr olunmu\u015f k\u00fctl\u0259vi t\u0259dbirl\u0259r davam etm\u0259kd\u0259dir. Onda bel\u0259 n\u0259tic\u0259y\u0259 g\u0259lm\u0259k olar ki, almanlar\u0131n ekologiyan\u0131n qorunmas\u0131n\u0131n car\u00e7\u0131lar\u0131 kimi etdikl\u0259ri \u00e7\u0131x\u0131\u015flar\u0131 formal xarakter da\u015f\u0131y\u0131r v\u0259 \u00f6zl\u0259ri ekoloji terror t\u00f6r\u0259d\u0259n Erm\u0259nistana d\u0259st\u0259k verdiyi halda ba\u015fqalar\u0131ndan ekologiyan\u0131n qorunmas\u0131n\u0131 t\u0259l\u0259b etm\u0259l\u0259ri ba\u015fad\u00fc\u015f\u00fcl\u0259n deyil. Ekologiya s\u0259rh\u0259d tan\u0131m\u0131r. Ham\u0131m\u0131z\u0131n \u00fcmumi ya\u015fad\u0131\u011f\u0131m\u0131z bir balaca yer k\u00fcr\u0259miz var. Hans\u0131 \u00f6lk\u0259d\u0259 ekoloji terror t\u00f6r\u0259dilm\u0259sind\u0259n as\u0131ll\u0131 olmayaraq, ham\u0131 buna qar\u015f\u0131 \u00e7\u0131x\u0131\u015f etm\u0259li v\u0259 bel\u0259 bir hal\u0131n davaml\u0131 olmamas\u0131 \u00fc\u00e7\u00fcn t\u0259\u015f\u0259bb\u00fcs g\u00f6st\u0259rilm\u0259lidir&#8221;.<\/p>\n<p>Deputat vur\u011fulay\u0131b ki, \u00e7ox t\u0259\u0259ss\u00fcf ki, Almaniya medias\u0131 m\u00fcxt\u0259lif ill\u0259rd\u0259 Az\u0259rbaycana qar\u015f\u0131 Soros \u015f\u0259b\u0259k\u0259si t\u0259r\u0259find\u0259n t\u0259\u015fkil olunmu\u015f qarayaxma kampaniyas\u0131nda i\u015ftirak edib:<\/p>\n<p>&#8220;Soros \u015f\u0259b\u0259k\u0259si c\u0259miyy\u0259t\u0259 yax\u015f\u0131 he\u00e7 n\u0259 b\u0259x\u015f etm\u0259yib. Hans\u0131 \u00f6lk\u0259d\u0259 Sorosun d\u0259st\u0259yi il\u0259 hakimiyy\u0259t \u00e7evrili\u015fl\u0259ri h\u0259yata ke\u00e7irilibs\u0259, o \u00f6lk\u0259d\u0259 siyasi sabitlik b\u0259rpa olunmur, iqtisadiyyat\u0131 da\u011f\u0131l\u0131r v\u0259 \u00f6lk\u0259nin m\u00fcst\u0259qilliyi m\u0259hv\u0259 do\u011fru gedir. Bunu Erm\u0259nistanda Pa\u015finyan\u0131n hakimiyy\u0259t\u0259 g\u0259tirilm\u0259sind\u0259 d\u0259 m\u00fc\u015fahid\u0259 etmi\u015fik. Soros \u015f\u0259b\u0259k\u0259si zaman-zaman Az\u0259rbaycana qar\u015f\u0131 kampaniyalar apararaq \u00f6lk\u0259d\u0259 siyasi sabitliyin pozulmas\u0131na v\u0259 beyn\u0259lxalq imicinin a\u015fa\u011f\u0131 d\u00fc\u015fm\u0259sin\u0259 c\u0259hd ets\u0259 d\u0259, \u00f6z m\u0259qs\u0259din\u0259 \u00e7ata bilm\u0259yib. \u00c7\u00fcnki Az\u0259rbaycanda sars\u0131lmaz xalq-iqtidar birliyi m\u00f6vcuddur.<\/p>\n<p>Amma n\u0259 Alman medias\u0131, n\u0259 dig\u0259r medialar Almaniya \u015firk\u0259tinin d\u0259 i\u015ftirak\u0131 il\u0259 Erm\u0259nistan\u0131n Ox\u00e7u\u00e7ay\u0131n \u00e7irkl\u0259ndirilm\u0259si il\u0259 t\u00f6r\u0259tdiyi ekoloji terroru qabartm\u0131r, ictimail\u0259\u015fdirmir. \u00c7\u00fcnki, ekologiyan\u0131n qorumas\u0131 m\u0259s\u0259l\u0259l\u0259ri Soros \u015f\u0259b\u0259k\u0259sinin mara\u011f\u0131nda deyil&#8221;.<\/p>\n","protected":false},"excerpt":{"rendered":"<p>Erm\u0259nistan\u0131n Az\u0259rbaycana qar\u015f\u0131 t\u00f6r\u0259tdiyi ekoloji terror davam etm\u0259kd\u0259dir. Ox\u00e7u\u00e7ay\u0131n Erm\u0259nistan t\u0259r\u0259find\u0259n m\u0259d\u0259n qaz\u0131nt\u0131lar\u0131n\u0131n emal\u0131 tullant\u0131lar\u0131 il\u0259 \u00e7irkl\u0259ndirilm\u0259si n\u0259tic\u0259sind\u0259 \u00e7ay\u0131n ke\u00e7diyi \u0259razil\u0259rd\u0259ki flora v\u0259 fauna m\u0259hv olmaqdad\u0131r. Almaniya da Erm\u0259nistana ekoloji terrorun t\u00f6r\u0259dilm\u0259sin\u0259 d\u0259st\u0259k verir. ARANTV.AZ\u00a0 bildirir ki, bunu Trend-\u0259\u00a0Milli M\u0259clisin deputat\u0131 Az\u0259r Badamov deyib. A.Badamov bildirib ki, Ox\u00e7u\u00e7ay Araza birl\u0259\u015fdiyind\u0259n v\u0259 axd\u0131\u011f\u0131 son n\u00f6qt\u0259si X\u0259z\u0259r d\u0259nizi oldu\u011fundan n\u0259tic\u0259d\u0259 z\u0259h\u0259rl\u0259nmi\u015f \u00e7ay suyu X\u0259z\u0259rin d\u0259 \u00e7irkl\u0259nm\u0259sin\u0259 s\u0259b\u0259b olur: &#8220;Bu, Erm\u0259nistan\u0131n Az\u0259rbaycana, h\u0259m d\u0259 qlobal t\u0259bi\u0259t\u0259 qar\u015f\u0131 t\u00f6r\u0259tdiyi ekoloji terrorun davam\u0131d\u0131r. T\u0259bii ki, X\u0259z\u0259r ancaq Az\u0259rbaycan\u0131n d\u0259nizi deyil. Bu m\u0259s\u0259l\u0259 X\u0259z\u0259ryan\u0131 \u00f6lk\u0259l\u0259ri d\u0259&hellip;<\/p>\n","protected":false},"author":2,"featured_media":354862,"comment_status":"closed","ping_status":"closed","sticky":false,"template":"","format":"standard","meta":{"om_disable_all_campaigns":false,"_monsterinsights_skip_tracking":false,"_monsterinsights_sitenote_active":false,"_monsterinsights_sitenote_note":"","_monsterinsights_sitenote_category":0},"categories":[4],"tags":[],"aioseo_notices":[],"gutentor_comment":0,"rttpg_featured_image_url":{"full":["https:\/\/arantv.az\/wp-content\/uploads\/2021\/07\/963014.jpg",800,600,false],"landscape":["https:\/\/arantv.az\/wp-content\/uploads\/2021\/07\/963014.jpg",800,600,false],"portraits":["https:\/\/arantv.az\/wp-content\/uploads\/2021\/07\/963014.jpg",800,600,false],"thumbnail":["https:\/\/arantv.az\/wp-content\/uploads\/2021\/07\/963014-500x280.jpg",500,280,true],"medium":["https:\/\/arantv.az\/wp-content\/uploads\/2021\/07\/963014-487x365.jpg",487,365,true],"large":["https:\/\/arantv.az\/wp-content\/uploads\/2021\/07\/963014.jpg",640,480,false],"1536x1536":["https:\/\/arantv.az\/wp-content\/uploads\/2021\/07\/963014.jpg",800,600,false],"2048x2048":["https:\/\/arantv.az\/wp-content\/uploads\/2021\/07\/963014.jpg",800,600,false],"post-thumbnail":["https:\/\/arantv.az\/wp-content\/uploads\/2021\/07\/963014-240x172.jpg",240,172,true],"advps-thumb-one":["https:\/\/arantv.az\/wp-content\/uploads\/2021\/07\/963014.jpg",800,600,false]},"rttpg_author":{"display_name":"V\u00fcsal Rafiqo\u011flu","author_link":"https:\/\/arantv.az\/?author=2"},"rttpg_comment":0,"rttpg_category":"<a href=\"https:\/\/arantv.az\/?cat=4\" rel=\"category\">Siyas\u0259t<\/a>","rttpg_excerpt":"Erm\u0259nistan\u0131n Az\u0259rbaycana qar\u015f\u0131 t\u00f6r\u0259tdiyi ekoloji terror davam etm\u0259kd\u0259dir. Ox\u00e7u\u00e7ay\u0131n Erm\u0259nistan t\u0259r\u0259find\u0259n m\u0259d\u0259n qaz\u0131nt\u0131lar\u0131n\u0131n emal\u0131 tullant\u0131lar\u0131 il\u0259 \u00e7irkl\u0259ndirilm\u0259si n\u0259tic\u0259sind\u0259 \u00e7ay\u0131n ke\u00e7diyi \u0259razil\u0259rd\u0259ki flora v\u0259 fauna m\u0259hv olmaqdad\u0131r. Almaniya da Erm\u0259nistana ekoloji terrorun t\u00f6r\u0259dilm\u0259sin\u0259 d\u0259st\u0259k verir. ARANTV.AZ\u00a0 bildirir ki, bunu Trend-\u0259\u00a0Milli M\u0259clisin deputat\u0131 Az\u0259r Badamov deyib. A.Badamov bildirib ki, Ox\u00e7u\u00e7ay Araza birl\u0259\u015fdiyind\u0259n v\u0259 axd\u0131\u011f\u0131 son n\u00f6qt\u0259si X\u0259z\u0259r&hellip;","_links":{"self":[{"href":"https:\/\/arantv.az\/index.php?rest_route=\/wp\/v2\/posts\/354861"}],"collection":[{"href":"https:\/\/arantv.az\/index.php?rest_route=\/wp\/v2\/posts"}],"about":[{"href":"https:\/\/arantv.az\/index.php?rest_route=\/wp\/v2\/types\/post"}],"author":[{"embeddable":true,"href":"https:\/\/arantv.az\/index.php?rest_route=\/wp\/v2\/users\/2"}],"replies":[{"embeddable":true,"href":"https:\/\/arantv.az\/index.php?rest_route=%2Fwp%2Fv2%2Fcomments&post=354861"}],"version-history":[{"count":0,"href":"https:\/\/arantv.az\/index.php?rest_route=\/wp\/v2\/posts\/354861\/revisions"}],"wp:featuredmedia":[{"embeddable":true,"href":"https:\/\/arantv.az\/index.php?rest_route=\/wp\/v2\/media\/354862"}],"wp:attachment":[{"href":"https:\/\/arantv.az\/index.php?rest_route=%2Fwp%2Fv2%2Fmedia&parent=354861"}],"wp:term":[{"taxonomy":"category","embeddable":true,"href":"https:\/\/arantv.az\/index.php?rest_route=%2Fwp%2Fv2%2Fcategories&post=354861"},{"taxonomy":"post_tag","embeddable":true,"href":"https:\/\/arantv.az\/index.php?rest_route=%2Fwp%2Fv2%2Ftags&post=354861"}],"curies":[{"name":"wp","href":"https:\/\/api.w.org\/{rel}","templated":true}]}}