{"id":354880,"date":"2021-07-07T10:18:03","date_gmt":"2021-07-07T07:18:03","guid":{"rendered":"http:\/\/arantv.az\/?p=354880"},"modified":"2021-07-07T10:18:03","modified_gmt":"2021-07-07T07:18:03","slug":"avropa-insan-huquqlari-m%c9%99hk%c9%99m%c9%99si-az%c9%99rbaycanin-xeyirin%c9%99-erm%c9%99nistani-r%c9%99dd-etdi","status":"publish","type":"post","link":"https:\/\/arantv.az\/?p=354880","title":{"rendered":"Avropa \u0130nsan H\u00fcquqlar\u0131 M\u0259hk\u0259m\u0259si Az\u0259rbaycan\u0131n xeyirin\u0259 Erm\u0259nistan\u0131 r\u0259dd etdi"},"content":{"rendered":"<p>Avropa \u0130nsan H\u00fcquqlar\u0131 M\u0259hk\u0259m\u0259si (A\u0130HM) Az\u0259rbaycan\u0131n erm\u0259ni h\u0259rbi-t\u0259xribat\u00e7\u0131lar\u0131n\u0131n m\u0259hk\u0259m\u0259l\u0259rini dayand\u0131rmas\u0131 v\u0259 i\u015fin b\u00fct\u00fcn materiallar\u0131n\u0131 t\u0259min etm\u0259si \u00fc\u00e7\u00fcn Erm\u0259nistan\u0131n verdiyi v\u0259sat\u0259ti r\u0259dd edib.<\/p>\n<p>Erm\u0259nistan K\u0130V x\u0259b\u0259r verir ki, bu bar\u0259d\u0259 Erm\u0259nistan\u0131n Avropa \u0130nsan H\u00fcquqlar\u0131 M\u0259hk\u0259m\u0259sind\u0259ki n\u00fcmay\u0259nd\u0259si Yegi\u015fe Kirakosyan deyib.<\/p>\n<p>Qeyd ed\u0259k ki, v\u0259sat\u0259t A\u0130HM-\u0259 30 iyun tarixind\u0259 verilib, lakin 2 iyul tarixind\u0259 m\u0259hk\u0259m\u0259 m\u0259nfi q\u0259rar \u00e7\u0131xar\u0131b. Az\u0259rbaycana qar\u015f\u0131 \u015fikay\u0259t 1 fevral 2021-ci ild\u0259 verilib.<\/p>\n","protected":false},"excerpt":{"rendered":"<p>Avropa \u0130nsan H\u00fcquqlar\u0131 M\u0259hk\u0259m\u0259si (A\u0130HM) Az\u0259rbaycan\u0131n erm\u0259ni h\u0259rbi-t\u0259xribat\u00e7\u0131lar\u0131n\u0131n m\u0259hk\u0259m\u0259l\u0259rini dayand\u0131rmas\u0131 v\u0259 i\u015fin b\u00fct\u00fcn materiallar\u0131n\u0131 t\u0259min etm\u0259si \u00fc\u00e7\u00fcn Erm\u0259nistan\u0131n verdiyi v\u0259sat\u0259ti r\u0259dd edib. Erm\u0259nistan K\u0130V x\u0259b\u0259r verir ki, bu bar\u0259d\u0259 Erm\u0259nistan\u0131n Avropa \u0130nsan H\u00fcquqlar\u0131 M\u0259hk\u0259m\u0259sind\u0259ki n\u00fcmay\u0259nd\u0259si Yegi\u015fe Kirakosyan deyib. Qeyd ed\u0259k ki, v\u0259sat\u0259t A\u0130HM-\u0259 30 iyun tarixind\u0259 verilib, lakin 2 iyul tarixind\u0259 m\u0259hk\u0259m\u0259 m\u0259nfi q\u0259rar \u00e7\u0131xar\u0131b. Az\u0259rbaycana qar\u015f\u0131 \u015fikay\u0259t 1 fevral 2021-ci ild\u0259 verilib.<\/p>\n","protected":false},"author":2,"featured_media":354881,"comment_status":"closed","ping_status":"closed","sticky":false,"template":"","format":"standard","meta":{"om_disable_all_campaigns":false,"_monsterinsights_skip_tracking":false,"_monsterinsights_sitenote_active":false,"_monsterinsights_sitenote_note":"","_monsterinsights_sitenote_category":0},"categories":[4],"tags":[],"aioseo_notices":[],"gutentor_comment":0,"rttpg_featured_image_url":{"full":["https:\/\/arantv.az\/wp-content\/uploads\/2021\/07\/55201A8E-A1A0-4AE7-894C-978184318D99.jpg",620,326,false],"landscape":["https:\/\/arantv.az\/wp-content\/uploads\/2021\/07\/55201A8E-A1A0-4AE7-894C-978184318D99.jpg",620,326,false],"portraits":["https:\/\/arantv.az\/wp-content\/uploads\/2021\/07\/55201A8E-A1A0-4AE7-894C-978184318D99.jpg",620,326,false],"thumbnail":["https:\/\/arantv.az\/wp-content\/uploads\/2021\/07\/55201A8E-A1A0-4AE7-894C-978184318D99-500x280.jpg",500,280,true],"medium":["https:\/\/arantv.az\/wp-content\/uploads\/2021\/07\/55201A8E-A1A0-4AE7-894C-978184318D99.jpg",620,326,false],"large":["https:\/\/arantv.az\/wp-content\/uploads\/2021\/07\/55201A8E-A1A0-4AE7-894C-978184318D99.jpg",620,326,false],"1536x1536":["https:\/\/arantv.az\/wp-content\/uploads\/2021\/07\/55201A8E-A1A0-4AE7-894C-978184318D99.jpg",620,326,false],"2048x2048":["https:\/\/arantv.az\/wp-content\/uploads\/2021\/07\/55201A8E-A1A0-4AE7-894C-978184318D99.jpg",620,326,false],"post-thumbnail":["https:\/\/arantv.az\/wp-content\/uploads\/2021\/07\/55201A8E-A1A0-4AE7-894C-978184318D99-240x172.jpg",240,172,true],"advps-thumb-one":["https:\/\/arantv.az\/wp-content\/uploads\/2021\/07\/55201A8E-A1A0-4AE7-894C-978184318D99.jpg",620,326,false]},"rttpg_author":{"display_name":"V\u00fcsal Rafiqo\u011flu","author_link":"https:\/\/arantv.az\/?author=2"},"rttpg_comment":0,"rttpg_category":"<a href=\"https:\/\/arantv.az\/?cat=4\" rel=\"category\">Siyas\u0259t<\/a>","rttpg_excerpt":"Avropa \u0130nsan H\u00fcquqlar\u0131 M\u0259hk\u0259m\u0259si (A\u0130HM) Az\u0259rbaycan\u0131n erm\u0259ni h\u0259rbi-t\u0259xribat\u00e7\u0131lar\u0131n\u0131n m\u0259hk\u0259m\u0259l\u0259rini dayand\u0131rmas\u0131 v\u0259 i\u015fin b\u00fct\u00fcn materiallar\u0131n\u0131 t\u0259min etm\u0259si \u00fc\u00e7\u00fcn Erm\u0259nistan\u0131n verdiyi v\u0259sat\u0259ti r\u0259dd edib. Erm\u0259nistan K\u0130V x\u0259b\u0259r verir ki, bu bar\u0259d\u0259 Erm\u0259nistan\u0131n Avropa \u0130nsan H\u00fcquqlar\u0131 M\u0259hk\u0259m\u0259sind\u0259ki n\u00fcmay\u0259nd\u0259si Yegi\u015fe Kirakosyan deyib. Qeyd ed\u0259k ki, v\u0259sat\u0259t A\u0130HM-\u0259 30 iyun tarixind\u0259 verilib, lakin 2 iyul tarixind\u0259 m\u0259hk\u0259m\u0259 m\u0259nfi q\u0259rar \u00e7\u0131xar\u0131b.&hellip;","_links":{"self":[{"href":"https:\/\/arantv.az\/index.php?rest_route=\/wp\/v2\/posts\/354880"}],"collection":[{"href":"https:\/\/arantv.az\/index.php?rest_route=\/wp\/v2\/posts"}],"about":[{"href":"https:\/\/arantv.az\/index.php?rest_route=\/wp\/v2\/types\/post"}],"author":[{"embeddable":true,"href":"https:\/\/arantv.az\/index.php?rest_route=\/wp\/v2\/users\/2"}],"replies":[{"embeddable":true,"href":"https:\/\/arantv.az\/index.php?rest_route=%2Fwp%2Fv2%2Fcomments&post=354880"}],"version-history":[{"count":0,"href":"https:\/\/arantv.az\/index.php?rest_route=\/wp\/v2\/posts\/354880\/revisions"}],"wp:featuredmedia":[{"embeddable":true,"href":"https:\/\/arantv.az\/index.php?rest_route=\/wp\/v2\/media\/354881"}],"wp:attachment":[{"href":"https:\/\/arantv.az\/index.php?rest_route=%2Fwp%2Fv2%2Fmedia&parent=354880"}],"wp:term":[{"taxonomy":"category","embeddable":true,"href":"https:\/\/arantv.az\/index.php?rest_route=%2Fwp%2Fv2%2Fcategories&post=354880"},{"taxonomy":"post_tag","embeddable":true,"href":"https:\/\/arantv.az\/index.php?rest_route=%2Fwp%2Fv2%2Ftags&post=354880"}],"curies":[{"name":"wp","href":"https:\/\/api.w.org\/{rel}","templated":true}]}}