{"id":354889,"date":"2021-07-07T10:42:38","date_gmt":"2021-07-07T07:42:38","guid":{"rendered":"http:\/\/arantv.az\/?p=354889"},"modified":"2021-07-07T10:42:38","modified_gmt":"2021-07-07T07:42:38","slug":"k%c9%99lb%c9%99c%c9%99r-daglarinda-ayi-video","status":"publish","type":"post","link":"https:\/\/arantv.az\/?p=354889","title":{"rendered":"K\u0259lb\u0259c\u0259r da\u011flar\u0131nda ay\u0131 &#8211; V\u0130DEO"},"content":{"rendered":"<p>\u0130\u015f\u011faldan azad olunan K\u0259lb\u0259c\u0259r rayonundan maraql\u0131 g\u00f6r\u00fcnt\u00fcl\u0259r yay\u0131l\u0131b.<\/p>\n<p><strong>ARANTV.AZ<\/strong>\u00a0 Lent.az-a istinad\u0259n <a title=\"xeberler son xeberler 2021\" href=\"https:\/\/big.az\/\" target=\"_blank\" rel=\"noopener\">x\u0259b\u0259r<\/a>\u00a0verir ki, K\u0259lb\u0259c\u0259r da\u011flar\u0131nda ay\u0131lar\u0131n g\u00f6r\u00fcnt\u00fcl\u0259ri sosial \u015f\u0259b\u0259k\u0259d\u0259 izl\u0259yicil\u0259rin b\u00f6y\u00fck mara\u011f\u0131na s\u0259b\u0259b olub.<\/p>\n<div id=\"AdviadNativeVideo0\" class=\"AdviadNativeVideo\"><\/div>\n<p>Qeyd ed\u0259k ki, rayon \u0259razisind\u0259 da\u011f ke\u00e7isi, c\u00fcy\u00fcr, qonur ay\u0131, \u00e7\u00f6l donuzu, da\u015fl\u0131q d\u0259l\u0259si, ular, to\u011flug\u00f6t\u00fcr\u0259n, qartal \u0259sas heyvan v\u0259 qu\u015f n\u00f6vl\u0259ridir.<\/p>\n<p>S\u00f6z\u00fcged\u0259n kadrlar\u0131 t\u0259qdim edirik:<\/p>\n<div class=\"embed-responsive embed-responsive-16by9\"><iframe loading=\"lazy\" id=\"nmqembedid\" class=\"embed-responsive-item\" title=\"video player\" src=\"https:\/\/izle.az\/embed\/DcYxAoAgCADAFwWSOvgcIZgQHWzx9XXTIcocY8Z63c8MBb7kCQjd6Bob-kG2zFWKkVVKpSoL_Umc203djGCs8gE~\" width=\"600\" height=\"340\" frameborder=\"0\" scrolling=\"no\" allowfullscreen=\"allowfullscreen\" data-mce-fragment=\"1\"><\/iframe><\/div>\n","protected":false},"excerpt":{"rendered":"<p>\u0130\u015f\u011faldan azad olunan K\u0259lb\u0259c\u0259r rayonundan maraql\u0131 g\u00f6r\u00fcnt\u00fcl\u0259r yay\u0131l\u0131b. ARANTV.AZ\u00a0 Lent.az-a istinad\u0259n x\u0259b\u0259r\u00a0verir ki, K\u0259lb\u0259c\u0259r da\u011flar\u0131nda ay\u0131lar\u0131n g\u00f6r\u00fcnt\u00fcl\u0259ri sosial \u015f\u0259b\u0259k\u0259d\u0259 izl\u0259yicil\u0259rin b\u00f6y\u00fck mara\u011f\u0131na s\u0259b\u0259b olub. Qeyd ed\u0259k ki, rayon \u0259razisind\u0259 da\u011f ke\u00e7isi, c\u00fcy\u00fcr, qonur ay\u0131, \u00e7\u00f6l donuzu, da\u015fl\u0131q d\u0259l\u0259si, ular, to\u011flug\u00f6t\u00fcr\u0259n, qartal \u0259sas heyvan v\u0259 qu\u015f n\u00f6vl\u0259ridir. S\u00f6z\u00fcged\u0259n kadrlar\u0131 t\u0259qdim edirik:<\/p>\n","protected":false},"author":2,"featured_media":354890,"comment_status":"closed","ping_status":"closed","sticky":false,"template":"","format":"standard","meta":{"om_disable_all_campaigns":false,"_monsterinsights_skip_tracking":false,"_monsterinsights_sitenote_active":false,"_monsterinsights_sitenote_note":"","_monsterinsights_sitenote_category":0},"categories":[26],"tags":[],"aioseo_notices":[],"gutentor_comment":0,"rttpg_featured_image_url":{"full":["https:\/\/arantv.az\/wp-content\/uploads\/2021\/07\/kel_91625642693.jpg",549,366,false],"landscape":["https:\/\/arantv.az\/wp-content\/uploads\/2021\/07\/kel_91625642693.jpg",549,366,false],"portraits":["https:\/\/arantv.az\/wp-content\/uploads\/2021\/07\/kel_91625642693.jpg",549,366,false],"thumbnail":["https:\/\/arantv.az\/wp-content\/uploads\/2021\/07\/kel_91625642693-500x280.jpg",500,280,true],"medium":["https:\/\/arantv.az\/wp-content\/uploads\/2021\/07\/kel_91625642693.jpg",548,365,false],"large":["https:\/\/arantv.az\/wp-content\/uploads\/2021\/07\/kel_91625642693.jpg",549,366,false],"1536x1536":["https:\/\/arantv.az\/wp-content\/uploads\/2021\/07\/kel_91625642693.jpg",549,366,false],"2048x2048":["https:\/\/arantv.az\/wp-content\/uploads\/2021\/07\/kel_91625642693.jpg",549,366,false],"post-thumbnail":["https:\/\/arantv.az\/wp-content\/uploads\/2021\/07\/kel_91625642693-240x172.jpg",240,172,true],"advps-thumb-one":["https:\/\/arantv.az\/wp-content\/uploads\/2021\/07\/kel_91625642693.jpg",549,366,false]},"rttpg_author":{"display_name":"V\u00fcsal Rafiqo\u011flu","author_link":"https:\/\/arantv.az\/?author=2"},"rttpg_comment":0,"rttpg_category":"<a href=\"https:\/\/arantv.az\/?cat=26\" rel=\"category\">Sosial<\/a>","rttpg_excerpt":"\u0130\u015f\u011faldan azad olunan K\u0259lb\u0259c\u0259r rayonundan maraql\u0131 g\u00f6r\u00fcnt\u00fcl\u0259r yay\u0131l\u0131b. ARANTV.AZ\u00a0 Lent.az-a istinad\u0259n x\u0259b\u0259r\u00a0verir ki, K\u0259lb\u0259c\u0259r da\u011flar\u0131nda ay\u0131lar\u0131n g\u00f6r\u00fcnt\u00fcl\u0259ri sosial \u015f\u0259b\u0259k\u0259d\u0259 izl\u0259yicil\u0259rin b\u00f6y\u00fck mara\u011f\u0131na s\u0259b\u0259b olub. Qeyd ed\u0259k ki, rayon \u0259razisind\u0259 da\u011f ke\u00e7isi, c\u00fcy\u00fcr, qonur ay\u0131, \u00e7\u00f6l donuzu, da\u015fl\u0131q d\u0259l\u0259si, ular, to\u011flug\u00f6t\u00fcr\u0259n, qartal \u0259sas heyvan v\u0259 qu\u015f n\u00f6vl\u0259ridir. S\u00f6z\u00fcged\u0259n kadrlar\u0131 t\u0259qdim edirik:","_links":{"self":[{"href":"https:\/\/arantv.az\/index.php?rest_route=\/wp\/v2\/posts\/354889"}],"collection":[{"href":"https:\/\/arantv.az\/index.php?rest_route=\/wp\/v2\/posts"}],"about":[{"href":"https:\/\/arantv.az\/index.php?rest_route=\/wp\/v2\/types\/post"}],"author":[{"embeddable":true,"href":"https:\/\/arantv.az\/index.php?rest_route=\/wp\/v2\/users\/2"}],"replies":[{"embeddable":true,"href":"https:\/\/arantv.az\/index.php?rest_route=%2Fwp%2Fv2%2Fcomments&post=354889"}],"version-history":[{"count":0,"href":"https:\/\/arantv.az\/index.php?rest_route=\/wp\/v2\/posts\/354889\/revisions"}],"wp:featuredmedia":[{"embeddable":true,"href":"https:\/\/arantv.az\/index.php?rest_route=\/wp\/v2\/media\/354890"}],"wp:attachment":[{"href":"https:\/\/arantv.az\/index.php?rest_route=%2Fwp%2Fv2%2Fmedia&parent=354889"}],"wp:term":[{"taxonomy":"category","embeddable":true,"href":"https:\/\/arantv.az\/index.php?rest_route=%2Fwp%2Fv2%2Fcategories&post=354889"},{"taxonomy":"post_tag","embeddable":true,"href":"https:\/\/arantv.az\/index.php?rest_route=%2Fwp%2Fv2%2Ftags&post=354889"}],"curies":[{"name":"wp","href":"https:\/\/api.w.org\/{rel}","templated":true}]}}