{"id":354895,"date":"2021-07-07T10:49:10","date_gmt":"2021-07-07T07:49:10","guid":{"rendered":"http:\/\/arantv.az\/?p=354895"},"modified":"2021-07-07T10:49:10","modified_gmt":"2021-07-07T07:49:10","slug":"pakistan-az%c9%99rbaycan-iqtisadi-%c9%99m%c9%99kdasliq-palatasi-f%c9%99aliyy%c9%99t%c9%99-baslayib","status":"publish","type":"post","link":"https:\/\/arantv.az\/?p=354895","title":{"rendered":"Pakistan-Az\u0259rbaycan \u0130qtisadi \u018fm\u0259kda\u015fl\u0131q Palatas\u0131 f\u0259aliyy\u0259t\u0259 ba\u015flay\u0131b"},"content":{"rendered":"<p>Pakistan-Az\u0259rbaycan \u0130qtisadi \u018fm\u0259kda\u015fl\u0131q Palatas\u0131 f\u0259aliyy\u0259t\u0259 ba\u015flay\u0131b.<\/p>\n<p><strong>ARANTV.AZ<\/strong>\u00a0 <a href=\"https:\/\/az.trend.az\/\" target=\"_blank\" rel=\"noopener\">Trend<\/a>-\u0259 istinad\u0259n bildirir ki,\u00a0bu g\u00fcn palatan\u0131n t\u0259qdimat m\u0259rasimi ke\u00e7irilib.<\/p>\n<p>T\u0259dbird\u0259 Pakistan v\u0259 Az\u0259rbaycan t\u0259r\u0259find\u0259n d\u00f6vl\u0259t r\u0259smil\u0259ri i\u015ftirak edib.<\/p>\n<p>M\u0259rasimd\u0259 \u00e7\u0131x\u0131\u015f ed\u0259n palatan\u0131n \u0130dar\u0259 hey\u0259tinin s\u0259dri Az\u0259r \u018fkb\u0259rov bildirib ki, Az\u0259rbaycanla Pakistan aras\u0131nda tarixi \u0259laq\u0259l\u0259r m\u00f6vcuddur v\u0259 bu \u0259laq\u0259l\u0259r daim inki\u015faf edir. O bildirib ki, Palatan\u0131n f\u0259aliyy\u0259t\u0259 ba\u015flamas\u0131 iki \u00f6lk\u0259 aras\u0131nda iqtisadi \u0259laq\u0259l\u0259rin inki\u015faf etdirilm\u0259si \u00fc\u00e7\u00fcn yeni imkanlar a\u00e7acaq.<\/p>\n<p>Daha sonra \u00e7\u0131x\u0131\u015f ed\u0259n palatan\u0131n prezidenti Xurram Bhati bildirib ki, Az\u0259rbaycan v\u0259 Pakistan aras\u0131nda iqisadi \u0259m\u0259kda\u015fl\u0131\u011f\u0131n v\u0259 qar\u015f\u0131l\u0131ql\u0131 investisiyalar\u0131n art\u0131r\u0131lmas\u0131 \u00fc\u00e7\u00fcn b\u00f6y\u00fck potensial var: &#8220;Eyni zamanda iki \u00f6lk\u0259 aras\u0131nda ticar\u0259t d\u00f6vriyy\u0259sinin art\u0131r\u0131lmas\u0131 m\u00fcmk\u00fcnd\u00fcr. Biz bu \u0259m\u0259kda\u015fl\u0131\u011f\u0131n, iqtisadi \u0259laq\u0259l\u0259rin genil\u0259ndirilm\u0259si yollar\u0131n\u0131 tapmal\u0131y\u0131q. Bu palat\u0131n\u0131n yarad\u0131lmas\u0131 iqtisadi \u0259laq\u0259l\u0259rin inki\u015faf\u0131na b\u00f6y\u00fck d\u0259st\u0259k olacaq&#8221;.<\/p>\n","protected":false},"excerpt":{"rendered":"<p>Pakistan-Az\u0259rbaycan \u0130qtisadi \u018fm\u0259kda\u015fl\u0131q Palatas\u0131 f\u0259aliyy\u0259t\u0259 ba\u015flay\u0131b. ARANTV.AZ\u00a0 Trend-\u0259 istinad\u0259n bildirir ki,\u00a0bu g\u00fcn palatan\u0131n t\u0259qdimat m\u0259rasimi ke\u00e7irilib. T\u0259dbird\u0259 Pakistan v\u0259 Az\u0259rbaycan t\u0259r\u0259find\u0259n d\u00f6vl\u0259t r\u0259smil\u0259ri i\u015ftirak edib. M\u0259rasimd\u0259 \u00e7\u0131x\u0131\u015f ed\u0259n palatan\u0131n \u0130dar\u0259 hey\u0259tinin s\u0259dri Az\u0259r \u018fkb\u0259rov bildirib ki, Az\u0259rbaycanla Pakistan aras\u0131nda tarixi \u0259laq\u0259l\u0259r m\u00f6vcuddur v\u0259 bu \u0259laq\u0259l\u0259r daim inki\u015faf edir. O bildirib ki, Palatan\u0131n f\u0259aliyy\u0259t\u0259 ba\u015flamas\u0131 iki \u00f6lk\u0259 aras\u0131nda iqtisadi \u0259laq\u0259l\u0259rin inki\u015faf etdirilm\u0259si \u00fc\u00e7\u00fcn yeni imkanlar a\u00e7acaq. Daha sonra \u00e7\u0131x\u0131\u015f ed\u0259n palatan\u0131n prezidenti Xurram Bhati bildirib ki, Az\u0259rbaycan v\u0259 Pakistan aras\u0131nda iqisadi \u0259m\u0259kda\u015fl\u0131\u011f\u0131n v\u0259 qar\u015f\u0131l\u0131ql\u0131 investisiyalar\u0131n art\u0131r\u0131lmas\u0131 \u00fc\u00e7\u00fcn b\u00f6y\u00fck potensial var: &#8220;Eyni&hellip;<\/p>\n","protected":false},"author":2,"featured_media":354896,"comment_status":"closed","ping_status":"closed","sticky":false,"template":"","format":"standard","meta":{"om_disable_all_campaigns":false,"_monsterinsights_skip_tracking":false,"_monsterinsights_sitenote_active":false,"_monsterinsights_sitenote_note":"","_monsterinsights_sitenote_category":0},"categories":[19],"tags":[],"aioseo_notices":[],"gutentor_comment":0,"rttpg_featured_image_url":{"full":["https:\/\/arantv.az\/wp-content\/uploads\/2021\/07\/963052.jpg",800,600,false],"landscape":["https:\/\/arantv.az\/wp-content\/uploads\/2021\/07\/963052.jpg",800,600,false],"portraits":["https:\/\/arantv.az\/wp-content\/uploads\/2021\/07\/963052.jpg",800,600,false],"thumbnail":["https:\/\/arantv.az\/wp-content\/uploads\/2021\/07\/963052-500x280.jpg",500,280,true],"medium":["https:\/\/arantv.az\/wp-content\/uploads\/2021\/07\/963052-487x365.jpg",487,365,true],"large":["https:\/\/arantv.az\/wp-content\/uploads\/2021\/07\/963052.jpg",640,480,false],"1536x1536":["https:\/\/arantv.az\/wp-content\/uploads\/2021\/07\/963052.jpg",800,600,false],"2048x2048":["https:\/\/arantv.az\/wp-content\/uploads\/2021\/07\/963052.jpg",800,600,false],"post-thumbnail":["https:\/\/arantv.az\/wp-content\/uploads\/2021\/07\/963052-240x172.jpg",240,172,true],"advps-thumb-one":["https:\/\/arantv.az\/wp-content\/uploads\/2021\/07\/963052.jpg",800,600,false]},"rttpg_author":{"display_name":"V\u00fcsal Rafiqo\u011flu","author_link":"https:\/\/arantv.az\/?author=2"},"rttpg_comment":0,"rttpg_category":"<a href=\"https:\/\/arantv.az\/?cat=19\" rel=\"category\">G\u00fcnd\u0259m<\/a>","rttpg_excerpt":"Pakistan-Az\u0259rbaycan \u0130qtisadi \u018fm\u0259kda\u015fl\u0131q Palatas\u0131 f\u0259aliyy\u0259t\u0259 ba\u015flay\u0131b. ARANTV.AZ\u00a0 Trend-\u0259 istinad\u0259n bildirir ki,\u00a0bu g\u00fcn palatan\u0131n t\u0259qdimat m\u0259rasimi ke\u00e7irilib. T\u0259dbird\u0259 Pakistan v\u0259 Az\u0259rbaycan t\u0259r\u0259find\u0259n d\u00f6vl\u0259t r\u0259smil\u0259ri i\u015ftirak edib. M\u0259rasimd\u0259 \u00e7\u0131x\u0131\u015f ed\u0259n palatan\u0131n \u0130dar\u0259 hey\u0259tinin s\u0259dri Az\u0259r \u018fkb\u0259rov bildirib ki, Az\u0259rbaycanla Pakistan aras\u0131nda tarixi \u0259laq\u0259l\u0259r m\u00f6vcuddur v\u0259 bu \u0259laq\u0259l\u0259r daim inki\u015faf edir. O bildirib ki, Palatan\u0131n f\u0259aliyy\u0259t\u0259 ba\u015flamas\u0131 iki&hellip;","_links":{"self":[{"href":"https:\/\/arantv.az\/index.php?rest_route=\/wp\/v2\/posts\/354895"}],"collection":[{"href":"https:\/\/arantv.az\/index.php?rest_route=\/wp\/v2\/posts"}],"about":[{"href":"https:\/\/arantv.az\/index.php?rest_route=\/wp\/v2\/types\/post"}],"author":[{"embeddable":true,"href":"https:\/\/arantv.az\/index.php?rest_route=\/wp\/v2\/users\/2"}],"replies":[{"embeddable":true,"href":"https:\/\/arantv.az\/index.php?rest_route=%2Fwp%2Fv2%2Fcomments&post=354895"}],"version-history":[{"count":0,"href":"https:\/\/arantv.az\/index.php?rest_route=\/wp\/v2\/posts\/354895\/revisions"}],"wp:featuredmedia":[{"embeddable":true,"href":"https:\/\/arantv.az\/index.php?rest_route=\/wp\/v2\/media\/354896"}],"wp:attachment":[{"href":"https:\/\/arantv.az\/index.php?rest_route=%2Fwp%2Fv2%2Fmedia&parent=354895"}],"wp:term":[{"taxonomy":"category","embeddable":true,"href":"https:\/\/arantv.az\/index.php?rest_route=%2Fwp%2Fv2%2Fcategories&post=354895"},{"taxonomy":"post_tag","embeddable":true,"href":"https:\/\/arantv.az\/index.php?rest_route=%2Fwp%2Fv2%2Ftags&post=354895"}],"curies":[{"name":"wp","href":"https:\/\/api.w.org\/{rel}","templated":true}]}}