{"id":354898,"date":"2021-07-07T10:50:05","date_gmt":"2021-07-07T07:50:05","guid":{"rendered":"http:\/\/arantv.az\/?p=354898"},"modified":"2021-07-07T10:50:05","modified_gmt":"2021-07-07T07:50:05","slug":"pakistan-sirk%c9%99tl%c9%99rinin-qarabaga-investisiya-qoymaq-potensiali-var-s%c9%99fir","status":"publish","type":"post","link":"https:\/\/arantv.az\/?p=354898","title":{"rendered":"Pakistan \u015firk\u0259tl\u0259rinin Qaraba\u011fa investisiya qoymaq potensial\u0131 var &#8211; S\u0259fir"},"content":{"rendered":"<p>Pakistan \u015firk\u0259tl\u0259rinin Az\u0259rbaycan\u0131n i\u015f\u011faldan azad edilmi\u015f \u0259razil\u0259rin\u0259 investisiya qoymaq potensial\u0131 var.<\/p>\n<p><strong>ARANTV.AZ\u00a0<\/strong> <a href=\"https:\/\/az.trend.az\/\" target=\"_blank\" rel=\"noopener\">Trend<\/a>-\u0259 istinad\u0259n bildirir ki,\u00a0bunu Pakistan\u0131n Az\u0259rbaycandak\u0131 s\u0259firi Bilal Haye jurnalistl\u0259r\u0259 a\u00e7\u0131qlamas\u0131nda deyib.<\/p>\n<p>S\u0259fir bildirib ki, Pakistan \u015firk\u0259tl\u0259rinin i\u015f\u011faldan azad edilmi\u015f \u0259razil\u0259r\u0259 investisiya qoymas\u0131 arzuolunand\u0131r: &#8220;Az\u0259rbaycan r\u0259smi qaydada dost \u00f6lk\u0259l\u0259rin \u015firk\u0259tl\u0259rini i\u015f\u011faldan azad edilmi\u015f \u0259razil\u0259r\u0259 investisiya qoyma\u011fa d\u0259v\u0259t etdi. Biz ist\u0259rdik ki, Pakistan \u015firk\u0259tl\u0259ri bu \u0259razil\u0259r\u0259 investisiya qoyan, b\u0259rpa v\u0259 yenid\u0259nqurma i\u015ftirak ed\u0259n \u015firk\u0259tl\u0259r aras\u0131nda \u00f6nd\u0259 olsun&#8221;.<\/p>\n","protected":false},"excerpt":{"rendered":"<p>Pakistan \u015firk\u0259tl\u0259rinin Az\u0259rbaycan\u0131n i\u015f\u011faldan azad edilmi\u015f \u0259razil\u0259rin\u0259 investisiya qoymaq potensial\u0131 var. ARANTV.AZ\u00a0 Trend-\u0259 istinad\u0259n bildirir ki,\u00a0bunu Pakistan\u0131n Az\u0259rbaycandak\u0131 s\u0259firi Bilal Haye jurnalistl\u0259r\u0259 a\u00e7\u0131qlamas\u0131nda deyib. S\u0259fir bildirib ki, Pakistan \u015firk\u0259tl\u0259rinin i\u015f\u011faldan azad edilmi\u015f \u0259razil\u0259r\u0259 investisiya qoymas\u0131 arzuolunand\u0131r: &#8220;Az\u0259rbaycan r\u0259smi qaydada dost \u00f6lk\u0259l\u0259rin \u015firk\u0259tl\u0259rini i\u015f\u011faldan azad edilmi\u015f \u0259razil\u0259r\u0259 investisiya qoyma\u011fa d\u0259v\u0259t etdi. Biz ist\u0259rdik ki, Pakistan \u015firk\u0259tl\u0259ri bu \u0259razil\u0259r\u0259 investisiya qoyan, b\u0259rpa v\u0259 yenid\u0259nqurma i\u015ftirak ed\u0259n \u015firk\u0259tl\u0259r aras\u0131nda \u00f6nd\u0259 olsun&#8221;.<\/p>\n","protected":false},"author":2,"featured_media":354899,"comment_status":"closed","ping_status":"closed","sticky":false,"template":"","format":"standard","meta":{"om_disable_all_campaigns":false,"_monsterinsights_skip_tracking":false,"_monsterinsights_sitenote_active":false,"_monsterinsights_sitenote_note":"","_monsterinsights_sitenote_category":0},"categories":[4],"tags":[],"aioseo_notices":[],"gutentor_comment":0,"rttpg_featured_image_url":{"full":["https:\/\/arantv.az\/wp-content\/uploads\/2021\/07\/963044.jpg",800,600,false],"landscape":["https:\/\/arantv.az\/wp-content\/uploads\/2021\/07\/963044.jpg",800,600,false],"portraits":["https:\/\/arantv.az\/wp-content\/uploads\/2021\/07\/963044.jpg",800,600,false],"thumbnail":["https:\/\/arantv.az\/wp-content\/uploads\/2021\/07\/963044-500x280.jpg",500,280,true],"medium":["https:\/\/arantv.az\/wp-content\/uploads\/2021\/07\/963044-487x365.jpg",487,365,true],"large":["https:\/\/arantv.az\/wp-content\/uploads\/2021\/07\/963044.jpg",640,480,false],"1536x1536":["https:\/\/arantv.az\/wp-content\/uploads\/2021\/07\/963044.jpg",800,600,false],"2048x2048":["https:\/\/arantv.az\/wp-content\/uploads\/2021\/07\/963044.jpg",800,600,false],"post-thumbnail":["https:\/\/arantv.az\/wp-content\/uploads\/2021\/07\/963044-240x172.jpg",240,172,true],"advps-thumb-one":["https:\/\/arantv.az\/wp-content\/uploads\/2021\/07\/963044.jpg",800,600,false]},"rttpg_author":{"display_name":"V\u00fcsal Rafiqo\u011flu","author_link":"https:\/\/arantv.az\/?author=2"},"rttpg_comment":0,"rttpg_category":"<a href=\"https:\/\/arantv.az\/?cat=4\" rel=\"category\">Siyas\u0259t<\/a>","rttpg_excerpt":"Pakistan \u015firk\u0259tl\u0259rinin Az\u0259rbaycan\u0131n i\u015f\u011faldan azad edilmi\u015f \u0259razil\u0259rin\u0259 investisiya qoymaq potensial\u0131 var. ARANTV.AZ\u00a0 Trend-\u0259 istinad\u0259n bildirir ki,\u00a0bunu Pakistan\u0131n Az\u0259rbaycandak\u0131 s\u0259firi Bilal Haye jurnalistl\u0259r\u0259 a\u00e7\u0131qlamas\u0131nda deyib. S\u0259fir bildirib ki, Pakistan \u015firk\u0259tl\u0259rinin i\u015f\u011faldan azad edilmi\u015f \u0259razil\u0259r\u0259 investisiya qoymas\u0131 arzuolunand\u0131r: &#8220;Az\u0259rbaycan r\u0259smi qaydada dost \u00f6lk\u0259l\u0259rin \u015firk\u0259tl\u0259rini i\u015f\u011faldan azad edilmi\u015f \u0259razil\u0259r\u0259 investisiya qoyma\u011fa d\u0259v\u0259t etdi. Biz ist\u0259rdik ki, Pakistan \u015firk\u0259tl\u0259ri&hellip;","_links":{"self":[{"href":"https:\/\/arantv.az\/index.php?rest_route=\/wp\/v2\/posts\/354898"}],"collection":[{"href":"https:\/\/arantv.az\/index.php?rest_route=\/wp\/v2\/posts"}],"about":[{"href":"https:\/\/arantv.az\/index.php?rest_route=\/wp\/v2\/types\/post"}],"author":[{"embeddable":true,"href":"https:\/\/arantv.az\/index.php?rest_route=\/wp\/v2\/users\/2"}],"replies":[{"embeddable":true,"href":"https:\/\/arantv.az\/index.php?rest_route=%2Fwp%2Fv2%2Fcomments&post=354898"}],"version-history":[{"count":0,"href":"https:\/\/arantv.az\/index.php?rest_route=\/wp\/v2\/posts\/354898\/revisions"}],"wp:featuredmedia":[{"embeddable":true,"href":"https:\/\/arantv.az\/index.php?rest_route=\/wp\/v2\/media\/354899"}],"wp:attachment":[{"href":"https:\/\/arantv.az\/index.php?rest_route=%2Fwp%2Fv2%2Fmedia&parent=354898"}],"wp:term":[{"taxonomy":"category","embeddable":true,"href":"https:\/\/arantv.az\/index.php?rest_route=%2Fwp%2Fv2%2Fcategories&post=354898"},{"taxonomy":"post_tag","embeddable":true,"href":"https:\/\/arantv.az\/index.php?rest_route=%2Fwp%2Fv2%2Ftags&post=354898"}],"curies":[{"name":"wp","href":"https:\/\/api.w.org\/{rel}","templated":true}]}}