{"id":354923,"date":"2021-07-07T11:16:17","date_gmt":"2021-07-07T08:16:17","guid":{"rendered":"http:\/\/arantv.az\/?p=354923"},"modified":"2021-07-07T11:16:17","modified_gmt":"2021-07-07T08:16:17","slug":"pakistanda-az%c9%99rbaycan-ticar%c9%99t-numay%c9%99nd%c9%99liyinin-yaradilmasi-n%c9%99z%c9%99rd%c9%99-tutulur-nazir-muavini","status":"publish","type":"post","link":"https:\/\/arantv.az\/?p=354923","title":{"rendered":"Pakistanda Az\u0259rbaycan Ticar\u0259t n\u00fcmay\u0259nd\u0259liyinin yarad\u0131lmas\u0131 n\u0259z\u0259rd\u0259 tutulur &#8211; Nazir m\u00fcavini"},"content":{"rendered":"<p>Pakistanda Az\u0259rbaycan\u0131n Ticar\u0259t n\u00fcmay\u0259nd\u0259liyinin yarad\u0131lmas\u0131 n\u0259z\u0259rd\u0259 tutulur.<\/p>\n<p><strong>ARANTV.AZ\u00a0<\/strong> Trend-\u0259 istinad\u0259n bildirir ki, bunu iqtisadiyyat nazirinin m\u00fcavini Elnur \u018fliyev Pakistan-Az\u0259rbaycan \u0130qtisadi \u018fm\u0259kda\u015fl\u0131q Palatas\u0131n\u0131n t\u0259qdimat m\u0259rasimi zaman\u0131 deyib.<\/p>\n<p>E.\u018fliyev bildirib ki, Az\u0259rbaycanla Pakistan aras\u0131nda siyasi v\u0259 iqtisadi \u0259laq\u0259l\u0259r daim inki\u015faf edir.<\/p>\n<p>Nazir m\u00fcavininin s\u00f6zl\u0259rin\u0259 g\u00f6r\u0259, \u0130qtisadi \u018fm\u0259kda\u015fl\u0131q Palatas\u0131n\u0131n yarad\u0131lmas\u0131 iki \u00f6lk\u0259 aras\u0131nda biznes \u0259laq\u0259l\u0259rinin v\u0259 t\u0259r\u0259fda\u015fl\u0131\u011f\u0131n inki\u015faf etdirilm\u0259sin\u0259 b\u00f6y\u00fck t\u00f6hf\u0259 ver\u0259c\u0259k, eyni zamanda iki \u00f6lk\u0259 aras\u0131nda ticar\u0259t d\u00f6vriyy\u0259sinin v\u0259 qar\u015f\u0131l\u0131ql\u0131 investisiya qoyulu\u015flar\u0131n\u0131n artmas\u0131na imkan ver\u0259c\u0259k.<\/p>\n<p>E.\u018fliyev vur\u011fulay\u0131b ki, son illl\u0259rd\u0259 iki \u00f6lk\u0259 aras\u0131nda ticari \u0259laq\u0259l\u0259rinin inki\u015faf etdirilm\u0259si istiqam\u0259tind\u0259 m\u00fch\u00fcm i\u015fl\u0259r g\u00f6r\u00fcl\u00fcb: &#8220;Palatan\u0131n yarad\u0131lmas\u0131 iki \u00f6lk\u0259 aras\u0131nda iqtisadi \u0259m\u0259kda\u015fl\u0131\u011f\u0131n inki\u015faf\u0131 \u00fc\u00e7\u00fcn yeni imkanlar a\u00e7acaq&#8221;.<\/p>\n","protected":false},"excerpt":{"rendered":"<p>Pakistanda Az\u0259rbaycan\u0131n Ticar\u0259t n\u00fcmay\u0259nd\u0259liyinin yarad\u0131lmas\u0131 n\u0259z\u0259rd\u0259 tutulur. ARANTV.AZ\u00a0 Trend-\u0259 istinad\u0259n bildirir ki, bunu iqtisadiyyat nazirinin m\u00fcavini Elnur \u018fliyev Pakistan-Az\u0259rbaycan \u0130qtisadi \u018fm\u0259kda\u015fl\u0131q Palatas\u0131n\u0131n t\u0259qdimat m\u0259rasimi zaman\u0131 deyib. E.\u018fliyev bildirib ki, Az\u0259rbaycanla Pakistan aras\u0131nda siyasi v\u0259 iqtisadi \u0259laq\u0259l\u0259r daim inki\u015faf edir. Nazir m\u00fcavininin s\u00f6zl\u0259rin\u0259 g\u00f6r\u0259, \u0130qtisadi \u018fm\u0259kda\u015fl\u0131q Palatas\u0131n\u0131n yarad\u0131lmas\u0131 iki \u00f6lk\u0259 aras\u0131nda biznes \u0259laq\u0259l\u0259rinin v\u0259 t\u0259r\u0259fda\u015fl\u0131\u011f\u0131n inki\u015faf etdirilm\u0259sin\u0259 b\u00f6y\u00fck t\u00f6hf\u0259 ver\u0259c\u0259k, eyni zamanda iki \u00f6lk\u0259 aras\u0131nda ticar\u0259t d\u00f6vriyy\u0259sinin v\u0259 qar\u015f\u0131l\u0131ql\u0131 investisiya qoyulu\u015flar\u0131n\u0131n artmas\u0131na imkan ver\u0259c\u0259k. E.\u018fliyev vur\u011fulay\u0131b ki, son illl\u0259rd\u0259 iki \u00f6lk\u0259 aras\u0131nda ticari \u0259laq\u0259l\u0259rinin inki\u015faf etdirilm\u0259si istiqam\u0259tind\u0259 m\u00fch\u00fcm i\u015fl\u0259r g\u00f6r\u00fcl\u00fcb: &#8220;Palatan\u0131n&hellip;<\/p>\n","protected":false},"author":2,"featured_media":354924,"comment_status":"closed","ping_status":"closed","sticky":false,"template":"","format":"standard","meta":{"om_disable_all_campaigns":false,"_monsterinsights_skip_tracking":false,"_monsterinsights_sitenote_active":false,"_monsterinsights_sitenote_note":"","_monsterinsights_sitenote_category":0},"categories":[19],"tags":[],"aioseo_notices":[],"gutentor_comment":0,"rttpg_featured_image_url":{"full":["https:\/\/arantv.az\/wp-content\/uploads\/2021\/07\/963070.jpg",800,600,false],"landscape":["https:\/\/arantv.az\/wp-content\/uploads\/2021\/07\/963070.jpg",800,600,false],"portraits":["https:\/\/arantv.az\/wp-content\/uploads\/2021\/07\/963070.jpg",800,600,false],"thumbnail":["https:\/\/arantv.az\/wp-content\/uploads\/2021\/07\/963070-500x280.jpg",500,280,true],"medium":["https:\/\/arantv.az\/wp-content\/uploads\/2021\/07\/963070-487x365.jpg",487,365,true],"large":["https:\/\/arantv.az\/wp-content\/uploads\/2021\/07\/963070.jpg",640,480,false],"1536x1536":["https:\/\/arantv.az\/wp-content\/uploads\/2021\/07\/963070.jpg",800,600,false],"2048x2048":["https:\/\/arantv.az\/wp-content\/uploads\/2021\/07\/963070.jpg",800,600,false],"post-thumbnail":["https:\/\/arantv.az\/wp-content\/uploads\/2021\/07\/963070-240x172.jpg",240,172,true],"advps-thumb-one":["https:\/\/arantv.az\/wp-content\/uploads\/2021\/07\/963070.jpg",800,600,false]},"rttpg_author":{"display_name":"V\u00fcsal Rafiqo\u011flu","author_link":"https:\/\/arantv.az\/?author=2"},"rttpg_comment":0,"rttpg_category":"<a href=\"https:\/\/arantv.az\/?cat=19\" rel=\"category\">G\u00fcnd\u0259m<\/a>","rttpg_excerpt":"Pakistanda Az\u0259rbaycan\u0131n Ticar\u0259t n\u00fcmay\u0259nd\u0259liyinin yarad\u0131lmas\u0131 n\u0259z\u0259rd\u0259 tutulur. ARANTV.AZ\u00a0 Trend-\u0259 istinad\u0259n bildirir ki, bunu iqtisadiyyat nazirinin m\u00fcavini Elnur \u018fliyev Pakistan-Az\u0259rbaycan \u0130qtisadi \u018fm\u0259kda\u015fl\u0131q Palatas\u0131n\u0131n t\u0259qdimat m\u0259rasimi zaman\u0131 deyib. E.\u018fliyev bildirib ki, Az\u0259rbaycanla Pakistan aras\u0131nda siyasi v\u0259 iqtisadi \u0259laq\u0259l\u0259r daim inki\u015faf edir. Nazir m\u00fcavininin s\u00f6zl\u0259rin\u0259 g\u00f6r\u0259, \u0130qtisadi \u018fm\u0259kda\u015fl\u0131q Palatas\u0131n\u0131n yarad\u0131lmas\u0131 iki \u00f6lk\u0259 aras\u0131nda biznes \u0259laq\u0259l\u0259rinin v\u0259 t\u0259r\u0259fda\u015fl\u0131\u011f\u0131n inki\u015faf&hellip;","_links":{"self":[{"href":"https:\/\/arantv.az\/index.php?rest_route=\/wp\/v2\/posts\/354923"}],"collection":[{"href":"https:\/\/arantv.az\/index.php?rest_route=\/wp\/v2\/posts"}],"about":[{"href":"https:\/\/arantv.az\/index.php?rest_route=\/wp\/v2\/types\/post"}],"author":[{"embeddable":true,"href":"https:\/\/arantv.az\/index.php?rest_route=\/wp\/v2\/users\/2"}],"replies":[{"embeddable":true,"href":"https:\/\/arantv.az\/index.php?rest_route=%2Fwp%2Fv2%2Fcomments&post=354923"}],"version-history":[{"count":0,"href":"https:\/\/arantv.az\/index.php?rest_route=\/wp\/v2\/posts\/354923\/revisions"}],"wp:featuredmedia":[{"embeddable":true,"href":"https:\/\/arantv.az\/index.php?rest_route=\/wp\/v2\/media\/354924"}],"wp:attachment":[{"href":"https:\/\/arantv.az\/index.php?rest_route=%2Fwp%2Fv2%2Fmedia&parent=354923"}],"wp:term":[{"taxonomy":"category","embeddable":true,"href":"https:\/\/arantv.az\/index.php?rest_route=%2Fwp%2Fv2%2Fcategories&post=354923"},{"taxonomy":"post_tag","embeddable":true,"href":"https:\/\/arantv.az\/index.php?rest_route=%2Fwp%2Fv2%2Ftags&post=354923"}],"curies":[{"name":"wp","href":"https:\/\/api.w.org\/{rel}","templated":true}]}}