{"id":354929,"date":"2021-07-07T11:25:22","date_gmt":"2021-07-07T08:25:22","guid":{"rendered":"http:\/\/arantv.az\/?p=354929"},"modified":"2021-07-07T11:25:22","modified_gmt":"2021-07-07T08:25:22","slug":"v%c9%99t%c9%99n-muharib%c9%99si-s%c9%99hidl%c9%99rinin-xatir%c9%99sin%c9%99-h%c9%99sr-olunan-abid%c9%99-lovh%c9%99si-acilib","status":"publish","type":"post","link":"https:\/\/arantv.az\/?p=354929","title":{"rendered":"V\u0259t\u0259n m\u00fcharib\u0259si \u015f\u0259hidl\u0259rinin xatir\u0259sin\u0259 h\u0259sr olunan abid\u0259 l\u00f6vh\u0259si a\u00e7\u0131l\u0131b"},"content":{"rendered":"<p>D\u00f6vl\u0259t S\u0259rh\u0259d Xidm\u0259tinin \u00c7evik H\u0259r\u0259k\u0259t Q\u00fcvv\u0259l\u0259rinin N sayl\u0131 h\u0259rbi hiss\u0259sind\u0259 D\u00f6vl\u0259t S\u0259rh\u0259d Xidm\u0259tinin V\u0259t\u0259n m\u00fcharib\u0259sind\u0259 h\u0259lak olan h\u0259rbi qulluq\u00e7ular\u0131n\u0131n xatir\u0259sin\u0259 h\u0259sr olunan abid\u0259 l\u00f6vh\u0259sinin a\u00e7\u0131l\u0131\u015f m\u0259rasimi ke\u00e7irilib.<\/p>\n<p>DSX-nin M\u0259tbuat M\u0259rk\u0259zind\u0259n\u00a0&#8220;\u0130ki sahil&#8221;\u0259 bildirilib ki, \u00f6lk\u0259mizin \u0259razi b\u00fct\u00f6vl\u00fcy\u00fc u\u011frunda canlar\u0131ndan ke\u00e7mi\u015f h\u0259rbi qulluq\u00ad\u00e7u\u00adla\u00adr\u0131n xatir\u0259sini \u0259b\u0259dil\u0259\u015fdirm\u0259k m\u0259qs\u0259dil\u0259 yarad\u0131lm\u0131\u015f qranit abid\u0259 l\u00f6vh\u0259\u00adsin\u00add\u0259 V\u0259t\u0259n M\u00fcharib\u0259sind\u0259 \u015f\u0259hid olmu\u015f q\u0259hr\u0259man s\u0259rh\u0259d\u00e7il\u0259rin foto\u015f\u0259kil\u00adl\u0259ri v\u0259 adlar\u0131 h\u0259kk olunub, Az\u0259rbaycan Respublikas\u0131n\u0131n d\u00f6vl\u0259t bayra\u011f\u0131 ucald\u0131l\u0131b.<\/p>\n<p>M\u0259rasimd\u0259 Az\u0259rbaycan Respublikas\u0131n\u0131n d\u00f6vl\u0259t himni s\u0259sl\u0259ndirilib, i\u015ftirak\u00e7\u0131lar bir d\u0259qiq\u0259lik s\u00fckutla \u015f\u0259hidl\u0259rin ruhuna ehtiramlar\u0131n\u0131 ifad\u0259 edib, abid\u0259 l\u00f6vh\u0259sinin \u00f6n\u00fcn\u0259 \u0259klil v\u0259 g\u00fcl d\u0259st\u0259l\u0259ri d\u00fcz\u00fcbl\u0259r.<\/p>\n<p>T\u0259dbird\u0259 i\u015ftirak ed\u0259n D\u00f6vl\u0259t S\u0259rh\u0259d Xidm\u0259tinin r\u0259isi general-pol\u00adkovnik El\u00e7in Quliyev \u00e7\u0131x\u0131\u015f ed\u0259r\u0259k xalq\u0131m\u0131zn \u0259dal\u0259t v\u0259 haqq sava\u015f\u0131nda tarixi Z\u0259f\u0259rinin \u0259ld\u0259 edilm\u0259sind\u0259 misilsiz f\u0259dakarl\u0131q g\u00f6st\u0259rib, \u00f6lk\u0259mizin \u0259razi b\u00fct\u00f6vl\u00fcy\u00fc, m\u00fcq\u0259dd\u0259s s\u0259rh\u0259dl\u0259rimizin i\u015f\u011faldan azad olunmas\u0131 u\u011frunda canlar\u0131ndan ke\u00e7\u0259r\u0259k bizl\u0259r\u0259 sonsuz q\u00fcrur hissi ya\u015fadan V\u0259t\u0259n m\u00fcharib\u0259si \u015f\u0259hidl\u0259rinin \u0259ziz xatir\u0259sinin minn\u0259tdarl\u0131qla yad edildiyini qeyd edib.<\/p>\n<p>Tariximizin \u0259n b\u00f6y\u00fck s\u0259rk\u0259rd\u0259si, Az\u0259rbaycan Respublikas\u0131n\u0131n Prezidenti, Silahl\u0131 Q\u00fcvv\u0259l\u0259rin M\u00fcz\u0259ff\u0259r Ali Ba\u015f Ko\u00adman\u00addan\u0131 \u0130lham \u018fliyevin r\u0259h\u00adb\u0259r\u00ad\u00adliyi alt\u0131nda Az\u0259r\u00adbay\u00adcan Respublika\u00ads\u0131n\u0131n Erm\u0259n\u00adistan \u00fcz\u0259rin\u00add\u0259 parlaq q\u0259l\u0259b\u0259si il\u0259 bitmi\u015f V\u0259t\u0259n m\u00fchari\u00adb\u0259sind\u0259 s\u0259rh\u0259d\u00e7il\u0259rin d\u00f6y\u00fc\u015f tap\u00ad\u015f\u0131\u00adr\u0131q\u00adlar\u0131n\u0131 u\u011furla icra etm\u0259l\u0259ri vur\u011fulan\u0131b.<\/p>\n<p>Az\u0259rbaycan Respublikas\u0131n\u0131n Prezidenti, Silahl\u0131 Q\u00fcvv\u0259l\u0259rin Ali Ba\u015f Ko\u00adman\u00addan\u0131 \u0130lham \u018fliyevin m\u00fcvafiq f\u0259rman v\u0259 s\u0259r\u0259n\u00adcamlar\u0131 il\u0259 An\u0131m v\u0259 Z\u0259f\u0259r g\u00fcnl\u0259rinin, m\u00fcxt\u0259lif orden, medal v\u0259 f\u0259xri adlar\u0131n t\u0259sis edil\u00adm\u0259si, V\u0259t\u0259n m\u00fcharib\u0259si memorial kompleksi v\u0259 Z\u0259f\u0259r muzeyinin yarad\u0131l\u00adma\u00ads\u0131n\u0131n \u015f\u0259hidl\u0259rin \u015f\u00fcca\u0259tl\u0259rinin y\u00fcks\u0259k qiym\u0259tl\u0259ndirilm\u0259si v\u0259 q\u0259hr\u0259manl\u0131qlar\u0131n\u0131n t\u0259bli\u011f edilm\u0259si bax\u0131m\u0131ndan m\u00fcst\u0259sna \u0259h\u0259miyy\u0259t k\u0259sb etm\u0259si bildirilib.<\/p>\n<p>Az\u0259rbaycan Res\u00adpub\u00adlikas\u0131\u00adn\u0131n Pre\u00adzi\u00ad\u00addenti Silahl\u0131 Q\u00fcvv\u0259\u00adl\u0259\u00adrin M\u00fcz\u0259ff\u0259r Ali Ba\u015f Komandan\u0131 \u0130lham \u018fliyev t\u0259r\u0259find\u0259n\u00a0Az\u0259rbaycan s\u0259rh\u0259d\u00e7il\u0259rinin xidm\u0259tl\u0259rinin x\u00fcsusi qiym\u0259t\u00adl\u0259ndirilm\u0259sinin \u015f\u0259xsi hey\u0259ti yeni xidm\u0259ti q\u0259l\u0259b\u0259l\u0259r\u0259 ruhland\u0131rd\u0131\u011f\u0131 vur\u011fulanaraq m\u00fcq\u0259dd\u0259s sava\u015fda sin\u0259l\u0259rini sip\u0259r etmi\u015f b\u00fct\u00fcn q\u0259hr\u0259manlar\u0131n \u0259ziz xatir\u0259l\u0259rinin daim uca tutulaca\u011f\u0131, onlar\u0131n \u015f\u00fcca\u0259tinin g\u0259\u00adl\u0259c\u0259k n\u0259sill\u0259r t\u0259r\u0259find\u0259n xalq\u0131m\u0131z\u0131n \u0259zmkarl\u0131q, f\u0259dakarl\u0131q salnam\u0259si kimi v\u0259sf olunaca\u011f\u0131 qeyd edilib.<\/p>\n<p>T\u0259dbirin sonunda V\u0259t\u0259n M\u00fcharib\u0259sind\u0259 \u015f\u00fcca\u0259t v\u0259 q\u0259hr\u0259manl\u0131q g\u00f6st\u0259\u00adr\u0259\u00adr\u0259k Suqovu\u015fan\u0131n, C\u0259bray\u0131l, Z\u0259ngilan v\u0259 Xocav\u0259nd rayonlar\u0131n\u0131n, \u015eu\u015fa \u015f\u0259h\u0259rinin azad olunmas\u0131nda f\u0259rql\u0259ndikl\u0259rin\u0259 g\u00f6r\u0259 Az\u0259rbay\u00adcan Respublikas\u0131n\u0131n Prezidenti, Silahl\u0131 Q\u00fcvv\u0259l\u0259rin Ali Ba\u015f Komandan\u0131 \u0130lham \u018fliyev t\u0259r\u0259find\u0259n t\u0259ltif edilmi\u015f s\u0259rh\u0259d\u00e7il\u0259r\u0259 orden v\u0259 medallar t\u0259qdim olunub.<\/p>\n","protected":false},"excerpt":{"rendered":"<p>D\u00f6vl\u0259t S\u0259rh\u0259d Xidm\u0259tinin \u00c7evik H\u0259r\u0259k\u0259t Q\u00fcvv\u0259l\u0259rinin N sayl\u0131 h\u0259rbi hiss\u0259sind\u0259 D\u00f6vl\u0259t S\u0259rh\u0259d Xidm\u0259tinin V\u0259t\u0259n m\u00fcharib\u0259sind\u0259 h\u0259lak olan h\u0259rbi qulluq\u00e7ular\u0131n\u0131n xatir\u0259sin\u0259 h\u0259sr olunan abid\u0259 l\u00f6vh\u0259sinin a\u00e7\u0131l\u0131\u015f m\u0259rasimi ke\u00e7irilib. DSX-nin M\u0259tbuat M\u0259rk\u0259zind\u0259n\u00a0&#8220;\u0130ki sahil&#8221;\u0259 bildirilib ki, \u00f6lk\u0259mizin \u0259razi b\u00fct\u00f6vl\u00fcy\u00fc u\u011frunda canlar\u0131ndan ke\u00e7mi\u015f h\u0259rbi qulluq\u00ad\u00e7u\u00adla\u00adr\u0131n xatir\u0259sini \u0259b\u0259dil\u0259\u015fdirm\u0259k m\u0259qs\u0259dil\u0259 yarad\u0131lm\u0131\u015f qranit abid\u0259 l\u00f6vh\u0259\u00adsin\u00add\u0259 V\u0259t\u0259n M\u00fcharib\u0259sind\u0259 \u015f\u0259hid olmu\u015f q\u0259hr\u0259man s\u0259rh\u0259d\u00e7il\u0259rin foto\u015f\u0259kil\u00adl\u0259ri v\u0259 adlar\u0131 h\u0259kk olunub, Az\u0259rbaycan Respublikas\u0131n\u0131n d\u00f6vl\u0259t bayra\u011f\u0131 ucald\u0131l\u0131b. M\u0259rasimd\u0259 Az\u0259rbaycan Respublikas\u0131n\u0131n d\u00f6vl\u0259t himni s\u0259sl\u0259ndirilib, i\u015ftirak\u00e7\u0131lar bir d\u0259qiq\u0259lik s\u00fckutla \u015f\u0259hidl\u0259rin ruhuna ehtiramlar\u0131n\u0131 ifad\u0259 edib, abid\u0259 l\u00f6vh\u0259sinin \u00f6n\u00fcn\u0259 \u0259klil v\u0259 g\u00fcl d\u0259st\u0259l\u0259ri d\u00fcz\u00fcbl\u0259r. T\u0259dbird\u0259 i\u015ftirak ed\u0259n&hellip;<\/p>\n","protected":false},"author":2,"featured_media":354930,"comment_status":"closed","ping_status":"closed","sticky":false,"template":"","format":"standard","meta":{"om_disable_all_campaigns":false,"_monsterinsights_skip_tracking":false,"_monsterinsights_sitenote_active":false,"_monsterinsights_sitenote_note":"","_monsterinsights_sitenote_category":0},"categories":[10],"tags":[],"aioseo_notices":[],"gutentor_comment":0,"rttpg_featured_image_url":{"full":["https:\/\/arantv.az\/wp-content\/uploads\/2021\/07\/beda24c1162564465926025243610566752.jpg",975,540,false],"landscape":["https:\/\/arantv.az\/wp-content\/uploads\/2021\/07\/beda24c1162564465926025243610566752.jpg",975,540,false],"portraits":["https:\/\/arantv.az\/wp-content\/uploads\/2021\/07\/beda24c1162564465926025243610566752.jpg",975,540,false],"thumbnail":["https:\/\/arantv.az\/wp-content\/uploads\/2021\/07\/beda24c1162564465926025243610566752-500x280.jpg",500,280,true],"medium":["https:\/\/arantv.az\/wp-content\/uploads\/2021\/07\/beda24c1162564465926025243610566752-660x365.jpg",660,365,true],"large":["https:\/\/arantv.az\/wp-content\/uploads\/2021\/07\/beda24c1162564465926025243610566752-840x465.jpg",640,354,true],"1536x1536":["https:\/\/arantv.az\/wp-content\/uploads\/2021\/07\/beda24c1162564465926025243610566752.jpg",975,540,false],"2048x2048":["https:\/\/arantv.az\/wp-content\/uploads\/2021\/07\/beda24c1162564465926025243610566752.jpg",975,540,false],"post-thumbnail":["https:\/\/arantv.az\/wp-content\/uploads\/2021\/07\/beda24c1162564465926025243610566752-240x172.jpg",240,172,true],"advps-thumb-one":["https:\/\/arantv.az\/wp-content\/uploads\/2021\/07\/beda24c1162564465926025243610566752.jpg",975,540,false]},"rttpg_author":{"display_name":"V\u00fcsal Rafiqo\u011flu","author_link":"https:\/\/arantv.az\/?author=2"},"rttpg_comment":0,"rttpg_category":"<a href=\"https:\/\/arantv.az\/?cat=10\" rel=\"category\">C\u0259bh\u0259d\u0259n X\u0259b\u0259r<\/a>","rttpg_excerpt":"D\u00f6vl\u0259t S\u0259rh\u0259d Xidm\u0259tinin \u00c7evik H\u0259r\u0259k\u0259t Q\u00fcvv\u0259l\u0259rinin N sayl\u0131 h\u0259rbi hiss\u0259sind\u0259 D\u00f6vl\u0259t S\u0259rh\u0259d Xidm\u0259tinin V\u0259t\u0259n m\u00fcharib\u0259sind\u0259 h\u0259lak olan h\u0259rbi qulluq\u00e7ular\u0131n\u0131n xatir\u0259sin\u0259 h\u0259sr olunan abid\u0259 l\u00f6vh\u0259sinin a\u00e7\u0131l\u0131\u015f m\u0259rasimi ke\u00e7irilib. DSX-nin M\u0259tbuat M\u0259rk\u0259zind\u0259n\u00a0&#8220;\u0130ki sahil&#8221;\u0259 bildirilib ki, \u00f6lk\u0259mizin \u0259razi b\u00fct\u00f6vl\u00fcy\u00fc u\u011frunda canlar\u0131ndan ke\u00e7mi\u015f h\u0259rbi qulluq\u00ad\u00e7u\u00adla\u00adr\u0131n xatir\u0259sini \u0259b\u0259dil\u0259\u015fdirm\u0259k m\u0259qs\u0259dil\u0259 yarad\u0131lm\u0131\u015f qranit abid\u0259 l\u00f6vh\u0259\u00adsin\u00add\u0259 V\u0259t\u0259n M\u00fcharib\u0259sind\u0259 \u015f\u0259hid olmu\u015f q\u0259hr\u0259man s\u0259rh\u0259d\u00e7il\u0259rin foto\u015f\u0259kil\u00adl\u0259ri&hellip;","_links":{"self":[{"href":"https:\/\/arantv.az\/index.php?rest_route=\/wp\/v2\/posts\/354929"}],"collection":[{"href":"https:\/\/arantv.az\/index.php?rest_route=\/wp\/v2\/posts"}],"about":[{"href":"https:\/\/arantv.az\/index.php?rest_route=\/wp\/v2\/types\/post"}],"author":[{"embeddable":true,"href":"https:\/\/arantv.az\/index.php?rest_route=\/wp\/v2\/users\/2"}],"replies":[{"embeddable":true,"href":"https:\/\/arantv.az\/index.php?rest_route=%2Fwp%2Fv2%2Fcomments&post=354929"}],"version-history":[{"count":0,"href":"https:\/\/arantv.az\/index.php?rest_route=\/wp\/v2\/posts\/354929\/revisions"}],"wp:featuredmedia":[{"embeddable":true,"href":"https:\/\/arantv.az\/index.php?rest_route=\/wp\/v2\/media\/354930"}],"wp:attachment":[{"href":"https:\/\/arantv.az\/index.php?rest_route=%2Fwp%2Fv2%2Fmedia&parent=354929"}],"wp:term":[{"taxonomy":"category","embeddable":true,"href":"https:\/\/arantv.az\/index.php?rest_route=%2Fwp%2Fv2%2Fcategories&post=354929"},{"taxonomy":"post_tag","embeddable":true,"href":"https:\/\/arantv.az\/index.php?rest_route=%2Fwp%2Fv2%2Ftags&post=354929"}],"curies":[{"name":"wp","href":"https:\/\/api.w.org\/{rel}","templated":true}]}}