{"id":354977,"date":"2021-07-07T13:11:33","date_gmt":"2021-07-07T10:11:33","guid":{"rendered":"http:\/\/arantv.az\/?p=354977"},"modified":"2021-07-07T13:11:33","modified_gmt":"2021-07-07T10:11:33","slug":"fhn-iki-n%c9%99f%c9%99r-xilas-edilib-93-yangina-cixis","status":"publish","type":"post","link":"https:\/\/arantv.az\/?p=354977","title":{"rendered":"FHN: \u201c\u0130ki n\u0259f\u0259r xilas edilib, 93 yan\u011f\u0131na \u00e7\u0131x\u0131\u015f\u201d"},"content":{"rendered":"<p>F\u00f6vq\u0259lad\u0259 Hallar Nazirliyinin\u00a0aidiyy\u0259ti qurumlar\u0131 t\u0259r\u0259find\u0259n \u00f6t\u0259n sutka \u0259rzind\u0259 93 yan\u011f\u0131na \u00e7\u0131x\u0131\u015f v\u0259 5 halda k\u00f6m\u0259ksiz v\u0259ziyy\u0259td\u0259 qalma fakt\u0131 \u00fczr\u0259 q\u0259za-xilasetm\u0259 \u0259m\u0259liyyatlar\u0131 h\u0259yata ke\u00e7irilib.<\/p>\n<div id=\"AdviadNativeVideo0\" class=\"AdviadNativeVideo\"><\/div>\n<p>Nazirlikd\u0259n bildirilib ki, g\u00f6r\u00fclm\u00fc\u015f t\u0259cili v\u0259 t\u0259xir\u0259sal\u0131nmaz t\u0259dbirl\u0259r n\u0259tic\u0259sind\u0259 yan\u011f\u0131nlar\u0131n operativ s\u00f6nd\u00fcr\u00fclm\u0259si, insanlar\u0131n h\u0259yat\u0131n\u0131n xilas olunmas\u0131 t\u0259min edilib.<\/p>\n<p>\u00dcmumilikd\u0259, \u00f6t\u0259n sutka \u0259rzind\u0259 iki\u00a0n\u0259f\u0259r xilas olunub. H\u0259m\u00e7inin, qeyri-\u00e7im\u0259rlik \u0259razil\u0259rd\u0259 &#8211; Bak\u0131 \u015f\u0259h\u0259ri, Sabun\u00e7u rayonu, Ma\u015fta\u011fa q\u0259s\u0259b\u0259sind\u0259 su kanal\u0131nda batan 2009-cu il t\u0259v\u0259ll\u00fcdl\u00fc \u0130smay\u0131lzad\u0259 \u018fziz Oqtay o\u011flunun, Beyl\u0259qan rayonu, \u018fmirzeydli k\u0259ndind\u0259 su kanal\u0131nda batan 2005-ci il t\u0259v\u0259ll\u00fcdl\u00fc B\u0259birov \u018fli Nadir o\u011flunun v\u0259 K\u00fcr \u00e7ay\u0131n\u0131n Ming\u0259\u00e7evir \u015f\u0259h\u0259ri \u0259razisind\u0259n ke\u00e7\u0259n hiss\u0259sind\u0259 batan 2016-c\u0131 il t\u0259v\u0259ll\u00fcdl\u00fc \u015eirinli Murad B\u0259xtiyar o\u011flunun meyitl\u0259ri dal\u011f\u0131c-axtar\u0131\u015f qrupu t\u0259r\u0259find\u0259n tap\u0131laraq aidiyy\u0259ti \u00fczr\u0259 t\u0259hvil verilib.<\/p>\n","protected":false},"excerpt":{"rendered":"<p>F\u00f6vq\u0259lad\u0259 Hallar Nazirliyinin\u00a0aidiyy\u0259ti qurumlar\u0131 t\u0259r\u0259find\u0259n \u00f6t\u0259n sutka \u0259rzind\u0259 93 yan\u011f\u0131na \u00e7\u0131x\u0131\u015f v\u0259 5 halda k\u00f6m\u0259ksiz v\u0259ziyy\u0259td\u0259 qalma fakt\u0131 \u00fczr\u0259 q\u0259za-xilasetm\u0259 \u0259m\u0259liyyatlar\u0131 h\u0259yata ke\u00e7irilib. Nazirlikd\u0259n bildirilib ki, g\u00f6r\u00fclm\u00fc\u015f t\u0259cili v\u0259 t\u0259xir\u0259sal\u0131nmaz t\u0259dbirl\u0259r n\u0259tic\u0259sind\u0259 yan\u011f\u0131nlar\u0131n operativ s\u00f6nd\u00fcr\u00fclm\u0259si, insanlar\u0131n h\u0259yat\u0131n\u0131n xilas olunmas\u0131 t\u0259min edilib. \u00dcmumilikd\u0259, \u00f6t\u0259n sutka \u0259rzind\u0259 iki\u00a0n\u0259f\u0259r xilas olunub. H\u0259m\u00e7inin, qeyri-\u00e7im\u0259rlik \u0259razil\u0259rd\u0259 &#8211; Bak\u0131 \u015f\u0259h\u0259ri, Sabun\u00e7u rayonu, Ma\u015fta\u011fa q\u0259s\u0259b\u0259sind\u0259 su kanal\u0131nda batan 2009-cu il t\u0259v\u0259ll\u00fcdl\u00fc \u0130smay\u0131lzad\u0259 \u018fziz Oqtay o\u011flunun, Beyl\u0259qan rayonu, \u018fmirzeydli k\u0259ndind\u0259 su kanal\u0131nda batan 2005-ci il t\u0259v\u0259ll\u00fcdl\u00fc B\u0259birov \u018fli Nadir o\u011flunun v\u0259 K\u00fcr \u00e7ay\u0131n\u0131n Ming\u0259\u00e7evir \u015f\u0259h\u0259ri \u0259razisind\u0259n ke\u00e7\u0259n hiss\u0259sind\u0259&hellip;<\/p>\n","protected":false},"author":2,"featured_media":354978,"comment_status":"closed","ping_status":"closed","sticky":false,"template":"","format":"standard","meta":{"om_disable_all_campaigns":false,"_monsterinsights_skip_tracking":false,"_monsterinsights_sitenote_active":false,"_monsterinsights_sitenote_note":"","_monsterinsights_sitenote_category":0},"categories":[26],"tags":[],"aioseo_notices":[],"gutentor_comment":0,"rttpg_featured_image_url":{"full":["https:\/\/arantv.az\/wp-content\/uploads\/2021\/07\/dE_nizdE_-batdA\u00b1.jpg",620,465,false],"landscape":["https:\/\/arantv.az\/wp-content\/uploads\/2021\/07\/dE_nizdE_-batdA\u00b1.jpg",620,465,false],"portraits":["https:\/\/arantv.az\/wp-content\/uploads\/2021\/07\/dE_nizdE_-batdA\u00b1.jpg",620,465,false],"thumbnail":["https:\/\/arantv.az\/wp-content\/uploads\/2021\/07\/dE_nizdE_-batdA\u00b1-500x280.jpg",500,280,true],"medium":["https:\/\/arantv.az\/wp-content\/uploads\/2021\/07\/dE_nizdE_-batdA\u00b1-487x365.jpg",487,365,true],"large":["https:\/\/arantv.az\/wp-content\/uploads\/2021\/07\/dE_nizdE_-batdA\u00b1.jpg",620,465,false],"1536x1536":["https:\/\/arantv.az\/wp-content\/uploads\/2021\/07\/dE_nizdE_-batdA\u00b1.jpg",620,465,false],"2048x2048":["https:\/\/arantv.az\/wp-content\/uploads\/2021\/07\/dE_nizdE_-batdA\u00b1.jpg",620,465,false],"post-thumbnail":["https:\/\/arantv.az\/wp-content\/uploads\/2021\/07\/dE_nizdE_-batdA\u00b1-240x172.jpg",240,172,true],"advps-thumb-one":["https:\/\/arantv.az\/wp-content\/uploads\/2021\/07\/dE_nizdE_-batdA\u00b1.jpg",620,465,false]},"rttpg_author":{"display_name":"V\u00fcsal Rafiqo\u011flu","author_link":"https:\/\/arantv.az\/?author=2"},"rttpg_comment":0,"rttpg_category":"<a href=\"https:\/\/arantv.az\/?cat=26\" rel=\"category\">Sosial<\/a>","rttpg_excerpt":"F\u00f6vq\u0259lad\u0259 Hallar Nazirliyinin\u00a0aidiyy\u0259ti qurumlar\u0131 t\u0259r\u0259find\u0259n \u00f6t\u0259n sutka \u0259rzind\u0259 93 yan\u011f\u0131na \u00e7\u0131x\u0131\u015f v\u0259 5 halda k\u00f6m\u0259ksiz v\u0259ziyy\u0259td\u0259 qalma fakt\u0131 \u00fczr\u0259 q\u0259za-xilasetm\u0259 \u0259m\u0259liyyatlar\u0131 h\u0259yata ke\u00e7irilib. Nazirlikd\u0259n bildirilib ki, g\u00f6r\u00fclm\u00fc\u015f t\u0259cili v\u0259 t\u0259xir\u0259sal\u0131nmaz t\u0259dbirl\u0259r n\u0259tic\u0259sind\u0259 yan\u011f\u0131nlar\u0131n operativ s\u00f6nd\u00fcr\u00fclm\u0259si, insanlar\u0131n h\u0259yat\u0131n\u0131n xilas olunmas\u0131 t\u0259min edilib. \u00dcmumilikd\u0259, \u00f6t\u0259n sutka \u0259rzind\u0259 iki\u00a0n\u0259f\u0259r xilas olunub. H\u0259m\u00e7inin, qeyri-\u00e7im\u0259rlik \u0259razil\u0259rd\u0259 &#8211; Bak\u0131 \u015f\u0259h\u0259ri, Sabun\u00e7u&hellip;","_links":{"self":[{"href":"https:\/\/arantv.az\/index.php?rest_route=\/wp\/v2\/posts\/354977"}],"collection":[{"href":"https:\/\/arantv.az\/index.php?rest_route=\/wp\/v2\/posts"}],"about":[{"href":"https:\/\/arantv.az\/index.php?rest_route=\/wp\/v2\/types\/post"}],"author":[{"embeddable":true,"href":"https:\/\/arantv.az\/index.php?rest_route=\/wp\/v2\/users\/2"}],"replies":[{"embeddable":true,"href":"https:\/\/arantv.az\/index.php?rest_route=%2Fwp%2Fv2%2Fcomments&post=354977"}],"version-history":[{"count":0,"href":"https:\/\/arantv.az\/index.php?rest_route=\/wp\/v2\/posts\/354977\/revisions"}],"wp:featuredmedia":[{"embeddable":true,"href":"https:\/\/arantv.az\/index.php?rest_route=\/wp\/v2\/media\/354978"}],"wp:attachment":[{"href":"https:\/\/arantv.az\/index.php?rest_route=%2Fwp%2Fv2%2Fmedia&parent=354977"}],"wp:term":[{"taxonomy":"category","embeddable":true,"href":"https:\/\/arantv.az\/index.php?rest_route=%2Fwp%2Fv2%2Fcategories&post=354977"},{"taxonomy":"post_tag","embeddable":true,"href":"https:\/\/arantv.az\/index.php?rest_route=%2Fwp%2Fv2%2Ftags&post=354977"}],"curies":[{"name":"wp","href":"https:\/\/api.w.org\/{rel}","templated":true}]}}