{"id":354989,"date":"2021-07-07T13:32:41","date_gmt":"2021-07-07T10:32:41","guid":{"rendered":"http:\/\/arantv.az\/?p=354989"},"modified":"2021-07-07T13:32:41","modified_gmt":"2021-07-07T10:32:41","slug":"ramil-h%c9%99s%c9%99n-ucarda-secicil%c9%99ri-il%c9%99-gorusdu-fotolar","status":"publish","type":"post","link":"https:\/\/arantv.az\/?p=354989","title":{"rendered":"Ramil H\u0259s\u0259n Ucarda se\u00e7icil\u0259ri il\u0259 g\u00f6r\u00fc\u015fd\u00fc \u2013 FOTOLAR"},"content":{"rendered":"<p>Az\u0259rbaycan Respublikas\u0131 Milli M\u0259clisinin deputat\u0131 Ramil H\u0259s\u0259n 07 iyul 2021-ci il tarixind\u0259 Ucar rayonuna se\u00e7icil\u0259ri il\u0259 g\u00f6r\u00fc\u015fm\u0259k \u00fc\u00e7\u00fcn s\u0259f\u0259r edib.<\/p>\n<p><strong>ARANTV.AZ<\/strong>\u00a0 <a title=\"xeberler son xeberler 2021\" href=\"https:\/\/big.az\/\" target=\"_blank\" rel=\"noopener\">x\u0259b\u0259r<\/a>\u00a0verir ki, s\u0259f\u0259r \u00e7\u0259r\u00e7iv\u0259sind\u0259 Milli M\u0259clisin deputat\u0131 ilk \u00f6nc\u0259 \u00dcm\u00fcmmilli Lider Heyd\u0259r \u018fliyevin Ucar \u015f\u0259h\u0259r m\u0259rk\u0259zind\u0259 ucald\u0131lm\u0131\u015f abid\u0259sini ziyar\u0259t edib, \u00f6n\u00fcn\u0259 \u00e7i\u00e7\u0259kl\u0259r qoyub. Daha sonra Ucar rayon m\u0259rk\u0259zind\u0259 yerl\u0259\u015f\u0259n \u015e\u0259hidl\u0259r Xiyaban\u0131nda v\u0259t\u0259n u\u011frunda canlar\u0131n\u0131 f\u0259da etmi\u015f \u015e\u0259hidl\u0259rimizin m\u0259zarlar\u0131 ziyar\u0259t edilib, dualar oxunub.<\/p>\n<div id=\"AdviadNativeVideo0\" class=\"AdviadNativeVideo\"><\/div>\n<p>Milli M\u0259clisin deputat\u0131 Ramil H\u0259s\u0259n Yeni Az\u0259rbaycan Partiyas\u0131 Ucar rayon T\u0259\u015fkilat\u0131n\u0131n s\u0259dri \u015e\u0259hla Abdullayeva v\u0259 partiya f\u0259allar\u0131 il\u0259 bir araya g\u0259lib, qar\u015f\u0131dan g\u0259l\u0259n Qurban bayram\u0131 m\u00fcnasib\u0259til\u0259 onlar\u0131 t\u0259brik edib, g\u0259l\u0259c\u0259kd\u0259 h\u0259yata ke\u00e7iril\u0259c\u0259k i\u015fl\u0259r v\u0259 f\u0259aliyy\u0259tl\u0259 ba\u011fl\u0131 fikir m\u00fcbadil\u0259si apar\u0131b.<\/p>\n<p>Milli M\u0259clisin deputat\u0131 Ramil H\u0259s\u0259nin Ucar rayonundak\u0131 g\u00f6r\u00fc\u015fl\u0259ri 7-8 iyul taricl\u0259rind\u0259 iki g\u00fcn \u0259rzind\u0259 davam ed\u0259c\u0259k.<\/p>\n<p>Deputat \u00f6nc\u0259 pandemiya t\u0259l\u0259bl\u0259rin\u0259 uy\u011fun olaraq Ucar rayon Heyd\u0259r \u018fliyev M\u0259rk\u0259zind\u0259 se\u00e7icil\u0259ri il\u0259 bir araya g\u0259lib onlar\u0131n t\u0259klifl\u0259ri, t\u0259l\u0259bl\u0259ri v\u0259 \u015fikay\u0259tl\u0259ri il\u0259 ba\u011fl\u0131 dinl\u0259m\u0259l\u0259ri h\u0259yata ke\u00e7ir\u0259c\u0259k. Daha sonra Ucar rayonunun k\u0259ndl\u0259rind\u0259 s\u0259yyar g\u00f6r\u00fc\u015fl\u0259ri \u00e7\u0259r\u00e7iv\u0259sind\u0259 Alpout k\u0259nd 1 sayl\u0131 orta m\u0259kt\u0259binin ba\u011f\u0131nda Alpout, Qarab\u00f6rk, Qarada\u011fl\u0131 v\u0259 \u00c7iyni k\u0259ndl\u0259rinin v\u0259t\u0259nda\u015flar\u0131 il\u0259 g\u00f6r\u00fc\u015fl\u0259r ke\u00e7iril\u0259c\u0259k.<\/p>\n<p>08 iyul tarixind\u0259 is\u0259 Ucar rayon G\u0259ncl\u0259r Evind\u0259 a\u00e7\u0131q havada t\u0259hsil i\u015f\u00e7il\u0259ri v\u0259 g\u0259ncl\u0259rl\u0259 g\u00f6r\u00fc\u015fl\u0259rin ke\u00e7irilm\u0259si n\u0259z\u0259rd\u0259 tutulur.<\/p>\n<p>Qeyd ed\u0259k ki, Ucar rayonundan Milli M\u0259clis\u0259 deputat se\u00e7ilmi\u015f Ramil H\u0259s\u0259n h\u0259r ay m\u00fct\u0259madi olaraq se\u00e7icil\u0259rl\u0259 bir araya g\u0259lir, onlar\u0131n t\u0259l\u0259bl\u0259ri, t\u0259klifl\u0259ri v\u0259 eyni zamanda qar\u015f\u0131la\u015fm\u0131\u015f olduqlar\u0131 probleml\u0259rl\u0259 ba\u011fl\u0131 dinl\u0259m\u0259l\u0259r h\u0259yata ke\u00e7irir v\u0259 qanunvericiliy\u0259 uy\u011fun formada \u0259halinin haql\u0131 t\u0259l\u0259bl\u0259rinin yerind\u0259c\u0259 h\u0259ll olunmas\u0131, m\u00fcvafiq qurum v\u0259 strukturlara \u00e7atd\u0131r\u0131lmas\u0131 il\u0259 ba\u011fl\u0131 aktiv \u015f\u0259kild\u0259 f\u0259aliyy\u0259t g\u00f6st\u0259rir.<\/p>\n<p><img class=\"imgbcode\" src=\"https:\/\/upload.az\/foto\/arxiv\/r1_11625652399.jpg\" alt=\"Ramil H\u0259s\u0259n Ucarda se\u00e7icil\u0259ri il\u0259 g\u00f6r\u00fc\u015fd\u00fc \u2013 FOTOLAR\" \/><img class=\"imgbcode\" src=\"https:\/\/upload.az\/foto\/arxiv\/r2_71625652399.jpg\" alt=\"Ramil H\u0259s\u0259n Ucarda se\u00e7icil\u0259ri il\u0259 g\u00f6r\u00fc\u015fd\u00fc \u2013 FOTOLAR\" \/><img class=\"imgbcode\" src=\"https:\/\/upload.az\/foto\/arxiv\/r3_41625652399.jpg\" alt=\"Ramil H\u0259s\u0259n Ucarda se\u00e7icil\u0259ri il\u0259 g\u00f6r\u00fc\u015fd\u00fc \u2013 FOTOLAR\" \/><img class=\"imgbcode\" src=\"https:\/\/upload.az\/foto\/arxiv\/r4_61625652399.jpg\" alt=\"Ramil H\u0259s\u0259n Ucarda se\u00e7icil\u0259ri il\u0259 g\u00f6r\u00fc\u015fd\u00fc \u2013 FOTOLAR\" \/><img class=\"imgbcode\" src=\"https:\/\/upload.az\/foto\/arxiv\/r5_51625652399.jpg\" alt=\"Ramil H\u0259s\u0259n Ucarda se\u00e7icil\u0259ri il\u0259 g\u00f6r\u00fc\u015fd\u00fc \u2013 FOTOLAR\" \/><img class=\"imgbcode\" src=\"https:\/\/upload.az\/foto\/arxiv\/r6_81625652399.jpg\" alt=\"Ramil H\u0259s\u0259n Ucarda se\u00e7icil\u0259ri il\u0259 g\u00f6r\u00fc\u015fd\u00fc \u2013 FOTOLAR\" \/><img class=\"imgbcode\" src=\"https:\/\/upload.az\/foto\/arxiv\/r7_51625652399.jpg\" alt=\"Ramil H\u0259s\u0259n Ucarda se\u00e7icil\u0259ri il\u0259 g\u00f6r\u00fc\u015fd\u00fc \u2013 FOTOLAR\" \/><\/p>\n","protected":false},"excerpt":{"rendered":"<p>Az\u0259rbaycan Respublikas\u0131 Milli M\u0259clisinin deputat\u0131 Ramil H\u0259s\u0259n 07 iyul 2021-ci il tarixind\u0259 Ucar rayonuna se\u00e7icil\u0259ri il\u0259 g\u00f6r\u00fc\u015fm\u0259k \u00fc\u00e7\u00fcn s\u0259f\u0259r edib. ARANTV.AZ\u00a0 x\u0259b\u0259r\u00a0verir ki, s\u0259f\u0259r \u00e7\u0259r\u00e7iv\u0259sind\u0259 Milli M\u0259clisin deputat\u0131 ilk \u00f6nc\u0259 \u00dcm\u00fcmmilli Lider Heyd\u0259r \u018fliyevin Ucar \u015f\u0259h\u0259r m\u0259rk\u0259zind\u0259 ucald\u0131lm\u0131\u015f abid\u0259sini ziyar\u0259t edib, \u00f6n\u00fcn\u0259 \u00e7i\u00e7\u0259kl\u0259r qoyub. Daha sonra Ucar rayon m\u0259rk\u0259zind\u0259 yerl\u0259\u015f\u0259n \u015e\u0259hidl\u0259r Xiyaban\u0131nda v\u0259t\u0259n u\u011frunda canlar\u0131n\u0131 f\u0259da etmi\u015f \u015e\u0259hidl\u0259rimizin m\u0259zarlar\u0131 ziyar\u0259t edilib, dualar oxunub. Milli M\u0259clisin deputat\u0131 Ramil H\u0259s\u0259n Yeni Az\u0259rbaycan Partiyas\u0131 Ucar rayon T\u0259\u015fkilat\u0131n\u0131n s\u0259dri \u015e\u0259hla Abdullayeva v\u0259 partiya f\u0259allar\u0131 il\u0259 bir araya g\u0259lib, qar\u015f\u0131dan g\u0259l\u0259n Qurban bayram\u0131 m\u00fcnasib\u0259til\u0259 onlar\u0131&hellip;<\/p>\n","protected":false},"author":2,"featured_media":354990,"comment_status":"closed","ping_status":"closed","sticky":false,"template":"","format":"standard","meta":{"om_disable_all_campaigns":false,"_monsterinsights_skip_tracking":false,"_monsterinsights_sitenote_active":false,"_monsterinsights_sitenote_note":"","_monsterinsights_sitenote_category":0},"categories":[26],"tags":[],"aioseo_notices":[],"gutentor_comment":0,"rttpg_featured_image_url":{"full":["https:\/\/arantv.az\/wp-content\/uploads\/2021\/07\/ramil1_51625652399.jpg",649,350,false],"landscape":["https:\/\/arantv.az\/wp-content\/uploads\/2021\/07\/ramil1_51625652399.jpg",649,350,false],"portraits":["https:\/\/arantv.az\/wp-content\/uploads\/2021\/07\/ramil1_51625652399.jpg",649,350,false],"thumbnail":["https:\/\/arantv.az\/wp-content\/uploads\/2021\/07\/ramil1_51625652399-500x280.jpg",500,280,true],"medium":["https:\/\/arantv.az\/wp-content\/uploads\/2021\/07\/ramil1_51625652399.jpg",649,350,false],"large":["https:\/\/arantv.az\/wp-content\/uploads\/2021\/07\/ramil1_51625652399.jpg",640,345,false],"1536x1536":["https:\/\/arantv.az\/wp-content\/uploads\/2021\/07\/ramil1_51625652399.jpg",649,350,false],"2048x2048":["https:\/\/arantv.az\/wp-content\/uploads\/2021\/07\/ramil1_51625652399.jpg",649,350,false],"post-thumbnail":["https:\/\/arantv.az\/wp-content\/uploads\/2021\/07\/ramil1_51625652399-240x172.jpg",240,172,true],"advps-thumb-one":["https:\/\/arantv.az\/wp-content\/uploads\/2021\/07\/ramil1_51625652399.jpg",649,350,false]},"rttpg_author":{"display_name":"V\u00fcsal Rafiqo\u011flu","author_link":"https:\/\/arantv.az\/?author=2"},"rttpg_comment":0,"rttpg_category":"<a href=\"https:\/\/arantv.az\/?cat=26\" rel=\"category\">Sosial<\/a>","rttpg_excerpt":"Az\u0259rbaycan Respublikas\u0131 Milli M\u0259clisinin deputat\u0131 Ramil H\u0259s\u0259n 07 iyul 2021-ci il tarixind\u0259 Ucar rayonuna se\u00e7icil\u0259ri il\u0259 g\u00f6r\u00fc\u015fm\u0259k \u00fc\u00e7\u00fcn s\u0259f\u0259r edib. ARANTV.AZ\u00a0 x\u0259b\u0259r\u00a0verir ki, s\u0259f\u0259r \u00e7\u0259r\u00e7iv\u0259sind\u0259 Milli M\u0259clisin deputat\u0131 ilk \u00f6nc\u0259 \u00dcm\u00fcmmilli Lider Heyd\u0259r \u018fliyevin Ucar \u015f\u0259h\u0259r m\u0259rk\u0259zind\u0259 ucald\u0131lm\u0131\u015f abid\u0259sini ziyar\u0259t edib, \u00f6n\u00fcn\u0259 \u00e7i\u00e7\u0259kl\u0259r qoyub. Daha sonra Ucar rayon m\u0259rk\u0259zind\u0259 yerl\u0259\u015f\u0259n \u015e\u0259hidl\u0259r Xiyaban\u0131nda v\u0259t\u0259n u\u011frunda canlar\u0131n\u0131&hellip;","_links":{"self":[{"href":"https:\/\/arantv.az\/index.php?rest_route=\/wp\/v2\/posts\/354989"}],"collection":[{"href":"https:\/\/arantv.az\/index.php?rest_route=\/wp\/v2\/posts"}],"about":[{"href":"https:\/\/arantv.az\/index.php?rest_route=\/wp\/v2\/types\/post"}],"author":[{"embeddable":true,"href":"https:\/\/arantv.az\/index.php?rest_route=\/wp\/v2\/users\/2"}],"replies":[{"embeddable":true,"href":"https:\/\/arantv.az\/index.php?rest_route=%2Fwp%2Fv2%2Fcomments&post=354989"}],"version-history":[{"count":0,"href":"https:\/\/arantv.az\/index.php?rest_route=\/wp\/v2\/posts\/354989\/revisions"}],"wp:featuredmedia":[{"embeddable":true,"href":"https:\/\/arantv.az\/index.php?rest_route=\/wp\/v2\/media\/354990"}],"wp:attachment":[{"href":"https:\/\/arantv.az\/index.php?rest_route=%2Fwp%2Fv2%2Fmedia&parent=354989"}],"wp:term":[{"taxonomy":"category","embeddable":true,"href":"https:\/\/arantv.az\/index.php?rest_route=%2Fwp%2Fv2%2Fcategories&post=354989"},{"taxonomy":"post_tag","embeddable":true,"href":"https:\/\/arantv.az\/index.php?rest_route=%2Fwp%2Fv2%2Ftags&post=354989"}],"curies":[{"name":"wp","href":"https:\/\/api.w.org\/{rel}","templated":true}]}}