{"id":354992,"date":"2021-07-07T13:33:41","date_gmt":"2021-07-07T10:33:41","guid":{"rendered":"http:\/\/arantv.az\/?p=354992"},"modified":"2021-07-07T13:33:41","modified_gmt":"2021-07-07T10:33:41","slug":"dord-usaq-atasini-c%c9%99r%c9%99yan-vurub-oldurdu","status":"publish","type":"post","link":"https:\/\/arantv.az\/?p=354992","title":{"rendered":"D\u00f6rd u\u015faq atas\u0131n\u0131 c\u0259r\u0259yan vurub \u00f6ld\u00fcrd\u00fc"},"content":{"rendered":"<p>Ucar sakinini elektrik c\u0259r\u0259yan\u0131 vuraraq \u00f6ld\u00fcr\u00fcb.<\/p>\n<p><strong>ARANTV.AZ<\/strong> &#8220;Qafqazinfo&#8221;ya istinad\u0259n <a title=\"xeberler son xeberler 2021\" href=\"https:\/\/big.az\/\" target=\"_blank\" rel=\"noopener\">x\u0259b\u0259r<\/a>\u00a0verir ki, rayonun M\u00fcs\u00fcsl\u00fc k\u0259nd sakini, 1976-c\u0131 il t\u0259v\u0259ll\u00fcdl\u00fc A\u011fayev Natiq Kamil o\u011flu su nasosu il\u0259 h\u0259y\u0259ti sulayan zaman onu c\u0259r\u0259yan vuraraq \u00f6ld\u00fcr\u00fcb.<\/p>\n<div id=\"AdviadNativeVideo0\" class=\"AdviadNativeVideo\"><\/div>\n<p>Faktla ba\u011fl\u0131 rayon prokurorlu\u011funda ara\u015fd\u0131rma apar\u0131l\u0131r.<\/p>\n<p>Qeyd ed\u0259k ki, N. A\u011fayev d\u00f6rd u\u015faq atas\u0131d\u0131r.<\/p>\n","protected":false},"excerpt":{"rendered":"<p>Ucar sakinini elektrik c\u0259r\u0259yan\u0131 vuraraq \u00f6ld\u00fcr\u00fcb. ARANTV.AZ &#8220;Qafqazinfo&#8221;ya istinad\u0259n x\u0259b\u0259r\u00a0verir ki, rayonun M\u00fcs\u00fcsl\u00fc k\u0259nd sakini, 1976-c\u0131 il t\u0259v\u0259ll\u00fcdl\u00fc A\u011fayev Natiq Kamil o\u011flu su nasosu il\u0259 h\u0259y\u0259ti sulayan zaman onu c\u0259r\u0259yan vuraraq \u00f6ld\u00fcr\u00fcb. Faktla ba\u011fl\u0131 rayon prokurorlu\u011funda ara\u015fd\u0131rma apar\u0131l\u0131r. Qeyd ed\u0259k ki, N. A\u011fayev d\u00f6rd u\u015faq atas\u0131d\u0131r.<\/p>\n","protected":false},"author":2,"featured_media":354993,"comment_status":"closed","ping_status":"closed","sticky":false,"template":"","format":"standard","meta":{"om_disable_all_campaigns":false,"_monsterinsights_skip_tracking":false,"_monsterinsights_sitenote_active":false,"_monsterinsights_sitenote_note":"","_monsterinsights_sitenote_category":0},"categories":[5],"tags":[],"aioseo_notices":[],"gutentor_comment":0,"rttpg_featured_image_url":{"full":["https:\/\/arantv.az\/wp-content\/uploads\/2021\/07\/mey_91625653233.jpg",620,335,false],"landscape":["https:\/\/arantv.az\/wp-content\/uploads\/2021\/07\/mey_91625653233.jpg",620,335,false],"portraits":["https:\/\/arantv.az\/wp-content\/uploads\/2021\/07\/mey_91625653233.jpg",620,335,false],"thumbnail":["https:\/\/arantv.az\/wp-content\/uploads\/2021\/07\/mey_91625653233-500x280.jpg",500,280,true],"medium":["https:\/\/arantv.az\/wp-content\/uploads\/2021\/07\/mey_91625653233.jpg",620,335,false],"large":["https:\/\/arantv.az\/wp-content\/uploads\/2021\/07\/mey_91625653233.jpg",620,335,false],"1536x1536":["https:\/\/arantv.az\/wp-content\/uploads\/2021\/07\/mey_91625653233.jpg",620,335,false],"2048x2048":["https:\/\/arantv.az\/wp-content\/uploads\/2021\/07\/mey_91625653233.jpg",620,335,false],"post-thumbnail":["https:\/\/arantv.az\/wp-content\/uploads\/2021\/07\/mey_91625653233-240x172.jpg",240,172,true],"advps-thumb-one":["https:\/\/arantv.az\/wp-content\/uploads\/2021\/07\/mey_91625653233.jpg",620,335,false]},"rttpg_author":{"display_name":"V\u00fcsal Rafiqo\u011flu","author_link":"https:\/\/arantv.az\/?author=2"},"rttpg_comment":0,"rttpg_category":"<a href=\"https:\/\/arantv.az\/?cat=5\" rel=\"category\">Hadis\u0259<\/a>","rttpg_excerpt":"Ucar sakinini elektrik c\u0259r\u0259yan\u0131 vuraraq \u00f6ld\u00fcr\u00fcb. ARANTV.AZ &#8220;Qafqazinfo&#8221;ya istinad\u0259n x\u0259b\u0259r\u00a0verir ki, rayonun M\u00fcs\u00fcsl\u00fc k\u0259nd sakini, 1976-c\u0131 il t\u0259v\u0259ll\u00fcdl\u00fc A\u011fayev Natiq Kamil o\u011flu su nasosu il\u0259 h\u0259y\u0259ti sulayan zaman onu c\u0259r\u0259yan vuraraq \u00f6ld\u00fcr\u00fcb. Faktla ba\u011fl\u0131 rayon prokurorlu\u011funda ara\u015fd\u0131rma apar\u0131l\u0131r. Qeyd ed\u0259k ki, N. A\u011fayev d\u00f6rd u\u015faq atas\u0131d\u0131r.","_links":{"self":[{"href":"https:\/\/arantv.az\/index.php?rest_route=\/wp\/v2\/posts\/354992"}],"collection":[{"href":"https:\/\/arantv.az\/index.php?rest_route=\/wp\/v2\/posts"}],"about":[{"href":"https:\/\/arantv.az\/index.php?rest_route=\/wp\/v2\/types\/post"}],"author":[{"embeddable":true,"href":"https:\/\/arantv.az\/index.php?rest_route=\/wp\/v2\/users\/2"}],"replies":[{"embeddable":true,"href":"https:\/\/arantv.az\/index.php?rest_route=%2Fwp%2Fv2%2Fcomments&post=354992"}],"version-history":[{"count":0,"href":"https:\/\/arantv.az\/index.php?rest_route=\/wp\/v2\/posts\/354992\/revisions"}],"wp:featuredmedia":[{"embeddable":true,"href":"https:\/\/arantv.az\/index.php?rest_route=\/wp\/v2\/media\/354993"}],"wp:attachment":[{"href":"https:\/\/arantv.az\/index.php?rest_route=%2Fwp%2Fv2%2Fmedia&parent=354992"}],"wp:term":[{"taxonomy":"category","embeddable":true,"href":"https:\/\/arantv.az\/index.php?rest_route=%2Fwp%2Fv2%2Fcategories&post=354992"},{"taxonomy":"post_tag","embeddable":true,"href":"https:\/\/arantv.az\/index.php?rest_route=%2Fwp%2Fv2%2Ftags&post=354992"}],"curies":[{"name":"wp","href":"https:\/\/api.w.org\/{rel}","templated":true}]}}