{"id":355007,"date":"2021-07-07T13:38:58","date_gmt":"2021-07-07T10:38:58","guid":{"rendered":"http:\/\/arantv.az\/?p=355007"},"modified":"2021-07-07T13:38:58","modified_gmt":"2021-07-07T10:38:58","slug":"anar-m%c9%99mm%c9%99dov-susa-b%c9%99yannam%c9%99si-region-ucun-yeni-tarixi-gerc%c9%99klik-dem%c9%99kdir","status":"publish","type":"post","link":"https:\/\/arantv.az\/?p=355007","title":{"rendered":"Anar M\u0259mm\u0259dov: \u015eu\u015fa B\u0259yannam\u0259si region \u00fc\u00e7\u00fcn yeni tarixi ger\u00e7\u0259klik dem\u0259kdir"},"content":{"rendered":"<p>\u201c\u0130kinci Qaraba\u011f m\u00fcharib\u0259sind\u0259ki h\u0259rbi-siyasi q\u0259l\u0259b\u0259 il\u0259 Az\u0259rbaycan b\u00f6lg\u0259d\u0259ki statusunu daha da m\u00f6hk\u0259ml\u0259ndirdi. \u0130ndi qalib \u00f6lk\u0259 kimi Az\u0259rbaycan oyun qaydalar\u0131n\u0131 \u00f6z\u00fc m\u00fc\u0259yy\u0259nl\u0259\u015fdirir, t\u0259r\u0259fda\u015flar\u0131na, m\u00fctt\u0259fiql\u0259rin\u0259 \u0259m\u0259kda\u015fl\u0131q t\u0259klifl\u0259rini a\u00e7\u0131q \u015f\u0259kild\u0259 bildirir. Qaraba\u011f\u0131n d\u00fc\u015fm\u0259n tapda\u011f\u0131ndan t\u0259mizl\u0259nm\u0259sind\u0259n sonra regionda yaranan qar\u015f\u0131l\u0131ql\u0131 faydal\u0131 \u0259m\u0259kda\u015fl\u0131q imkanlar\u0131 \u00e7ox\u015fax\u0259li m\u00fcnasib\u0259tl\u0259rin daha dinamik inki\u015faf\u0131na xidm\u0259t g\u00f6st\u0259rir.\u201d<\/p>\n<p>Bu fikirl\u0259ri\u00a0<strong>\u201c\u0130ki sahil\u201d<\/strong>\u0259 a\u00e7\u0131qlamas\u0131nra\u00a0<strong>Milli M\u0259clisin deputat\u0131 Anar M\u0259mm\u0259dov\u00a0<\/strong>deyib.<\/p>\n<p><img src=\"https:\/\/ikisahil.az\/upload\/\/2020\/11\/27\/\/-14ad095e160647372177439218010874192.jpg\" alt=\"\" \/><\/p>\n<p>A.M\u0259mm\u0259dov bildirib ki, Prezident \u0130lham \u018fliyev v\u0259 T\u00fcrkiy\u0259 Prezidenti R\u0259c\u0259b Tayyib \u018frdo\u011fan aras\u0131nda \u015eu\u015fada imzalanm\u0131\u015f B\u0259yannam\u0259, el\u0259c\u0259 d\u0259 T\u00fcrkiy\u0259 Respublikas\u0131n\u0131n \u015eu\u015fada ba\u015f konsulluq a\u00e7maq q\u0259rar\u0131 Az\u0259rbaycan\u0131n Qaraba\u011f b\u00f6lg\u0259si \u00fc\u00e7\u00fcn yeni imkanlar a\u00e7\u0131r: \u201cBu imkanlar h\u0259m \u015eu\u015faya qay\u0131dacaq \u015fu\u015fal\u0131lar, h\u0259m \u0259traf rayonlar\u0131n sakinl\u0259ri, h\u0259m d\u0259 Qaraba\u011fda ya\u015fayan erm\u0259nil\u0259r \u00fc\u00e7\u00fcn firavan g\u0259l\u0259c\u0259k v\u0259d edir. \u00dcmumi maraqlar\u0131n qorunmas\u0131nda h\u0259r iki \u00f6lk\u0259nin siyasi, iqtisadi, m\u00fcdafi\u0259, m\u0259d\u0259ni, humanitar, s\u0259hiyy\u0259, t\u0259hsil, sosial, g\u0259ncl\u0259r v\u0259 idman sah\u0259l\u0259rind\u0259ki imkan v\u0259 potensiallar\u0131n\u0131n birl\u0259\u015fdirilm\u0259sini ehtiva ed\u0259n s\u0259n\u0259d \u00f6lk\u0259l\u0259rin g\u0259l\u0259c\u0259k inki\u015faf\u0131na v\u0259 xalqlar\u0131n rifah\u0131na t\u0259minat verir. Bel\u0259likl\u0259, \u015eu\u015fa B\u0259yannam\u0259si h\u0259r \u015feyd\u0259n \u00f6nc\u0259 iki qarda\u015f \u00f6lk\u0259 aras\u0131nda m\u00fcnasib\u0259tl\u0259rin g\u0259l\u0259c\u0259yini m\u00fc\u0259yy\u0259n ed\u0259n yol x\u0259rit\u0259si kimi d\u0259 tarix\u0259 d\u00fc\u015f\u0259c\u0259k. \u0130ki qarda\u015f \u00f6lk\u0259nin b\u00fct\u00fcn h\u0259yati \u0259h\u0259miyy\u0259tli m\u0259s\u0259l\u0259l\u0259ri\u00a0il\u0259 ba\u011fl\u0131 m\u00fcdd\u0259alar\u0131n \u0259ksini tapd\u0131\u011f\u0131 B\u0259yannam\u0259 regional t\u0259hl\u00fck\u0259sizliyin t\u0259min olunmas\u0131 bax\u0131m\u0131ndan da x\u00fcsusi \u0259h\u0259miyy\u0259t\u0259 malikdir. Bundan sonra Az\u0259rbaycana qar\u015f\u0131 ist\u0259nil\u0259n t\u0259xribat\u0131n, h\u00fccumun qar\u015f\u0131s\u0131nda iki qarda\u015f\u0131n \u0259zmi g\u00f6r\u00fcn\u0259c\u0259k. Y\u0259ni Az\u0259rbaycan\u0131n h\u0259r hans\u0131sa bir \u0259razisin\u0259 h\u00fccum ed\u0259n q\u00fcvv\u0259nin ba\u015f\u0131na iki d\u0259mir yumruq d\u0259y\u0259c\u0259k. B\u0259yannam\u0259nin Az\u0259rbaycan v\u0259 T\u00fcrkiy\u0259 il\u0259 yana\u015f\u0131 Erm\u0259nistan \u00fc\u00e7\u00fcn d\u0259 \u00fcst\u00fcn c\u0259h\u0259tl\u0259ri var. Bel\u0259 ki, B\u0259yannam\u0259 il\u0259 birg\u0259 erm\u0259ni \u0259silli Az\u0259rbaycan v\u0259t\u0259nda\u015flar\u0131 Qaraba\u011fa inteqrasiya v\u0259 b\u00f6lg\u0259d\u0259 apar\u0131lan quruculuq, abadl\u0131q i\u015fl\u0259rind\u0259n yararlanmaq imkanlar\u0131 qazanacaqlar. Ayd\u0131nd\u0131r ki, ruslara g\u00fcv\u0259nm\u0259k Erm\u0259nistana he\u00e7 n\u0259 v\u0259d etmir. \u00c7\u00fcnki, onlar b\u00f6lg\u0259d\u0259 davaml\u0131 deyil. Bir m\u00fcdd\u0259t sonra m\u0259cbur olub ged\u0259c\u0259kl\u0259r. T\u00fcrkiy\u0259 is\u0259 daima b\u00f6lg\u0259d\u0259 \u0259sas g\u00fcc m\u0259rk\u0259zl\u0259rind\u0259n biri kimi t\u0259msil olunacaq. T\u00fcrkiy\u0259nin timsal\u0131nda NATO da bolg\u0259d\u0259 olacaq. Bu is\u0259 t\u0259bii ki, Rusiyan\u0131n t\u0259sirinin azalmas\u0131na yol a\u00e7acaq.\u201d<\/p>\n<p>Deputat qeyd edib ki, B\u0259yannam\u0259 h\u0259m\u00e7inin d\u00fcnyan\u0131n f\u00f6vq\u0259lg\u00fcc d\u00f6vl\u0259tl\u0259rinin Az\u0259rbaycan h\u0259qiq\u0259tl\u0259rini q\u0259bul etm\u0259si dem\u0259kdir: \u201cM\u00fcharib\u0259 d\u00f6vr\u00fcnd\u0259 AB\u015e D\u00f6vl\u0259t Departamentinin v\u0259 Senat\u0131n\u0131n b\u0259zi erm\u0259nip\u0259r\u0259st \u00fczvl\u0259rinin x\u0259yallar\u0131, \u00f6lk\u0259miz\u0259 qar\u015f\u0131 c\u0259hdl\u0259ri he\u00e7 bir fayda verm\u0259di. Bununla yana\u015f\u0131, Avropa Birliyinin Fransa kimi bir ne\u00e7\u0259 \u00fczv\u00fc istisna olmaqla AB d\u0259 bit\u0259r\u0259f m\u00f6vqed\u0259 dayand\u0131. Bu da erm\u0259ni c\u0259miyy\u0259tinin g\u00f6zl\u0259ntil\u0259rini he\u00e7\u0259 endirdi. Bel\u0259likl\u0259, haz\u0131rda Erm\u0259nistan n\u0259 AB\u015e-dan, n\u0259 AB-d\u0259n, n\u0259 d\u0259 Rusiyadan m\u0259d\u0259t g\u00f6zl\u0259y\u0259 bilm\u0259z. Onlar\u0131n \u00f6z varl\u0131qlar\u0131n\u0131 davam etdirm\u0259yinin t\u0259k yolu Az\u0259rbaycanla m\u00fcnasib\u0259tl\u0259rini t\u0259nziml\u0259m\u0259k v\u0259 s\u00fclh\u0259 haz\u0131rl\u0131q g\u00f6rm\u0259kdir. \u018fks t\u0259qdird\u0259 olacaqlar \u0259n \u00e7ox erm\u0259ni c\u0259miyy\u0259tini qorxutmal\u0131d\u0131r.\u201d<\/p>\n<p>A.M\u0259mm\u0259dov vur\u011fulay\u0131b ki, Erm\u0259nistan \u00f6z\u00fcn\u00fc he\u00e7 olmasa, bundan sonra normal, sivil qon\u015fu kimi apararsa, n\u0259inki itir\u0259r, \u0259ksin\u0259, qazana bil\u0259r: \u201cArt\u0131q ne\u00e7\u0259nci d\u0259f\u0259dir ki, Az\u0259rbaycan\u0131n humanist Prezidenti d\u00fc\u015fm\u0259n \u00f6lk\u0259nin d\u00fc\u015fd\u00fcy\u00fc ac\u0131nacaql\u0131 durumdan, iqtisadi bataql\u0131qdan qurtulu\u015f yollar\u0131n\u0131 g\u00f6st\u0259rir. Bu da bir daha onu dem\u0259y\u0259 \u0259sas verir ki, \u0130lham \u018fliyev n\u0259inki Az\u0259rbaycan\u0131n, h\u0259tta qon\u015fu v\u0259 t\u0259r\u0259fda\u015f \u00f6lk\u0259l\u0259rin d\u0259 iqtisadiyyat\u0131n\u0131n inki\u015faf\u0131na k\u00f6m\u0259k etm\u0259k \u00fc\u00e7\u00fcn t\u0259\u015f\u0259bb\u00fcsl\u0259r ir\u0259li s\u00fcr\u00fcr. G\u00f6r\u00fcnd\u00fcy\u00fc kimi, \u0130lham \u018fliyev bu g\u00fcn postm\u00fcharib\u0259 d\u00f6vr\u00fcn\u00fcn reall\u0131qlar\u0131n\u0131 ortaya qoyur v\u0259 yeni h\u0259d\u0259fl\u0259ri, inki\u015faf istiqam\u0259tl\u0259rini m\u00fc\u0259yy\u0259nl\u0259\u015fdirir. Qarda\u015f T\u00fcrkiy\u0259 Respublikas\u0131 il\u0259 imzalanan \u015eu\u015fa B\u0259yannam\u0259si is\u0259 Az\u0259rbaycan\u0131n y\u00fcks\u0259li\u015fi, daha da q\u00fcdr\u0259tl\u0259nm\u0259si \u00fc\u00e7\u00fcn \u0259lveri\u015fli imkanlar a\u00e7d\u0131 v\u0259 region \u00fc\u00e7\u00fcn yeni tarixi ger\u00e7\u0259klik dem\u0259kdir.\u201d<\/p>\n","protected":false},"excerpt":{"rendered":"<p>\u201c\u0130kinci Qaraba\u011f m\u00fcharib\u0259sind\u0259ki h\u0259rbi-siyasi q\u0259l\u0259b\u0259 il\u0259 Az\u0259rbaycan b\u00f6lg\u0259d\u0259ki statusunu daha da m\u00f6hk\u0259ml\u0259ndirdi. \u0130ndi qalib \u00f6lk\u0259 kimi Az\u0259rbaycan oyun qaydalar\u0131n\u0131 \u00f6z\u00fc m\u00fc\u0259yy\u0259nl\u0259\u015fdirir, t\u0259r\u0259fda\u015flar\u0131na, m\u00fctt\u0259fiql\u0259rin\u0259 \u0259m\u0259kda\u015fl\u0131q t\u0259klifl\u0259rini a\u00e7\u0131q \u015f\u0259kild\u0259 bildirir. Qaraba\u011f\u0131n d\u00fc\u015fm\u0259n tapda\u011f\u0131ndan t\u0259mizl\u0259nm\u0259sind\u0259n sonra regionda yaranan qar\u015f\u0131l\u0131ql\u0131 faydal\u0131 \u0259m\u0259kda\u015fl\u0131q imkanlar\u0131 \u00e7ox\u015fax\u0259li m\u00fcnasib\u0259tl\u0259rin daha dinamik inki\u015faf\u0131na xidm\u0259t g\u00f6st\u0259rir.\u201d Bu fikirl\u0259ri\u00a0\u201c\u0130ki sahil\u201d\u0259 a\u00e7\u0131qlamas\u0131nra\u00a0Milli M\u0259clisin deputat\u0131 Anar M\u0259mm\u0259dov\u00a0deyib. A.M\u0259mm\u0259dov bildirib ki, Prezident \u0130lham \u018fliyev v\u0259 T\u00fcrkiy\u0259 Prezidenti R\u0259c\u0259b Tayyib \u018frdo\u011fan aras\u0131nda \u015eu\u015fada imzalanm\u0131\u015f B\u0259yannam\u0259, el\u0259c\u0259 d\u0259 T\u00fcrkiy\u0259 Respublikas\u0131n\u0131n \u015eu\u015fada ba\u015f konsulluq a\u00e7maq q\u0259rar\u0131 Az\u0259rbaycan\u0131n Qaraba\u011f b\u00f6lg\u0259si \u00fc\u00e7\u00fcn yeni imkanlar a\u00e7\u0131r: \u201cBu imkanlar h\u0259m \u015eu\u015faya&hellip;<\/p>\n","protected":false},"author":2,"featured_media":355008,"comment_status":"closed","ping_status":"closed","sticky":false,"template":"","format":"standard","meta":{"om_disable_all_campaigns":false,"_monsterinsights_skip_tracking":false,"_monsterinsights_sitenote_active":false,"_monsterinsights_sitenote_note":"","_monsterinsights_sitenote_category":0},"categories":[4],"tags":[],"aioseo_notices":[],"gutentor_comment":0,"rttpg_featured_image_url":{"full":["https:\/\/arantv.az\/wp-content\/uploads\/2021\/07\/e8d92f99162565255099215376810826121.jpg",975,540,false],"landscape":["https:\/\/arantv.az\/wp-content\/uploads\/2021\/07\/e8d92f99162565255099215376810826121.jpg",975,540,false],"portraits":["https:\/\/arantv.az\/wp-content\/uploads\/2021\/07\/e8d92f99162565255099215376810826121.jpg",975,540,false],"thumbnail":["https:\/\/arantv.az\/wp-content\/uploads\/2021\/07\/e8d92f99162565255099215376810826121-500x280.jpg",500,280,true],"medium":["https:\/\/arantv.az\/wp-content\/uploads\/2021\/07\/e8d92f99162565255099215376810826121-660x365.jpg",660,365,true],"large":["https:\/\/arantv.az\/wp-content\/uploads\/2021\/07\/e8d92f99162565255099215376810826121-840x465.jpg",640,354,true],"1536x1536":["https:\/\/arantv.az\/wp-content\/uploads\/2021\/07\/e8d92f99162565255099215376810826121.jpg",975,540,false],"2048x2048":["https:\/\/arantv.az\/wp-content\/uploads\/2021\/07\/e8d92f99162565255099215376810826121.jpg",975,540,false],"post-thumbnail":["https:\/\/arantv.az\/wp-content\/uploads\/2021\/07\/e8d92f99162565255099215376810826121-240x172.jpg",240,172,true],"advps-thumb-one":["https:\/\/arantv.az\/wp-content\/uploads\/2021\/07\/e8d92f99162565255099215376810826121.jpg",975,540,false]},"rttpg_author":{"display_name":"V\u00fcsal Rafiqo\u011flu","author_link":"https:\/\/arantv.az\/?author=2"},"rttpg_comment":0,"rttpg_category":"<a href=\"https:\/\/arantv.az\/?cat=4\" rel=\"category\">Siyas\u0259t<\/a>","rttpg_excerpt":"\u201c\u0130kinci Qaraba\u011f m\u00fcharib\u0259sind\u0259ki h\u0259rbi-siyasi q\u0259l\u0259b\u0259 il\u0259 Az\u0259rbaycan b\u00f6lg\u0259d\u0259ki statusunu daha da m\u00f6hk\u0259ml\u0259ndirdi. \u0130ndi qalib \u00f6lk\u0259 kimi Az\u0259rbaycan oyun qaydalar\u0131n\u0131 \u00f6z\u00fc m\u00fc\u0259yy\u0259nl\u0259\u015fdirir, t\u0259r\u0259fda\u015flar\u0131na, m\u00fctt\u0259fiql\u0259rin\u0259 \u0259m\u0259kda\u015fl\u0131q t\u0259klifl\u0259rini a\u00e7\u0131q \u015f\u0259kild\u0259 bildirir. Qaraba\u011f\u0131n d\u00fc\u015fm\u0259n tapda\u011f\u0131ndan t\u0259mizl\u0259nm\u0259sind\u0259n sonra regionda yaranan qar\u015f\u0131l\u0131ql\u0131 faydal\u0131 \u0259m\u0259kda\u015fl\u0131q imkanlar\u0131 \u00e7ox\u015fax\u0259li m\u00fcnasib\u0259tl\u0259rin daha dinamik inki\u015faf\u0131na xidm\u0259t g\u00f6st\u0259rir.\u201d Bu fikirl\u0259ri\u00a0\u201c\u0130ki sahil\u201d\u0259 a\u00e7\u0131qlamas\u0131nra\u00a0Milli M\u0259clisin deputat\u0131 Anar M\u0259mm\u0259dov\u00a0deyib. A.M\u0259mm\u0259dov&hellip;","_links":{"self":[{"href":"https:\/\/arantv.az\/index.php?rest_route=\/wp\/v2\/posts\/355007"}],"collection":[{"href":"https:\/\/arantv.az\/index.php?rest_route=\/wp\/v2\/posts"}],"about":[{"href":"https:\/\/arantv.az\/index.php?rest_route=\/wp\/v2\/types\/post"}],"author":[{"embeddable":true,"href":"https:\/\/arantv.az\/index.php?rest_route=\/wp\/v2\/users\/2"}],"replies":[{"embeddable":true,"href":"https:\/\/arantv.az\/index.php?rest_route=%2Fwp%2Fv2%2Fcomments&post=355007"}],"version-history":[{"count":0,"href":"https:\/\/arantv.az\/index.php?rest_route=\/wp\/v2\/posts\/355007\/revisions"}],"wp:featuredmedia":[{"embeddable":true,"href":"https:\/\/arantv.az\/index.php?rest_route=\/wp\/v2\/media\/355008"}],"wp:attachment":[{"href":"https:\/\/arantv.az\/index.php?rest_route=%2Fwp%2Fv2%2Fmedia&parent=355007"}],"wp:term":[{"taxonomy":"category","embeddable":true,"href":"https:\/\/arantv.az\/index.php?rest_route=%2Fwp%2Fv2%2Fcategories&post=355007"},{"taxonomy":"post_tag","embeddable":true,"href":"https:\/\/arantv.az\/index.php?rest_route=%2Fwp%2Fv2%2Ftags&post=355007"}],"curies":[{"name":"wp","href":"https:\/\/api.w.org\/{rel}","templated":true}]}}