{"id":355010,"date":"2021-07-07T13:40:57","date_gmt":"2021-07-07T10:40:57","guid":{"rendered":"http:\/\/arantv.az\/?p=355010"},"modified":"2021-07-07T13:40:57","modified_gmt":"2021-07-07T10:40:57","slug":"prezident-iqtisadi-rayonlarin-yeni-bolgusu-il%c9%99-bagli-f%c9%99rman-imzaladi","status":"publish","type":"post","link":"https:\/\/arantv.az\/?p=355010","title":{"rendered":"Prezident iqtisadi rayonlar\u0131n yeni b\u00f6lg\u00fcs\u00fc il\u0259 ba\u011fl\u0131 f\u0259rman imzalad\u0131"},"content":{"rendered":"<p>Prezident \u0130lham \u018fliyev &#8220;Az\u0259rbaycan Respublikas\u0131nda iqtisadi rayonlar\u0131n yeni b\u00f6lg\u00fcs\u00fc haqq\u0131nda&#8221; f\u0259rman imzalay\u0131b.<\/p>\n<p><strong>ARANTV.AZ\u00a0 x\u0259b\u0259r verir ki,<\/strong>\u00a0f\u0259rmanda deyilir:<\/p>\n<p>&#8220;\u00d6lk\u0259mizin \u015f\u0259h\u0259r v\u0259 rayonlar\u0131n\u0131n davaml\u0131 v\u0259 tarazl\u0131 inki\u015faf\u0131n\u0131n t\u0259min olunmas\u0131 m\u0259qs\u0259dil\u0259 q\u0259bul edilmi\u015f Az\u0259rbaycan Respublikas\u0131 regionlar\u0131n\u0131n sosial-iqtisadi inki\u015faf\u0131 d\u00f6vl\u0259t proqramlar\u0131n\u0131n u\u011furlu icras\u0131 n\u0259tic\u0259sind\u0259 \u015f\u0259h\u0259r, q\u0259s\u0259b\u0259 v\u0259 k\u0259ndl\u0259rimizin simas\u0131 k\u00f6kl\u00fc \u015f\u0259kild\u0259 d\u0259yi\u015fmi\u015f, regionlar\u0131n iqtisadi potensial\u0131 artm\u0131\u015f, infrastruktur t\u0259minat\u0131, \u0259haliy\u0259 g\u00f6st\u0259ril\u0259n d\u00f6vl\u0259t xidm\u0259tl\u0259rinin keyfiyy\u0259ti, biznes v\u0259 investisiya m\u00fchiti yax\u015f\u0131la\u015fm\u0131\u015f, \u0259halinin rifah hal\u0131 y\u00fcks\u0259lmi\u015fdir.<\/p>\n<p>Ard\u0131c\u0131l olaraq h\u0259yata ke\u00e7irilmi\u015f m\u0259qs\u0259dy\u00f6nl\u00fc islahatlar v\u0259 geni\u015fmiqyasl\u0131 t\u0259dbirl\u0259r \u00f6lk\u0259mizin iqtisadi v\u0259 h\u0259rbi-m\u00fcdafi\u0259 q\u00fcdr\u0259tini daha da g\u00fccl\u0259ndirmi\u015f v\u0259 44 g\u00fcnl\u00fck V\u0259t\u0259n m\u00fcharib\u0259sind\u0259 parlaq q\u0259l\u0259b\u0259nin qazan\u0131lmas\u0131na g\u00fccl\u00fc z\u0259min yaratm\u0131\u015fd\u0131r.<\/p>\n<p>Haz\u0131rda i\u015f\u011faldan azad edilmi\u015f \u0259razil\u0259rin b\u0259rpas\u0131, g\u0259l\u0259c\u0259k inki\u015faf\u0131n\u0131n t\u0259min olunmas\u0131, z\u0259ruri infrastrukturun yarad\u0131lmas\u0131 v\u0259 \u0259halinin do\u011fma torpaqlar\u0131na qay\u0131d\u0131\u015f\u0131 istiqam\u0259tind\u0259 geni\u015fmiqyasl\u0131 t\u0259dbirl\u0259r h\u0259yata ke\u00e7irilir. Qeyd edil\u0259n \u0259razil\u0259rin z\u0259ngin iqtisadi potensial\u0131ndan, t\u0259bii s\u0259rv\u0259tl\u0259rind\u0259n v\u0259 geni\u015f turizm imkanlar\u0131ndan s\u0259m\u0259r\u0259li istifad\u0259 etm\u0259kl\u0259 onlar\u0131n b\u0259rab\u0259r inki\u015faf\u0131n\u0131n t\u0259min edilm\u0259si \u00fc\u00e7\u00fcn n\u0259z\u0259rd\u0259 tutulan b\u00fct\u00fcn i\u015fl\u0259rin vahid proqram \u0259sas\u0131nda apar\u0131lmas\u0131n\u0131n m\u0259qs\u0259d\u0259m\u00fcvafiqliyi \u0259razil\u0259ri i\u015f\u011faldan azad edilmi\u015f rayonlar\u0131n iqtisadi rayonlar \u00fczr\u0259 b\u00f6lg\u00fcs\u00fcn\u0259 yenid\u0259n bax\u0131lmas\u0131n\u0131 \u015f\u0259rtl\u0259ndirir.<\/p>\n<p>Z\u0259ng\u0259zur da\u011f silsil\u0259si il\u0259 \u0259hat\u0259 olunan, La\u00e7\u0131n v\u0259 K\u0259lb\u0259c\u0259rd\u0259n Nax\u00e7\u0131vana q\u0259d\u0259r b\u00f6y\u00fck bir \u0259razini tutan Z\u0259ng\u0259zur yaylas\u0131n\u0131n \u015f\u0259rq hiss\u0259sind\u0259, Erm\u0259nistanla s\u0259rh\u0259dd\u0259 yerl\u0259\u015fmi\u015f v\u0259 eyni co\u011frafi m\u0259kanda, tarix\u0259n birlikd\u0259, habel\u0259 uzun ill\u0259r 1861-ci ild\u0259 yarad\u0131lm\u0131\u015f Z\u0259ng\u0259zur q\u0259zas\u0131n\u0131n t\u0259rkibind\u0259 olmalar\u0131 v\u0259 \u0259n\u0259n\u0259vi sosial-iqtisadi, tarixi-m\u0259d\u0259ni ba\u011fl\u0131l\u0131qlar\u0131 Z\u0259ngilan, Qubadl\u0131, C\u0259bray\u0131l, La\u00e7\u0131n v\u0259 K\u0259lb\u0259c\u0259r rayonlar\u0131n\u0131n vahid iqtisadi rayonda birl\u0259\u015fdirilm\u0259sini z\u0259ruri edir.<\/p>\n<p>A\u011fdam, \u015eu\u015fa, F\u00fczuli, T\u0259rt\u0259r, Xocav\u0259nd, Xocal\u0131 rayonlar\u0131 v\u0259 Xank\u0259ndi \u015f\u0259h\u0259ri, habel\u0259 Qaraba\u011f b\u00f6lg\u0259sin\u0259 aid olan A\u011fcab\u0259di v\u0259 B\u0259rd\u0259 rayonlar\u0131 da daxil olmaqla \u00f6z\u00fcn\u0259m\u0259xsus z\u0259ngin tarixi-m\u0259d\u0259ni irs\u0259, \u0259srar\u0259ngiz t\u0259bi\u0259t\u0259 malik q\u0259dim Qaraba\u011f b\u00f6lg\u0259sinin b\u0259rpas\u0131 v\u0259 s\u00fcr\u0259tli inki\u015faf\u0131n\u0131n t\u0259min edilm\u0259si \u00fc\u00e7\u00fcn yeni Qaraba\u011f iqtisadi rayonunun da yarad\u0131lmas\u0131 vacibdir.<\/p>\n<p>Azad olunmu\u015f \u0259razil\u0259rin \u00f6lk\u0259mizin iqtisadiyyat\u0131na reinteqrasiyas\u0131 dig\u0259r iqtisadi rayonlar, o c\u00fcml\u0259d\u0259n G\u0259nc\u0259\u2013Qazax v\u0259 Aran iqtisadi rayonlar\u0131 \u00fczr\u0259 planla\u015fd\u0131rma i\u015finin s\u0259m\u0259r\u0259liliyinin art\u0131r\u0131lmas\u0131n\u0131, iqtisadi idar\u0259etm\u0259d\u0259 \u00e7evikliyin t\u0259min olunmas\u0131n\u0131 v\u0259 bu m\u0259qs\u0259dl\u0259 h\u0259min iqtisadi rayonlar\u0131n t\u0259rkibin\u0259 d\u0259 yenid\u0259n bax\u0131lmas\u0131n\u0131 t\u0259l\u0259b edir.<\/p>\n<p>F\u0259rmanla Az\u0259rbaycan Respublikas\u0131n\u0131n iqtisadi rayonlar\u0131n\u0131n a\u015fa\u011f\u0131dak\u0131 b\u00f6lg\u00fcs\u00fc t\u0259sdiq edilib:<\/p>\n<p>1.1.Bak\u0131 iqtisadi rayonu (Bak\u0131 \u015f\u0259h\u0259ri);<\/p>\n<p>1.2.Nax\u00e7\u0131van iqtisadi rayonu (Nax\u00e7\u0131van \u015f\u0259h\u0259ri, Bab\u0259k, Culfa, K\u0259ng\u0259rli, Ordubad, S\u0259d\u0259r\u0259k, \u015eahbuz v\u0259 \u015e\u0259rur rayonlar\u0131);<\/p>\n<p>1.3.Ab\u015feron\u2013X\u0131z\u0131 iqtisadi rayonu (Sumqay\u0131t \u015f\u0259h\u0259ri, Ab\u015feron v\u0259 X\u0131z\u0131 rayonlar\u0131);<\/p>\n<p>1.4.Da\u011fl\u0131q \u015eirvan iqtisadi rayonu (A\u011fsu, \u0130smay\u0131ll\u0131, Qobustan v\u0259 \u015eamax\u0131 rayonlar\u0131);<\/p>\n<p>1.5.G\u0259nc\u0259\u2013Da\u015fk\u0259s\u0259n iqtisadi rayonu (G\u0259nc\u0259 v\u0259 Naftalan \u015f\u0259h\u0259rl\u0259ri, Da\u015fk\u0259s\u0259n, Goranboy, G\u00f6yg\u00f6l v\u0259 Samux rayonlar\u0131);<\/p>\n<p>1.6.Qaraba\u011f iqtisadi rayonu (Xank\u0259ndi \u015f\u0259h\u0259ri, A\u011fcab\u0259di, A\u011fdam, B\u0259rd\u0259, F\u00fczuli, Xocal\u0131, Xocav\u0259nd, \u015eu\u015fa v\u0259 T\u0259rt\u0259r rayonlar\u0131);<\/p>\n<p>1.7.Qazax\u2013Tovuz iqtisadi rayonu (A\u011fstafa, G\u0259d\u0259b\u0259y, Qazax, \u015e\u0259mkir v\u0259 Tovuz rayonlar\u0131);<\/p>\n<p>1.8.Quba\u2013Xa\u00e7maz iqtisadi rayonu (Xa\u00e7maz, Quba, Qusar, Siy\u0259z\u0259n v\u0259 \u015eabran rayonlar\u0131);<\/p>\n<p>1.9.L\u0259nk\u0259ran\u2013Astara iqtisadi rayonu (Astara, C\u0259lilabad, Lerik, L\u0259nk\u0259ran, Masall\u0131 v\u0259 Yard\u0131ml\u0131 rayonlar\u0131);<\/p>\n<p>1.10.M\u0259rk\u0259zi Aran iqtisadi rayonu (Ming\u0259\u00e7evir \u015f\u0259h\u0259ri, A\u011fda\u015f, G\u00f6y\u00e7ay, K\u00fcrd\u0259mir, Ucar, Yevlax v\u0259 Z\u0259rdab rayonlar\u0131);<\/p>\n<p>1.11.Mil\u2013Mu\u011fan iqtisadi rayonu (Beyl\u0259qan, \u0130mi\u015fli, Saatl\u0131 v\u0259 Sabirabad rayonlar\u0131);<\/p>\n<p>1.12.\u015e\u0259ki\u2013Zaqatala iqtisadi rayonu (Balak\u0259n, Qax, Q\u0259b\u0259l\u0259, O\u011fuz, \u015e\u0259ki v\u0259 Zaqatala rayonlar\u0131);<\/p>\n<p>1.13.\u015e\u0259rqi Z\u0259ng\u0259zur iqtisadi rayonu (C\u0259bray\u0131l, K\u0259lb\u0259c\u0259r, Qubadl\u0131, La\u00e7\u0131n v\u0259 Z\u0259ngilan rayonlar\u0131);<\/p>\n<p>1.14.\u015eirvan\u2013Salyan iqtisadi rayonu (\u015eirvan \u015f\u0259h\u0259ri, Bil\u0259suvar, Hac\u0131qabul, Neft\u00e7ala v\u0259 Salyan rayonlar\u0131).<\/p>\n<p>M\u00fc\u0259yy\u0259n edilib ki, Az\u0259rbaycan Respublikas\u0131 Prezidentinin 2019-cu il 29 yanvar tarixli 500 n\u00f6mr\u0259li F\u0259rman\u0131 il\u0259 t\u0259sdiq edilmi\u015f \u201cAz\u0259rbaycan Respublikas\u0131 regionlar\u0131n\u0131n 2019\u20132023-c\u00fc ill\u0259rd\u0259 sosial-iqtisadi inki\u015faf\u0131 D\u00f6vl\u0259t Proqram\u0131\u201dn\u0131n icras\u0131 m\u0259qs\u0259dl\u0259ri \u00fc\u00e7\u00fcn h\u0259min D\u00f6vl\u0259t Proqram\u0131nda g\u00f6st\u0259rilmi\u015f iqtisadi rayonlar\u0131n b\u00f6lg\u00fcs\u00fc t\u0259tbiq edilir.<\/p>\n<p>Nazirl\u0259r Kabineti bu F\u0259rmandan ir\u0259li g\u0259l\u0259n m\u0259s\u0259l\u0259l\u0259ri h\u0259ll etm\u0259lidir.<\/p>\n","protected":false},"excerpt":{"rendered":"<p>Prezident \u0130lham \u018fliyev &#8220;Az\u0259rbaycan Respublikas\u0131nda iqtisadi rayonlar\u0131n yeni b\u00f6lg\u00fcs\u00fc haqq\u0131nda&#8221; f\u0259rman imzalay\u0131b. ARANTV.AZ\u00a0 x\u0259b\u0259r verir ki,\u00a0f\u0259rmanda deyilir: &#8220;\u00d6lk\u0259mizin \u015f\u0259h\u0259r v\u0259 rayonlar\u0131n\u0131n davaml\u0131 v\u0259 tarazl\u0131 inki\u015faf\u0131n\u0131n t\u0259min olunmas\u0131 m\u0259qs\u0259dil\u0259 q\u0259bul edilmi\u015f Az\u0259rbaycan Respublikas\u0131 regionlar\u0131n\u0131n sosial-iqtisadi inki\u015faf\u0131 d\u00f6vl\u0259t proqramlar\u0131n\u0131n u\u011furlu icras\u0131 n\u0259tic\u0259sind\u0259 \u015f\u0259h\u0259r, q\u0259s\u0259b\u0259 v\u0259 k\u0259ndl\u0259rimizin simas\u0131 k\u00f6kl\u00fc \u015f\u0259kild\u0259 d\u0259yi\u015fmi\u015f, regionlar\u0131n iqtisadi potensial\u0131 artm\u0131\u015f, infrastruktur t\u0259minat\u0131, \u0259haliy\u0259 g\u00f6st\u0259ril\u0259n d\u00f6vl\u0259t xidm\u0259tl\u0259rinin keyfiyy\u0259ti, biznes v\u0259 investisiya m\u00fchiti yax\u015f\u0131la\u015fm\u0131\u015f, \u0259halinin rifah hal\u0131 y\u00fcks\u0259lmi\u015fdir. Ard\u0131c\u0131l olaraq h\u0259yata ke\u00e7irilmi\u015f m\u0259qs\u0259dy\u00f6nl\u00fc islahatlar v\u0259 geni\u015fmiqyasl\u0131 t\u0259dbirl\u0259r \u00f6lk\u0259mizin iqtisadi v\u0259 h\u0259rbi-m\u00fcdafi\u0259 q\u00fcdr\u0259tini daha da g\u00fccl\u0259ndirmi\u015f v\u0259 44 g\u00fcnl\u00fck V\u0259t\u0259n m\u00fcharib\u0259sind\u0259&hellip;<\/p>\n","protected":false},"author":2,"featured_media":355011,"comment_status":"closed","ping_status":"closed","sticky":false,"template":"","format":"standard","meta":{"om_disable_all_campaigns":false,"_monsterinsights_skip_tracking":false,"_monsterinsights_sitenote_active":false,"_monsterinsights_sitenote_note":"","_monsterinsights_sitenote_category":0},"categories":[4],"tags":[],"aioseo_notices":[],"gutentor_comment":0,"rttpg_featured_image_url":{"full":["https:\/\/arantv.az\/wp-content\/uploads\/2021\/07\/2f0928c2161478003497939565810204033-1.jpg",975,540,false],"landscape":["https:\/\/arantv.az\/wp-content\/uploads\/2021\/07\/2f0928c2161478003497939565810204033-1.jpg",975,540,false],"portraits":["https:\/\/arantv.az\/wp-content\/uploads\/2021\/07\/2f0928c2161478003497939565810204033-1.jpg",975,540,false],"thumbnail":["https:\/\/arantv.az\/wp-content\/uploads\/2021\/07\/2f0928c2161478003497939565810204033-1-500x280.jpg",500,280,true],"medium":["https:\/\/arantv.az\/wp-content\/uploads\/2021\/07\/2f0928c2161478003497939565810204033-1-660x365.jpg",660,365,true],"large":["https:\/\/arantv.az\/wp-content\/uploads\/2021\/07\/2f0928c2161478003497939565810204033-1-840x465.jpg",640,354,true],"1536x1536":["https:\/\/arantv.az\/wp-content\/uploads\/2021\/07\/2f0928c2161478003497939565810204033-1.jpg",975,540,false],"2048x2048":["https:\/\/arantv.az\/wp-content\/uploads\/2021\/07\/2f0928c2161478003497939565810204033-1.jpg",975,540,false],"post-thumbnail":["https:\/\/arantv.az\/wp-content\/uploads\/2021\/07\/2f0928c2161478003497939565810204033-1-240x172.jpg",240,172,true],"advps-thumb-one":["https:\/\/arantv.az\/wp-content\/uploads\/2021\/07\/2f0928c2161478003497939565810204033-1.jpg",975,540,false]},"rttpg_author":{"display_name":"V\u00fcsal Rafiqo\u011flu","author_link":"https:\/\/arantv.az\/?author=2"},"rttpg_comment":0,"rttpg_category":"<a href=\"https:\/\/arantv.az\/?cat=4\" rel=\"category\">Siyas\u0259t<\/a>","rttpg_excerpt":"Prezident \u0130lham \u018fliyev &#8220;Az\u0259rbaycan Respublikas\u0131nda iqtisadi rayonlar\u0131n yeni b\u00f6lg\u00fcs\u00fc haqq\u0131nda&#8221; f\u0259rman imzalay\u0131b. ARANTV.AZ\u00a0 x\u0259b\u0259r verir ki,\u00a0f\u0259rmanda deyilir: &#8220;\u00d6lk\u0259mizin \u015f\u0259h\u0259r v\u0259 rayonlar\u0131n\u0131n davaml\u0131 v\u0259 tarazl\u0131 inki\u015faf\u0131n\u0131n t\u0259min olunmas\u0131 m\u0259qs\u0259dil\u0259 q\u0259bul edilmi\u015f Az\u0259rbaycan Respublikas\u0131 regionlar\u0131n\u0131n sosial-iqtisadi inki\u015faf\u0131 d\u00f6vl\u0259t proqramlar\u0131n\u0131n u\u011furlu icras\u0131 n\u0259tic\u0259sind\u0259 \u015f\u0259h\u0259r, q\u0259s\u0259b\u0259 v\u0259 k\u0259ndl\u0259rimizin simas\u0131 k\u00f6kl\u00fc \u015f\u0259kild\u0259 d\u0259yi\u015fmi\u015f, regionlar\u0131n iqtisadi potensial\u0131 artm\u0131\u015f, infrastruktur t\u0259minat\u0131, \u0259haliy\u0259&hellip;","_links":{"self":[{"href":"https:\/\/arantv.az\/index.php?rest_route=\/wp\/v2\/posts\/355010"}],"collection":[{"href":"https:\/\/arantv.az\/index.php?rest_route=\/wp\/v2\/posts"}],"about":[{"href":"https:\/\/arantv.az\/index.php?rest_route=\/wp\/v2\/types\/post"}],"author":[{"embeddable":true,"href":"https:\/\/arantv.az\/index.php?rest_route=\/wp\/v2\/users\/2"}],"replies":[{"embeddable":true,"href":"https:\/\/arantv.az\/index.php?rest_route=%2Fwp%2Fv2%2Fcomments&post=355010"}],"version-history":[{"count":0,"href":"https:\/\/arantv.az\/index.php?rest_route=\/wp\/v2\/posts\/355010\/revisions"}],"wp:featuredmedia":[{"embeddable":true,"href":"https:\/\/arantv.az\/index.php?rest_route=\/wp\/v2\/media\/355011"}],"wp:attachment":[{"href":"https:\/\/arantv.az\/index.php?rest_route=%2Fwp%2Fv2%2Fmedia&parent=355010"}],"wp:term":[{"taxonomy":"category","embeddable":true,"href":"https:\/\/arantv.az\/index.php?rest_route=%2Fwp%2Fv2%2Fcategories&post=355010"},{"taxonomy":"post_tag","embeddable":true,"href":"https:\/\/arantv.az\/index.php?rest_route=%2Fwp%2Fv2%2Ftags&post=355010"}],"curies":[{"name":"wp","href":"https:\/\/api.w.org\/{rel}","templated":true}]}}