{"id":355020,"date":"2021-07-07T13:45:08","date_gmt":"2021-07-07T10:45:08","guid":{"rendered":"http:\/\/arantv.az\/?p=355020"},"modified":"2021-07-07T13:45:08","modified_gmt":"2021-07-07T10:45:08","slug":"m%c9%99kt%c9%99b-direktorlari-hesabat-verir","status":"publish","type":"post","link":"https:\/\/arantv.az\/?p=355020","title":{"rendered":"M\u0259kt\u0259b direktorlar\u0131 hesabat verir"},"content":{"rendered":"<p>Bak\u0131 \u015e\u0259h\u0259ri \u00fczr\u0259 T\u0259hsil \u0130dar\u0259si (B\u015eT\u0130) t\u0259r\u0259find\u0259n m\u0259kt\u0259b direktorlar\u0131n\u0131n be\u015f\u00a0illik hesabat\u0131 dinl\u0259nilir v\u0259 m\u00fcvafiq d\u00f6vr\u00fc \u0259hat\u0259 ed\u0259n f\u0259aliyy\u0259t t\u0259hlil olunur.<\/p>\n<p>\u0130dar\u0259d\u0259n bildirilib ki, dinl\u0259nilm\u0259d\u0259 B\u015eT\u0130-nin m\u00fcdiri Mehriban V\u0259liyeva, \u0130dar\u0259nin struktur b\u00f6lm\u0259 r\u0259hb\u0259rl\u0259ri v\u0259 m\u0259kt\u0259b direktorlar\u0131 i\u015ftirak edirl\u0259r.<\/p>\n<div id=\"AdviadNativeVideo0\" class=\"AdviadNativeVideo\"><\/div>\n<p>Hesabatlar\u0131n ke\u00e7irilm\u0259sind\u0259 \u0259sas m\u0259qs\u0259d be\u015f\u00a0il \u0259rzind\u0259 m\u0259kt\u0259b direktorunun \u00fcmumi f\u0259aliyy\u0259tini d\u0259y\u0259rl\u0259ndirm\u0259k, m\u0259kt\u0259bin inki\u015faf dinamikas\u0131n\u0131 t\u0259hlil etm\u0259k, t\u0259hsil m\u00fc\u0259ssis\u0259l\u0259ri r\u0259hb\u0259rl\u0259rinin n\u00f6vb\u0259ti t\u0259dris ili \u00fc\u00e7\u00fcn f\u0259aliyy\u0259t istiqam\u0259tl\u0259rini m\u00fc\u0259yy\u0259nl\u0259\u015fdirm\u0259kd\u0259n ibar\u0259tdir.<\/p>\n<p>Qeyd edil\u0259n m\u0259s\u0259l\u0259l\u0259rl\u0259 ba\u011fl\u0131 m\u00fcvafiq t\u00f6vsiy\u0259l\u0259r verilir, direktorlar\u0131 maraqland\u0131ran suallar cavabland\u0131r\u0131l\u0131r v\u0259 qar\u015f\u0131l\u0131ql\u0131 fikir m\u00fcbadil\u0259si apar\u0131l\u0131r.<\/p>\n","protected":false},"excerpt":{"rendered":"<p>Bak\u0131 \u015e\u0259h\u0259ri \u00fczr\u0259 T\u0259hsil \u0130dar\u0259si (B\u015eT\u0130) t\u0259r\u0259find\u0259n m\u0259kt\u0259b direktorlar\u0131n\u0131n be\u015f\u00a0illik hesabat\u0131 dinl\u0259nilir v\u0259 m\u00fcvafiq d\u00f6vr\u00fc \u0259hat\u0259 ed\u0259n f\u0259aliyy\u0259t t\u0259hlil olunur. \u0130dar\u0259d\u0259n bildirilib ki, dinl\u0259nilm\u0259d\u0259 B\u015eT\u0130-nin m\u00fcdiri Mehriban V\u0259liyeva, \u0130dar\u0259nin struktur b\u00f6lm\u0259 r\u0259hb\u0259rl\u0259ri v\u0259 m\u0259kt\u0259b direktorlar\u0131 i\u015ftirak edirl\u0259r. Hesabatlar\u0131n ke\u00e7irilm\u0259sind\u0259 \u0259sas m\u0259qs\u0259d be\u015f\u00a0il \u0259rzind\u0259 m\u0259kt\u0259b direktorunun \u00fcmumi f\u0259aliyy\u0259tini d\u0259y\u0259rl\u0259ndirm\u0259k, m\u0259kt\u0259bin inki\u015faf dinamikas\u0131n\u0131 t\u0259hlil etm\u0259k, t\u0259hsil m\u00fc\u0259ssis\u0259l\u0259ri r\u0259hb\u0259rl\u0259rinin n\u00f6vb\u0259ti t\u0259dris ili \u00fc\u00e7\u00fcn f\u0259aliyy\u0259t istiqam\u0259tl\u0259rini m\u00fc\u0259yy\u0259nl\u0259\u015fdirm\u0259kd\u0259n ibar\u0259tdir. Qeyd edil\u0259n m\u0259s\u0259l\u0259l\u0259rl\u0259 ba\u011fl\u0131 m\u00fcvafiq t\u00f6vsiy\u0259l\u0259r verilir, direktorlar\u0131 maraqland\u0131ran suallar cavabland\u0131r\u0131l\u0131r v\u0259 qar\u015f\u0131l\u0131ql\u0131 fikir m\u00fcbadil\u0259si apar\u0131l\u0131r.<\/p>\n","protected":false},"author":2,"featured_media":355021,"comment_status":"closed","ping_status":"closed","sticky":false,"template":"","format":"standard","meta":{"om_disable_all_campaigns":false,"_monsterinsights_skip_tracking":false,"_monsterinsights_sitenote_active":false,"_monsterinsights_sitenote_note":"","_monsterinsights_sitenote_category":0},"categories":[23],"tags":[],"aioseo_notices":[],"gutentor_comment":0,"rttpg_featured_image_url":{"full":["https:\/\/arantv.az\/wp-content\/uploads\/2021\/07\/627526_b.jpg",620,349,false],"landscape":["https:\/\/arantv.az\/wp-content\/uploads\/2021\/07\/627526_b.jpg",620,349,false],"portraits":["https:\/\/arantv.az\/wp-content\/uploads\/2021\/07\/627526_b.jpg",620,349,false],"thumbnail":["https:\/\/arantv.az\/wp-content\/uploads\/2021\/07\/627526_b-500x280.jpg",500,280,true],"medium":["https:\/\/arantv.az\/wp-content\/uploads\/2021\/07\/627526_b.jpg",620,349,false],"large":["https:\/\/arantv.az\/wp-content\/uploads\/2021\/07\/627526_b.jpg",620,349,false],"1536x1536":["https:\/\/arantv.az\/wp-content\/uploads\/2021\/07\/627526_b.jpg",620,349,false],"2048x2048":["https:\/\/arantv.az\/wp-content\/uploads\/2021\/07\/627526_b.jpg",620,349,false],"post-thumbnail":["https:\/\/arantv.az\/wp-content\/uploads\/2021\/07\/627526_b-240x172.jpg",240,172,true],"advps-thumb-one":["https:\/\/arantv.az\/wp-content\/uploads\/2021\/07\/627526_b.jpg",620,349,false]},"rttpg_author":{"display_name":"V\u00fcsal Rafiqo\u011flu","author_link":"https:\/\/arantv.az\/?author=2"},"rttpg_comment":0,"rttpg_category":"<a href=\"https:\/\/arantv.az\/?cat=23\" rel=\"category\">T\u0259hsil<\/a>","rttpg_excerpt":"Bak\u0131 \u015e\u0259h\u0259ri \u00fczr\u0259 T\u0259hsil \u0130dar\u0259si (B\u015eT\u0130) t\u0259r\u0259find\u0259n m\u0259kt\u0259b direktorlar\u0131n\u0131n be\u015f\u00a0illik hesabat\u0131 dinl\u0259nilir v\u0259 m\u00fcvafiq d\u00f6vr\u00fc \u0259hat\u0259 ed\u0259n f\u0259aliyy\u0259t t\u0259hlil olunur. \u0130dar\u0259d\u0259n bildirilib ki, dinl\u0259nilm\u0259d\u0259 B\u015eT\u0130-nin m\u00fcdiri Mehriban V\u0259liyeva, \u0130dar\u0259nin struktur b\u00f6lm\u0259 r\u0259hb\u0259rl\u0259ri v\u0259 m\u0259kt\u0259b direktorlar\u0131 i\u015ftirak edirl\u0259r. Hesabatlar\u0131n ke\u00e7irilm\u0259sind\u0259 \u0259sas m\u0259qs\u0259d be\u015f\u00a0il \u0259rzind\u0259 m\u0259kt\u0259b direktorunun \u00fcmumi f\u0259aliyy\u0259tini d\u0259y\u0259rl\u0259ndirm\u0259k, m\u0259kt\u0259bin inki\u015faf dinamikas\u0131n\u0131 t\u0259hlil etm\u0259k, t\u0259hsil m\u00fc\u0259ssis\u0259l\u0259ri&hellip;","_links":{"self":[{"href":"https:\/\/arantv.az\/index.php?rest_route=\/wp\/v2\/posts\/355020"}],"collection":[{"href":"https:\/\/arantv.az\/index.php?rest_route=\/wp\/v2\/posts"}],"about":[{"href":"https:\/\/arantv.az\/index.php?rest_route=\/wp\/v2\/types\/post"}],"author":[{"embeddable":true,"href":"https:\/\/arantv.az\/index.php?rest_route=\/wp\/v2\/users\/2"}],"replies":[{"embeddable":true,"href":"https:\/\/arantv.az\/index.php?rest_route=%2Fwp%2Fv2%2Fcomments&post=355020"}],"version-history":[{"count":0,"href":"https:\/\/arantv.az\/index.php?rest_route=\/wp\/v2\/posts\/355020\/revisions"}],"wp:featuredmedia":[{"embeddable":true,"href":"https:\/\/arantv.az\/index.php?rest_route=\/wp\/v2\/media\/355021"}],"wp:attachment":[{"href":"https:\/\/arantv.az\/index.php?rest_route=%2Fwp%2Fv2%2Fmedia&parent=355020"}],"wp:term":[{"taxonomy":"category","embeddable":true,"href":"https:\/\/arantv.az\/index.php?rest_route=%2Fwp%2Fv2%2Fcategories&post=355020"},{"taxonomy":"post_tag","embeddable":true,"href":"https:\/\/arantv.az\/index.php?rest_route=%2Fwp%2Fv2%2Ftags&post=355020"}],"curies":[{"name":"wp","href":"https:\/\/api.w.org\/{rel}","templated":true}]}}