{"id":355026,"date":"2021-07-07T13:48:42","date_gmt":"2021-07-07T10:48:42","guid":{"rendered":"http:\/\/arantv.az\/?p=355026"},"modified":"2021-07-07T13:48:42","modified_gmt":"2021-07-07T10:48:42","slug":"putinl%c9%99-pasinyanin-gorusu-zamani-hec-bir-s%c9%99n%c9%99d-imzalanmayacaq-peskov","status":"publish","type":"post","link":"https:\/\/arantv.az\/?p=355026","title":{"rendered":"Putinl\u0259 Pa\u015finyan\u0131n g\u00f6r\u00fc\u015f\u00fc zaman\u0131 he\u00e7 bir s\u0259n\u0259d imzalanmayacaq &#8211; Peskov"},"content":{"rendered":"<p>Rusiya prezidenti Vladimir Putin v\u0259 Erm\u0259nistan ba\u015f nazirinin v\u0259zif\u0259l\u0259rini icra ed\u0259n Nikol Pa\u015finyan Moskvada g\u00f6r\u00fc\u015f zaman\u0131 h\u0259r hans\u0131 bir s\u0259n\u0259d imzalamayacaq.<\/p>\n<p><strong>ARANTV.AZ<\/strong> <a href=\"https:\/\/az.trend.az\/\" target=\"_blank\" rel=\"noopener\">Trend<\/a>-\u0259 istinad\u0259n bildirir ki,\u00a0bunu Rusiya prezidentinin m\u0259tbuat katibi Dmitri Peskov deyib.<\/p>\n<p>O bildirib ki, g\u00f6r\u00fc\u015f zaman\u0131 Qaraba\u011f m\u0259s\u0259l\u0259si v\u0259 ikit\u0259r\u0259fli m\u00fcnasib\u0259tl\u0259r m\u00fczakir\u0259 olunacaq.<\/p>\n<p>D.Peskov \u0259lav\u0259 edib ki, g\u00f6r\u00fc\u015f\u00fcn yekununda s\u0259n\u0259dl\u0259rin imzalanaca\u011f\u0131 il\u0259 ba\u011fl\u0131 m\u0259lumatlar h\u0259qiq\u0259ti \u0259ks etdirmir.<\/p>\n","protected":false},"excerpt":{"rendered":"<p>Rusiya prezidenti Vladimir Putin v\u0259 Erm\u0259nistan ba\u015f nazirinin v\u0259zif\u0259l\u0259rini icra ed\u0259n Nikol Pa\u015finyan Moskvada g\u00f6r\u00fc\u015f zaman\u0131 h\u0259r hans\u0131 bir s\u0259n\u0259d imzalamayacaq. ARANTV.AZ Trend-\u0259 istinad\u0259n bildirir ki,\u00a0bunu Rusiya prezidentinin m\u0259tbuat katibi Dmitri Peskov deyib. O bildirib ki, g\u00f6r\u00fc\u015f zaman\u0131 Qaraba\u011f m\u0259s\u0259l\u0259si v\u0259 ikit\u0259r\u0259fli m\u00fcnasib\u0259tl\u0259r m\u00fczakir\u0259 olunacaq. D.Peskov \u0259lav\u0259 edib ki, g\u00f6r\u00fc\u015f\u00fcn yekununda s\u0259n\u0259dl\u0259rin imzalanaca\u011f\u0131 il\u0259 ba\u011fl\u0131 m\u0259lumatlar h\u0259qiq\u0259ti \u0259ks etdirmir.<\/p>\n","protected":false},"author":2,"featured_media":355027,"comment_status":"closed","ping_status":"closed","sticky":false,"template":"","format":"standard","meta":{"om_disable_all_campaigns":false,"_monsterinsights_skip_tracking":false,"_monsterinsights_sitenote_active":false,"_monsterinsights_sitenote_note":"","_monsterinsights_sitenote_category":0},"categories":[7],"tags":[],"aioseo_notices":[],"gutentor_comment":0,"rttpg_featured_image_url":{"full":["https:\/\/arantv.az\/wp-content\/uploads\/2021\/07\/963129.jpg",800,600,false],"landscape":["https:\/\/arantv.az\/wp-content\/uploads\/2021\/07\/963129.jpg",800,600,false],"portraits":["https:\/\/arantv.az\/wp-content\/uploads\/2021\/07\/963129.jpg",800,600,false],"thumbnail":["https:\/\/arantv.az\/wp-content\/uploads\/2021\/07\/963129-500x280.jpg",500,280,true],"medium":["https:\/\/arantv.az\/wp-content\/uploads\/2021\/07\/963129-487x365.jpg",487,365,true],"large":["https:\/\/arantv.az\/wp-content\/uploads\/2021\/07\/963129.jpg",640,480,false],"1536x1536":["https:\/\/arantv.az\/wp-content\/uploads\/2021\/07\/963129.jpg",800,600,false],"2048x2048":["https:\/\/arantv.az\/wp-content\/uploads\/2021\/07\/963129.jpg",800,600,false],"post-thumbnail":["https:\/\/arantv.az\/wp-content\/uploads\/2021\/07\/963129-240x172.jpg",240,172,true],"advps-thumb-one":["https:\/\/arantv.az\/wp-content\/uploads\/2021\/07\/963129.jpg",800,600,false]},"rttpg_author":{"display_name":"V\u00fcsal Rafiqo\u011flu","author_link":"https:\/\/arantv.az\/?author=2"},"rttpg_comment":0,"rttpg_category":"<a href=\"https:\/\/arantv.az\/?cat=7\" rel=\"category\">D\u00fcnya<\/a>","rttpg_excerpt":"Rusiya prezidenti Vladimir Putin v\u0259 Erm\u0259nistan ba\u015f nazirinin v\u0259zif\u0259l\u0259rini icra ed\u0259n Nikol Pa\u015finyan Moskvada g\u00f6r\u00fc\u015f zaman\u0131 h\u0259r hans\u0131 bir s\u0259n\u0259d imzalamayacaq. ARANTV.AZ Trend-\u0259 istinad\u0259n bildirir ki,\u00a0bunu Rusiya prezidentinin m\u0259tbuat katibi Dmitri Peskov deyib. O bildirib ki, g\u00f6r\u00fc\u015f zaman\u0131 Qaraba\u011f m\u0259s\u0259l\u0259si v\u0259 ikit\u0259r\u0259fli m\u00fcnasib\u0259tl\u0259r m\u00fczakir\u0259 olunacaq. D.Peskov \u0259lav\u0259 edib ki, g\u00f6r\u00fc\u015f\u00fcn yekununda s\u0259n\u0259dl\u0259rin imzalanaca\u011f\u0131 il\u0259 ba\u011fl\u0131&hellip;","_links":{"self":[{"href":"https:\/\/arantv.az\/index.php?rest_route=\/wp\/v2\/posts\/355026"}],"collection":[{"href":"https:\/\/arantv.az\/index.php?rest_route=\/wp\/v2\/posts"}],"about":[{"href":"https:\/\/arantv.az\/index.php?rest_route=\/wp\/v2\/types\/post"}],"author":[{"embeddable":true,"href":"https:\/\/arantv.az\/index.php?rest_route=\/wp\/v2\/users\/2"}],"replies":[{"embeddable":true,"href":"https:\/\/arantv.az\/index.php?rest_route=%2Fwp%2Fv2%2Fcomments&post=355026"}],"version-history":[{"count":0,"href":"https:\/\/arantv.az\/index.php?rest_route=\/wp\/v2\/posts\/355026\/revisions"}],"wp:featuredmedia":[{"embeddable":true,"href":"https:\/\/arantv.az\/index.php?rest_route=\/wp\/v2\/media\/355027"}],"wp:attachment":[{"href":"https:\/\/arantv.az\/index.php?rest_route=%2Fwp%2Fv2%2Fmedia&parent=355026"}],"wp:term":[{"taxonomy":"category","embeddable":true,"href":"https:\/\/arantv.az\/index.php?rest_route=%2Fwp%2Fv2%2Fcategories&post=355026"},{"taxonomy":"post_tag","embeddable":true,"href":"https:\/\/arantv.az\/index.php?rest_route=%2Fwp%2Fv2%2Ftags&post=355026"}],"curies":[{"name":"wp","href":"https:\/\/api.w.org\/{rel}","templated":true}]}}