{"id":355029,"date":"2021-07-07T13:49:49","date_gmt":"2021-07-07T10:49:49","guid":{"rendered":"http:\/\/arantv.az\/?p=355029"},"modified":"2021-07-07T13:49:49","modified_gmt":"2021-07-07T10:49:49","slug":"prezidentin-xususi-numay%c9%99nd%c9%99si-agdamda-biznes-forum-keciril%c9%99c%c9%99k","status":"publish","type":"post","link":"https:\/\/arantv.az\/?p=355029","title":{"rendered":"Prezidentin x\u00fcsusi n\u00fcmay\u0259nd\u0259si: A\u011fdamda biznes forum ke\u00e7iril\u0259c\u0259k"},"content":{"rendered":"<p>Yax\u0131n aylarda A\u011fdamda yerli v\u0259 xarici investorlar\u0131n i\u015ftirak\u0131 il\u0259 b\u00f6y\u00fck biznes forumun ke\u00e7irilm\u0259si n\u0259z\u0259rd\u0259 tutulub.<\/p>\n<p><strong>ARANTV.AZ\u00a0 x\u0259b\u0259r verir ki,<\/strong>\u00a0bunu\u00a0\u201cReport\u201da ekskl\u00fcziv a\u00e7\u0131qlamas\u0131nda A\u011fdam rayonunun i\u015f\u011faldan azad edilmi\u015f hiss\u0259sind\u0259 Prezidentin x\u00fcsusi n\u00fcmay\u0259nd\u0259si\u00a0<strong>Emin H\u00fcseynov<\/strong>\u00a0deyib.<\/p>\n<p>O, h\u0259m\u00e7inin \u0259lav\u0259 edib ki, sahibkarlar A\u011fdamda t\u0259kc\u0259 d\u00f6vl\u0259t sifari\u015fli layih\u0259l\u0259rd\u0259 deyil, h\u0259m\u00e7inin investisiya y\u00f6n\u00fcml\u00fc layih\u0259l\u0259rd\u0259 d\u0259 i\u015ftirak ed\u0259 bil\u0259c\u0259kl\u0259r: &#8220;\u0130\u015f adamlar\u0131 \u00f6z\u0259l sektorun i\u015ftirak\u0131 \u00fc\u00e7\u00fcn n\u0259z\u0259rd\u0259 tutulan obyektl\u0259rin tikintisin\u0259 s\u0259rmay\u0259 qoya bil\u0259rl\u0259r. B\u00fct\u00fcn bunlar\u0131 n\u0259z\u0259r\u0259 alaraq yax\u0131n aylarda h\u0259m yerli, h\u0259m d\u0259 xarici s\u0259rmay\u0259darlar\u0131n i\u015ftirak\u0131 il\u0259 biznes forumun ke\u00e7irilm\u0259si haqq\u0131nda d\u00fc\u015f\u00fcn\u00fcr\u00fck v\u0259 burada \u00f6z\u0259l sektorun i\u015ftirak\u0131na \u015f\u0259rait yaratma\u011fa \u00e7al\u0131\u015faca\u011f\u0131q\u201d.<\/p>\n","protected":false},"excerpt":{"rendered":"<p>Yax\u0131n aylarda A\u011fdamda yerli v\u0259 xarici investorlar\u0131n i\u015ftirak\u0131 il\u0259 b\u00f6y\u00fck biznes forumun ke\u00e7irilm\u0259si n\u0259z\u0259rd\u0259 tutulub. ARANTV.AZ\u00a0 x\u0259b\u0259r verir ki,\u00a0bunu\u00a0\u201cReport\u201da ekskl\u00fcziv a\u00e7\u0131qlamas\u0131nda A\u011fdam rayonunun i\u015f\u011faldan azad edilmi\u015f hiss\u0259sind\u0259 Prezidentin x\u00fcsusi n\u00fcmay\u0259nd\u0259si\u00a0Emin H\u00fcseynov\u00a0deyib. O, h\u0259m\u00e7inin \u0259lav\u0259 edib ki, sahibkarlar A\u011fdamda t\u0259kc\u0259 d\u00f6vl\u0259t sifari\u015fli layih\u0259l\u0259rd\u0259 deyil, h\u0259m\u00e7inin investisiya y\u00f6n\u00fcml\u00fc layih\u0259l\u0259rd\u0259 d\u0259 i\u015ftirak ed\u0259 bil\u0259c\u0259kl\u0259r: &#8220;\u0130\u015f adamlar\u0131 \u00f6z\u0259l sektorun i\u015ftirak\u0131 \u00fc\u00e7\u00fcn n\u0259z\u0259rd\u0259 tutulan obyektl\u0259rin tikintisin\u0259 s\u0259rmay\u0259 qoya bil\u0259rl\u0259r. B\u00fct\u00fcn bunlar\u0131 n\u0259z\u0259r\u0259 alaraq yax\u0131n aylarda h\u0259m yerli, h\u0259m d\u0259 xarici s\u0259rmay\u0259darlar\u0131n i\u015ftirak\u0131 il\u0259 biznes forumun ke\u00e7irilm\u0259si haqq\u0131nda d\u00fc\u015f\u00fcn\u00fcr\u00fck v\u0259 burada \u00f6z\u0259l sektorun i\u015ftirak\u0131na \u015f\u0259rait yaratma\u011fa&hellip;<\/p>\n","protected":false},"author":2,"featured_media":355030,"comment_status":"closed","ping_status":"closed","sticky":false,"template":"","format":"standard","meta":{"om_disable_all_campaigns":false,"_monsterinsights_skip_tracking":false,"_monsterinsights_sitenote_active":false,"_monsterinsights_sitenote_note":"","_monsterinsights_sitenote_category":0},"categories":[4],"tags":[],"aioseo_notices":[],"gutentor_comment":0,"rttpg_featured_image_url":{"full":["https:\/\/arantv.az\/wp-content\/uploads\/2021\/07\/3b036b87162565470283551835310205703.jpg",975,540,false],"landscape":["https:\/\/arantv.az\/wp-content\/uploads\/2021\/07\/3b036b87162565470283551835310205703.jpg",975,540,false],"portraits":["https:\/\/arantv.az\/wp-content\/uploads\/2021\/07\/3b036b87162565470283551835310205703.jpg",975,540,false],"thumbnail":["https:\/\/arantv.az\/wp-content\/uploads\/2021\/07\/3b036b87162565470283551835310205703-500x280.jpg",500,280,true],"medium":["https:\/\/arantv.az\/wp-content\/uploads\/2021\/07\/3b036b87162565470283551835310205703-660x365.jpg",660,365,true],"large":["https:\/\/arantv.az\/wp-content\/uploads\/2021\/07\/3b036b87162565470283551835310205703-840x465.jpg",640,354,true],"1536x1536":["https:\/\/arantv.az\/wp-content\/uploads\/2021\/07\/3b036b87162565470283551835310205703.jpg",975,540,false],"2048x2048":["https:\/\/arantv.az\/wp-content\/uploads\/2021\/07\/3b036b87162565470283551835310205703.jpg",975,540,false],"post-thumbnail":["https:\/\/arantv.az\/wp-content\/uploads\/2021\/07\/3b036b87162565470283551835310205703-240x172.jpg",240,172,true],"advps-thumb-one":["https:\/\/arantv.az\/wp-content\/uploads\/2021\/07\/3b036b87162565470283551835310205703.jpg",975,540,false]},"rttpg_author":{"display_name":"V\u00fcsal Rafiqo\u011flu","author_link":"https:\/\/arantv.az\/?author=2"},"rttpg_comment":0,"rttpg_category":"<a href=\"https:\/\/arantv.az\/?cat=4\" rel=\"category\">Siyas\u0259t<\/a>","rttpg_excerpt":"Yax\u0131n aylarda A\u011fdamda yerli v\u0259 xarici investorlar\u0131n i\u015ftirak\u0131 il\u0259 b\u00f6y\u00fck biznes forumun ke\u00e7irilm\u0259si n\u0259z\u0259rd\u0259 tutulub. ARANTV.AZ\u00a0 x\u0259b\u0259r verir ki,\u00a0bunu\u00a0\u201cReport\u201da ekskl\u00fcziv a\u00e7\u0131qlamas\u0131nda A\u011fdam rayonunun i\u015f\u011faldan azad edilmi\u015f hiss\u0259sind\u0259 Prezidentin x\u00fcsusi n\u00fcmay\u0259nd\u0259si\u00a0Emin H\u00fcseynov\u00a0deyib. O, h\u0259m\u00e7inin \u0259lav\u0259 edib ki, sahibkarlar A\u011fdamda t\u0259kc\u0259 d\u00f6vl\u0259t sifari\u015fli layih\u0259l\u0259rd\u0259 deyil, h\u0259m\u00e7inin investisiya y\u00f6n\u00fcml\u00fc layih\u0259l\u0259rd\u0259 d\u0259 i\u015ftirak ed\u0259 bil\u0259c\u0259kl\u0259r: &#8220;\u0130\u015f adamlar\u0131 \u00f6z\u0259l sektorun&hellip;","_links":{"self":[{"href":"https:\/\/arantv.az\/index.php?rest_route=\/wp\/v2\/posts\/355029"}],"collection":[{"href":"https:\/\/arantv.az\/index.php?rest_route=\/wp\/v2\/posts"}],"about":[{"href":"https:\/\/arantv.az\/index.php?rest_route=\/wp\/v2\/types\/post"}],"author":[{"embeddable":true,"href":"https:\/\/arantv.az\/index.php?rest_route=\/wp\/v2\/users\/2"}],"replies":[{"embeddable":true,"href":"https:\/\/arantv.az\/index.php?rest_route=%2Fwp%2Fv2%2Fcomments&post=355029"}],"version-history":[{"count":0,"href":"https:\/\/arantv.az\/index.php?rest_route=\/wp\/v2\/posts\/355029\/revisions"}],"wp:featuredmedia":[{"embeddable":true,"href":"https:\/\/arantv.az\/index.php?rest_route=\/wp\/v2\/media\/355030"}],"wp:attachment":[{"href":"https:\/\/arantv.az\/index.php?rest_route=%2Fwp%2Fv2%2Fmedia&parent=355029"}],"wp:term":[{"taxonomy":"category","embeddable":true,"href":"https:\/\/arantv.az\/index.php?rest_route=%2Fwp%2Fv2%2Fcategories&post=355029"},{"taxonomy":"post_tag","embeddable":true,"href":"https:\/\/arantv.az\/index.php?rest_route=%2Fwp%2Fv2%2Ftags&post=355029"}],"curies":[{"name":"wp","href":"https:\/\/api.w.org\/{rel}","templated":true}]}}