{"id":355032,"date":"2021-07-07T13:50:45","date_gmt":"2021-07-07T10:50:45","guid":{"rendered":"http:\/\/arantv.az\/?p=355032"},"modified":"2021-07-07T13:50:45","modified_gmt":"2021-07-07T10:50:45","slug":"bakida-yuk-avtomobili-s%c9%99rnisin-avtobusuna-cirpildi-video","status":"publish","type":"post","link":"https:\/\/arantv.az\/?p=355032","title":{"rendered":"Bak\u0131da y\u00fck avtomobili s\u0259rni\u015fin avtobusuna \u00e7\u0131rp\u0131ld\u0131 &#8211; V\u0130DEO"},"content":{"rendered":"<article class=\"news\">\n<div class=\"news-inner\">\n<p>Bak\u0131da s\u0259rni\u015fin avtobusunun i\u015ftirak\u0131 il\u0259 yol n\u0259qliyyat hadis\u0259si ba\u015f verib.<\/p>\n<p><strong>ARANTV.AZ<\/strong>\u00a0x\u0259b\u0259r verir ki, bununla ba\u011fl\u0131 g\u00f6r\u00fcnt\u00fcl\u0259r sosial \u015f\u0259b\u0259k\u0259d\u0259 yay\u0131l\u0131b.<\/p>\n<div id=\"AdviadNativeVideo0\" class=\"AdviadNativeVideo\"><\/div>\n<p>G\u00f6r\u00fcnt\u00fcl\u0259rin Pir\u015fa\u011f\u0131-Novxan\u0131 yolunda qeyd\u0259 al\u0131nd\u0131\u011f\u0131 bildirilir.<\/p>\n<p>Q\u0259za zaman\u0131 \u201cMercedes\u201d markal\u0131 y\u00fck avtomobili il\u0259 \u201cDaewoo\u201d markal\u0131 s\u0259rni\u015fin avtobusu toqqu\u015fub.<\/p>\n<p>H\u0259min q\u0259zan\u0131n g\u00f6r\u00fcnt\u00fcl\u0259rini t\u0259qdim edirik:<\/p>\n<div><iframe loading=\"lazy\" src=\"https:\/\/player.baku.tv\/embed\/40835\" width=\"560\" height=\"315\" frameborder=\"0\" allowfullscreen=\"allowfullscreen\" data-mce-fragment=\"1\"><\/iframe><\/div>\n<\/div>\n<\/article>\n<h2 class=\"news-share-title\"><\/h2>\n","protected":false},"excerpt":{"rendered":"<p>Bak\u0131da s\u0259rni\u015fin avtobusunun i\u015ftirak\u0131 il\u0259 yol n\u0259qliyyat hadis\u0259si ba\u015f verib. ARANTV.AZ\u00a0x\u0259b\u0259r verir ki, bununla ba\u011fl\u0131 g\u00f6r\u00fcnt\u00fcl\u0259r sosial \u015f\u0259b\u0259k\u0259d\u0259 yay\u0131l\u0131b. G\u00f6r\u00fcnt\u00fcl\u0259rin Pir\u015fa\u011f\u0131-Novxan\u0131 yolunda qeyd\u0259 al\u0131nd\u0131\u011f\u0131 bildirilir. Q\u0259za zaman\u0131 \u201cMercedes\u201d markal\u0131 y\u00fck avtomobili il\u0259 \u201cDaewoo\u201d markal\u0131 s\u0259rni\u015fin avtobusu toqqu\u015fub. H\u0259min q\u0259zan\u0131n g\u00f6r\u00fcnt\u00fcl\u0259rini t\u0259qdim edirik:<\/p>\n","protected":false},"author":2,"featured_media":355033,"comment_status":"closed","ping_status":"closed","sticky":false,"template":"","format":"standard","meta":{"om_disable_all_campaigns":false,"_monsterinsights_skip_tracking":false,"_monsterinsights_sitenote_active":false,"_monsterinsights_sitenote_note":"","_monsterinsights_sitenote_category":0},"categories":[5],"tags":[],"aioseo_notices":[],"gutentor_comment":0,"rttpg_featured_image_url":{"full":["https:\/\/arantv.az\/wp-content\/uploads\/2021\/07\/204567171_288147246000347_4859058753012612818_n.jpg",620,349,false],"landscape":["https:\/\/arantv.az\/wp-content\/uploads\/2021\/07\/204567171_288147246000347_4859058753012612818_n.jpg",620,349,false],"portraits":["https:\/\/arantv.az\/wp-content\/uploads\/2021\/07\/204567171_288147246000347_4859058753012612818_n.jpg",620,349,false],"thumbnail":["https:\/\/arantv.az\/wp-content\/uploads\/2021\/07\/204567171_288147246000347_4859058753012612818_n-500x280.jpg",500,280,true],"medium":["https:\/\/arantv.az\/wp-content\/uploads\/2021\/07\/204567171_288147246000347_4859058753012612818_n.jpg",620,349,false],"large":["https:\/\/arantv.az\/wp-content\/uploads\/2021\/07\/204567171_288147246000347_4859058753012612818_n.jpg",620,349,false],"1536x1536":["https:\/\/arantv.az\/wp-content\/uploads\/2021\/07\/204567171_288147246000347_4859058753012612818_n.jpg",620,349,false],"2048x2048":["https:\/\/arantv.az\/wp-content\/uploads\/2021\/07\/204567171_288147246000347_4859058753012612818_n.jpg",620,349,false],"post-thumbnail":["https:\/\/arantv.az\/wp-content\/uploads\/2021\/07\/204567171_288147246000347_4859058753012612818_n-240x172.jpg",240,172,true],"advps-thumb-one":["https:\/\/arantv.az\/wp-content\/uploads\/2021\/07\/204567171_288147246000347_4859058753012612818_n.jpg",620,349,false]},"rttpg_author":{"display_name":"V\u00fcsal Rafiqo\u011flu","author_link":"https:\/\/arantv.az\/?author=2"},"rttpg_comment":0,"rttpg_category":"<a href=\"https:\/\/arantv.az\/?cat=5\" rel=\"category\">Hadis\u0259<\/a>","rttpg_excerpt":"Bak\u0131da s\u0259rni\u015fin avtobusunun i\u015ftirak\u0131 il\u0259 yol n\u0259qliyyat hadis\u0259si ba\u015f verib. ARANTV.AZ\u00a0x\u0259b\u0259r verir ki, bununla ba\u011fl\u0131 g\u00f6r\u00fcnt\u00fcl\u0259r sosial \u015f\u0259b\u0259k\u0259d\u0259 yay\u0131l\u0131b. G\u00f6r\u00fcnt\u00fcl\u0259rin Pir\u015fa\u011f\u0131-Novxan\u0131 yolunda qeyd\u0259 al\u0131nd\u0131\u011f\u0131 bildirilir. Q\u0259za zaman\u0131 \u201cMercedes\u201d markal\u0131 y\u00fck avtomobili il\u0259 \u201cDaewoo\u201d markal\u0131 s\u0259rni\u015fin avtobusu toqqu\u015fub. H\u0259min q\u0259zan\u0131n g\u00f6r\u00fcnt\u00fcl\u0259rini t\u0259qdim edirik:","_links":{"self":[{"href":"https:\/\/arantv.az\/index.php?rest_route=\/wp\/v2\/posts\/355032"}],"collection":[{"href":"https:\/\/arantv.az\/index.php?rest_route=\/wp\/v2\/posts"}],"about":[{"href":"https:\/\/arantv.az\/index.php?rest_route=\/wp\/v2\/types\/post"}],"author":[{"embeddable":true,"href":"https:\/\/arantv.az\/index.php?rest_route=\/wp\/v2\/users\/2"}],"replies":[{"embeddable":true,"href":"https:\/\/arantv.az\/index.php?rest_route=%2Fwp%2Fv2%2Fcomments&post=355032"}],"version-history":[{"count":0,"href":"https:\/\/arantv.az\/index.php?rest_route=\/wp\/v2\/posts\/355032\/revisions"}],"wp:featuredmedia":[{"embeddable":true,"href":"https:\/\/arantv.az\/index.php?rest_route=\/wp\/v2\/media\/355033"}],"wp:attachment":[{"href":"https:\/\/arantv.az\/index.php?rest_route=%2Fwp%2Fv2%2Fmedia&parent=355032"}],"wp:term":[{"taxonomy":"category","embeddable":true,"href":"https:\/\/arantv.az\/index.php?rest_route=%2Fwp%2Fv2%2Fcategories&post=355032"},{"taxonomy":"post_tag","embeddable":true,"href":"https:\/\/arantv.az\/index.php?rest_route=%2Fwp%2Fv2%2Ftags&post=355032"}],"curies":[{"name":"wp","href":"https:\/\/api.w.org\/{rel}","templated":true}]}}